{"id":402044,"date":"2024-02-12T12:02:40","date_gmt":"2024-02-12T15:02:40","guid":{"rendered":"https:\/\/notinor.com\/jujuy\/?p=402044"},"modified":"2024-02-12T12:02:41","modified_gmt":"2024-02-12T15:02:41","slug":"carnaval-seguro-jujuy-desplego-un-operativo-policial-con-mas-de-4-300-efectivos","status":"publish","type":"post","link":"https:\/\/notinor.com\/jujuy\/carnaval-seguro-jujuy-desplego-un-operativo-policial-con-mas-de-4-300-efectivos\/","title":{"rendered":"Carnaval Seguro: Jujuy despleg\u00f3 un operativo policial con m\u00e1s de 4.300 efectivos"},"content":{"rendered":"\n<p class=\"has-medium-font-size\"><strong><em>La presencia policial ser\u00e1 respaldada por el uso estrat\u00e9gico de c\u00e1maras del Sistema de Monitoreo 911, que permite realizar un control interrumpido las 24 horas.<\/em><\/strong><\/p>\n\n\n<div class=\"wp-block-image\">\n<figure class=\"aligncenter size-large\"><img decoding=\"async\" loading=\"lazy\" width=\"840\" height=\"378\" src=\"https:\/\/notinor.com\/jujuy\/wp-content\/uploads\/2024\/02\/image-14-840x378.png\" alt=\"\" class=\"wp-image-402045\" srcset=\"https:\/\/notinor.com\/jujuy\/wp-content\/uploads\/2024\/02\/image-14-840x378.png 840w, https:\/\/notinor.com\/jujuy\/wp-content\/uploads\/2024\/02\/image-14-660x297.png 660w, https:\/\/notinor.com\/jujuy\/wp-content\/uploads\/2024\/02\/image-14-768x346.png 768w, https:\/\/notinor.com\/jujuy\/wp-content\/uploads\/2024\/02\/image-14-750x338.png 750w, https:\/\/notinor.com\/jujuy\/wp-content\/uploads\/2024\/02\/image-14-1140x513.png 1140w, https:\/\/notinor.com\/jujuy\/wp-content\/uploads\/2024\/02\/image-14.png 1200w\" sizes=\"(max-width: 840px) 100vw, 840px\" \/><\/figure><\/div>\n\n\n<p><\/p>\n\n\n\n<p><strong>Con motivo de las fiestas de Carnaval en Jujuy, el Ministerio de Seguridad provincial coordin\u00f3 un plan de prevenci\u00f3n <\/strong>para garantizar que los eventos culturales se desarrollen con normalidad.<\/p>\n\n\n\n<p><strong>Durante todo el fin de semana largo, los operativos se intesifican<\/strong> en la zona norte de la provincial, la capital y Yungas, con el fin de que se respete y cumpla el C\u00f3digo Contravencional para evitar infracciones.<\/p>\n\n\n\n<p><strong>En cuanto al personal abocado al operativo de seguridad, se encuentran afectados 4.500 efectivos<\/strong>, adem\u00e1s de la polic\u00eda tur\u00edstica y distintos cuerpos especiales de Bomberos, la Direcci\u00f3n de Narcotr\u00e1fico, la Agencia de Delitos Complejos, Medicina y Sanidad Policial, Apoyo T\u00e1ctico y Direcci\u00f3n General de Emergencias, entre otros organismos gubernamentales.<\/p>\n\n\n\n<p><\/p>\n\n\n<div class=\"wp-block-image\">\n<figure class=\"aligncenter size-large\"><img decoding=\"async\" loading=\"lazy\" width=\"783\" height=\"480\" src=\"https:\/\/notinor.com\/jujuy\/wp-content\/uploads\/2024\/02\/image-15-783x480.png\" alt=\"\" class=\"wp-image-402046\" srcset=\"https:\/\/notinor.com\/jujuy\/wp-content\/uploads\/2024\/02\/image-15-783x480.png 783w, https:\/\/notinor.com\/jujuy\/wp-content\/uploads\/2024\/02\/image-15-595x365.png 595w, https:\/\/notinor.com\/jujuy\/wp-content\/uploads\/2024\/02\/image-15-768x471.png 768w, https:\/\/notinor.com\/jujuy\/wp-content\/uploads\/2024\/02\/image-15-750x460.png 750w, https:\/\/notinor.com\/jujuy\/wp-content\/uploads\/2024\/02\/image-15-1140x699.png 1140w, https:\/\/notinor.com\/jujuy\/wp-content\/uploads\/2024\/02\/image-15.png 1200w\" sizes=\"(max-width: 783px) 100vw, 783px\" \/><\/figure><\/div>\n\n\n<p><\/p>\n\n\n\n<p>De esta manera, adem\u00e1s de la presencia activa,<strong> Seguridad Vial trabaja de manera articulada con el Municipio de San Salvador <\/strong>en cortes de tr\u00e1nsito, circulaci\u00f3n por ruta nacional 9 y accesos al predio de Ciudad Cultural, incluyendo zona de estacionamiento, veh\u00edculos, patio de comidas, sector paradas de colectivos y otras calles adyacentes.\u00a0<\/p>\n\n\n\n<p><strong>Se replica el mismo dispositivo junto a comisiones y municipios del interior <\/strong>que tambi\u00e9n tienen participaci\u00f3n en el reordenamiento interno vehicular, ya que cuentan con personal capacitado y equipo tecnol\u00f3gico necesario para dicha tarea.\u00a0<\/p>\n\n\n\n<p>Finalmente, <strong>se trabaja en conjunto tambi\u00e9n con la Secretar\u00eda de Transporte, para llevar a cabo los respectivos controles<\/strong> a conductores de servicios regulares y de viajes especiales, desde la Terminal de \u00d3mnibus de San Salvador de Jujuy hasta los puntos terminales de cada uno de los servicios.\u00a0<\/p>\n\n\n\n<p><\/p>\n\n\n<div class=\"wp-block-image\">\n<figure class=\"aligncenter size-large\"><img decoding=\"async\" loading=\"lazy\" width=\"840\" height=\"440\" src=\"https:\/\/notinor.com\/jujuy\/wp-content\/uploads\/2024\/02\/image-16-840x440.png\" alt=\"\" class=\"wp-image-402047\" srcset=\"https:\/\/notinor.com\/jujuy\/wp-content\/uploads\/2024\/02\/image-16-840x440.png 840w, https:\/\/notinor.com\/jujuy\/wp-content\/uploads\/2024\/02\/image-16-660x345.png 660w, https:\/\/notinor.com\/jujuy\/wp-content\/uploads\/2024\/02\/image-16-768x402.png 768w, https:\/\/notinor.com\/jujuy\/wp-content\/uploads\/2024\/02\/image-16-750x393.png 750w, https:\/\/notinor.com\/jujuy\/wp-content\/uploads\/2024\/02\/image-16-1140x597.png 1140w, https:\/\/notinor.com\/jujuy\/wp-content\/uploads\/2024\/02\/image-16.png 1200w\" sizes=\"(max-width: 840px) 100vw, 840px\" \/><\/figure><\/div>\n\n\n<p><\/p>\n\n\n\n<p>Cabe resaltar que de forma simult\u00e1nea <strong>se implementan puestos viales de control e informaci\u00f3n en las rutas nacionales, provinciales y caminos <\/strong>asegurando el flujo ordenado y seguro de veh\u00edculos a los distintos puntos de la provincia, generando un ambiente propicio para el desarrollo de las festividades.<\/p>\n","protected":false},"excerpt":{"rendered":"<p>La presencia policial ser\u00e1 respaldada por el uso estrat\u00e9gico de c\u00e1maras del Sistema de Monitoreo 911, que permite realizar un control interrumpido las 24 horas. Con motivo de las fiestas de Carnaval en Jujuy, el Ministerio de Seguridad provincial coordin\u00f3 un plan de prevenci\u00f3n para garantizar que los eventos culturales se desarrollen con normalidad. Durante [&hellip;]<\/p>\n","protected":false},"author":51,"featured_media":402045,"comment_status":"open","ping_status":"open","sticky":false,"template":"","format":"standard","meta":{"_stopmodifiedupdate":false,"_modified_date":"","inline_featured_image":false,"spay_email":"","jetpack_publicize_message":""},"categories":[4],"tags":[],"jetpack_featured_media_url":"https:\/\/notinor.com\/jujuy\/wp-content\/uploads\/2024\/02\/image-14.png","jetpack_publicize_connections":[],"_links":{"self":[{"href":"https:\/\/notinor.com\/jujuy\/wp-json\/wp\/v2\/posts\/402044"}],"collection":[{"href":"https:\/\/notinor.com\/jujuy\/wp-json\/wp\/v2\/posts"}],"about":[{"href":"https:\/\/notinor.com\/jujuy\/wp-json\/wp\/v2\/types\/post"}],"author":[{"embeddable":true,"href":"https:\/\/notinor.com\/jujuy\/wp-json\/wp\/v2\/users\/51"}],"replies":[{"embeddable":true,"href":"https:\/\/notinor.com\/jujuy\/wp-json\/wp\/v2\/comments?post=402044"}],"version-history":[{"count":1,"href":"https:\/\/notinor.com\/jujuy\/wp-json\/wp\/v2\/posts\/402044\/revisions"}],"predecessor-version":[{"id":402048,"href":"https:\/\/notinor.com\/jujuy\/wp-json\/wp\/v2\/posts\/402044\/revisions\/402048"}],"wp:featuredmedia":[{"embeddable":true,"href":"https:\/\/notinor.com\/jujuy\/wp-json\/wp\/v2\/media\/402045"}],"wp:attachment":[{"href":"https:\/\/notinor.com\/jujuy\/wp-json\/wp\/v2\/media?parent=402044"}],"wp:term":[{"taxonomy":"category","embeddable":true,"href":"https:\/\/notinor.com\/jujuy\/wp-json\/wp\/v2\/categories?post=402044"},{"taxonomy":"post_tag","embeddable":true,"href":"https:\/\/notinor.com\/jujuy\/wp-json\/wp\/v2\/tags?post=402044"}],"curies":[{"name":"wp","href":"https:\/\/api.w.org\/{rel}","templated":true}]}}