{"id":402037,"date":"2024-02-12T11:42:15","date_gmt":"2024-02-12T14:42:15","guid":{"rendered":"https:\/\/notinor.com\/jujuy\/?p=402037"},"modified":"2024-02-12T11:50:01","modified_gmt":"2024-02-12T14:50:01","slug":"alerta-por-tormentas-en-jujuy-para-este-lunes-y-el-martes-las-zonas-afectadas","status":"publish","type":"post","link":"https:\/\/notinor.com\/jujuy\/alerta-por-tormentas-en-jujuy-para-este-lunes-y-el-martes-las-zonas-afectadas\/","title":{"rendered":"Alerta por tormentas en Jujuy para este lunes y el martes: las zonas afectadas"},"content":{"rendered":"\n<p class=\"has-medium-font-size\"><strong><em>El Servicio Meteorol\u00f3gico Nacional anunci\u00f3 un&nbsp;alerta amarilla&nbsp;por tormentas fuertes para varias localidades de Jujuy. Las condiciones rigen por 48 horas.<\/em><\/strong><\/p>\n\n\n<div class=\"wp-block-image\">\n<figure class=\"aligncenter size-full is-resized\"><img decoding=\"async\" loading=\"lazy\" src=\"https:\/\/notinor.com\/jujuy\/wp-content\/uploads\/2024\/02\/image-13.png\" alt=\"\" class=\"wp-image-402040\" width=\"765\" height=\"431\"\/><\/figure><\/div>\n\n\n<p><\/p>\n\n\n\n<p>El final de Carnaval llega con agua a Jujuy. <strong>El Servicio Meteorol\u00f3gico Nacional (SMN) anunci\u00f3 un&nbsp;alerta amarilla&nbsp;por tormentas fuertes <\/strong>para este lunes y martes. El anuncio <strong>abarca<\/strong> <strong>varias localidades de Jujuy y las condiciones rigen por 48 horas.<\/strong><\/p>\n\n\n\n<p><strong>El alerta amarilla significa que el \u00e1rea ser\u00e1 afectada por tormentas, algunas localmente fuertes.<\/strong> Las mismas podr\u00e1n estar acompa\u00f1adas por abundante ca\u00edda de agua en cortos per\u00edodos, ocasional ca\u00edda de granizo, actividad el\u00e9ctrica fuerte y r\u00e1fagas que pueden superar los 70 km\/h. <strong>Se prev\u00e9n valores de precipitaci\u00f3n acumulada entre 30 y 45 mm, pudiendo ser superados en forma puntual.<\/strong><\/p>\n\n\n\n<p>Seg\u00fan anticip\u00f3 el SMN, para este lunes feriado de Carnaval,<strong> las zonas en donde se pueden producir las lluvias son:&nbsp;<\/strong>Puna de Cochinoca - Puna de Humahuaca - Puna de Rinconada - Puna de Santa Catalina - Puna de Tilcara - Puna de Tumbaya \u2013 Yavi. Tambi\u00e9n se suman la&nbsp;Zona monta\u00f1osa de Doctor Manuel Belgrano - Zona monta\u00f1osa de Humahuaca - Zona monta\u00f1osa de Tilcara - Zona monta\u00f1osa de Tumbaya.<\/p>\n\n\n\n<p><\/p>\n\n\n<div class=\"wp-block-image\">\n<figure class=\"aligncenter size-large\"><img decoding=\"async\" loading=\"lazy\" width=\"840\" height=\"473\" src=\"https:\/\/notinor.com\/jujuy\/wp-content\/uploads\/2024\/02\/image-12-840x473.png\" alt=\"\" class=\"wp-image-402039\" srcset=\"https:\/\/notinor.com\/jujuy\/wp-content\/uploads\/2024\/02\/image-12-840x473.png 840w, https:\/\/notinor.com\/jujuy\/wp-content\/uploads\/2024\/02\/image-12-648x365.png 648w, https:\/\/notinor.com\/jujuy\/wp-content\/uploads\/2024\/02\/image-12-768x432.png 768w, https:\/\/notinor.com\/jujuy\/wp-content\/uploads\/2024\/02\/image-12-750x422.png 750w, https:\/\/notinor.com\/jujuy\/wp-content\/uploads\/2024\/02\/image-12.png 970w\" sizes=\"(max-width: 840px) 100vw, 840px\" \/><\/figure><\/div>\n\n\n<p><\/p>\n\n\n\n<p><strong>En cuanto a las temperaturas, para hoy est\u00e1 anunciada una m\u00ednima de&nbsp;20\u00ba&nbsp;y una m\u00e1xima que alcanzar\u00eda los&nbsp;28\u00ba.<\/strong> Por la ma\u00f1ana el cielo permanecer\u00e1 mayormente nublado, mientras que por la tarde-noche se espera la llegada de las tormentas fuertes.<\/p>\n\n\n\n<p><strong>En lo que respecta al&nbsp;martes 13 de febrero, \u00faltimo d\u00eda del fin de semana largo, las zonas afectadas por el alerta amarilla ser\u00e1n:<\/strong> Zona monta\u00f1osa de Doctor Manuel Belgrano - Zona monta\u00f1osa de Humahuaca - Zona monta\u00f1osa de Tilcara - Zona monta\u00f1osa de Tumbaya - El Carmen - Ledesma - Palpal\u00e1 - San Antonio - San Pedro - Santa B\u00e1rbara - Valle Grande - Zona baja de Doctor Manuel Belgrano - Zona baja de Tilcara.<\/p>\n\n\n\n<p>En este caso, <strong>la m\u00ednima anunciada ser\u00e1 de\u00a019\u00ba, mientras que la m\u00e1xima descender\u00e1 notablemente, ya que no superar\u00eda los\u00a022\u00ba.<\/strong> Las tormentas fuertes se dar\u00e1n durante la madrugada y parte de la ma\u00f1ana, mientras que por la tarde-noche ser\u00e1n de menor intensidad (pero todo el d\u00eda se va a mantener la inestabilidad).<\/p>\n\n\n\n<p><strong>Adem\u00e1s, otras zonas del pa\u00eds est\u00e1n bajo alerta:<\/strong> la Ciudad y Provincia de Buenos Aires (por la ma\u00f1ana), La Pampa (igual caso que el anterior) y Entre R\u00edos, Corrientes, Santa Fe y Chaco (para el martes a la tarde y noche).<a href=\"https:\/\/www.todojujuy.com\/jujuy\/alerta-tormentas-jujuy-cuando-y-que-zonas-seran-afectadas-n246102#comments\"><\/a><\/p>\n","protected":false},"excerpt":{"rendered":"<p>El Servicio Meteorol\u00f3gico Nacional anunci\u00f3 un&nbsp;alerta amarilla&nbsp;por tormentas fuertes para varias localidades de Jujuy. Las condiciones rigen por 48 horas. El final de Carnaval llega con agua a Jujuy. El Servicio Meteorol\u00f3gico Nacional (SMN) anunci\u00f3 un&nbsp;alerta amarilla&nbsp;por tormentas fuertes para este lunes y martes. El anuncio abarca varias localidades de Jujuy y las condiciones rigen [&hellip;]<\/p>\n","protected":false},"author":51,"featured_media":402040,"comment_status":"open","ping_status":"open","sticky":false,"template":"","format":"standard","meta":{"_stopmodifiedupdate":false,"_modified_date":"","inline_featured_image":false,"spay_email":"","jetpack_publicize_message":""},"categories":[2,4],"tags":[],"jetpack_featured_media_url":"https:\/\/notinor.com\/jujuy\/wp-content\/uploads\/2024\/02\/image-13.png","jetpack_publicize_connections":[],"_links":{"self":[{"href":"https:\/\/notinor.com\/jujuy\/wp-json\/wp\/v2\/posts\/402037"}],"collection":[{"href":"https:\/\/notinor.com\/jujuy\/wp-json\/wp\/v2\/posts"}],"about":[{"href":"https:\/\/notinor.com\/jujuy\/wp-json\/wp\/v2\/types\/post"}],"author":[{"embeddable":true,"href":"https:\/\/notinor.com\/jujuy\/wp-json\/wp\/v2\/users\/51"}],"replies":[{"embeddable":true,"href":"https:\/\/notinor.com\/jujuy\/wp-json\/wp\/v2\/comments?post=402037"}],"version-history":[{"count":2,"href":"https:\/\/notinor.com\/jujuy\/wp-json\/wp\/v2\/posts\/402037\/revisions"}],"predecessor-version":[{"id":402043,"href":"https:\/\/notinor.com\/jujuy\/wp-json\/wp\/v2\/posts\/402037\/revisions\/402043"}],"wp:featuredmedia":[{"embeddable":true,"href":"https:\/\/notinor.com\/jujuy\/wp-json\/wp\/v2\/media\/402040"}],"wp:attachment":[{"href":"https:\/\/notinor.com\/jujuy\/wp-json\/wp\/v2\/media?parent=402037"}],"wp:term":[{"taxonomy":"category","embeddable":true,"href":"https:\/\/notinor.com\/jujuy\/wp-json\/wp\/v2\/categories?post=402037"},{"taxonomy":"post_tag","embeddable":true,"href":"https:\/\/notinor.com\/jujuy\/wp-json\/wp\/v2\/tags?post=402037"}],"curies":[{"name":"wp","href":"https:\/\/api.w.org\/{rel}","templated":true}]}}