{"id":402030,"date":"2024-02-10T10:09:45","date_gmt":"2024-02-10T13:09:45","guid":{"rendered":"https:\/\/notinor.com\/jujuy\/?p=402030"},"modified":"2024-02-10T10:10:47","modified_gmt":"2024-02-10T13:10:47","slug":"actividades-de-carnaval-para-disfrutar-el-fin-de-semana-largo-en-la-capital-jujena","status":"publish","type":"post","link":"https:\/\/notinor.com\/jujuy\/actividades-de-carnaval-para-disfrutar-el-fin-de-semana-largo-en-la-capital-jujena\/","title":{"rendered":"Actividades de Carnaval para disfrutar el fin de semana largo en la capital juje\u00f1a"},"content":{"rendered":"\n<p class=\"has-medium-font-size\"><strong><em>Este s\u00e1bado arranca el fin de semana largo, que se extender\u00e1 hasta el martes inclusive. En la provincia, los festejos arrancaron con el tradicional Jueves de Comadres en villa tur\u00edstica de Reyes, seguido de city tours en el casco c\u00e9ntrico, degustaci\u00f3n de vinos y espect\u00e1culos musicales.<\/em><\/strong><\/p>\n\n\n<div class=\"wp-block-image\">\n<figure class=\"aligncenter is-resized\"><img decoding=\"async\" loading=\"lazy\" src=\"https:\/\/us.cdn.eltribuno.com\/022018\/1518044916252.webp?cw=1155&amp;ch=650&amp;extw=jpg\" alt=\"Actividades de carnaval para disfrutar el fin de semana en la capital juje\u00f1a\" width=\"-132\" height=\"-74\" title=\"Actividades de carnaval para disfrutar el fin de semana en la capital juje\u00f1a\"\/><\/figure><\/div>\n\n\n<p><\/p>\n\n\n\n<p><strong>Este s\u00e1bado arranca el fin de semana largo de Carnaval, que se extender\u00e1 hasta el martes inclusive.<\/strong> La Direcci\u00f3n de Turismo de la Municipalidad de San Salvador de Jujuy prepar\u00f3 una agenda para que residentes y visitantes participen de de actividades carnavalescas. <\/p>\n\n\n\n<p><strong>En la provincia, los festejos arrancaron el jueves con el tradicional Jueves de Comadres <\/strong><a href=\"https:\/\/notinor.com\/jujuy\/comadres-festejaron-su-dia-en-casa-de-gobierno\/\" target=\"_blank\" rel=\"noreferrer noopener\">en la pintoresca villa tur\u00edstica de Reyes.<\/a> Habr\u00e1 de city tours en el casco c\u00e9ntrico, degustaci\u00f3n de vinos y espect\u00e1culos musicales para disfrutar en familia.<\/p>\n\n\n\n<p>Con m\u00e1s detalles sobre las festividades, Gabriela Canoniero, directora de Turismo de la Secretar\u00eda de Cultura y Turismo, comparti\u00f3 informaci\u00f3n acerca de la agenda de actividades para este fin de semana. Entre las propuestas,<strong> se ofrecer\u00e1n recorridos tur\u00edsticos guiados por el casco c\u00e9ntrico a las 10 y 17 horas durante todo el fin de semana.<\/strong><\/p>\n\n\n\n<p><\/p>\n\n\n<div class=\"wp-block-image\">\n<figure class=\"aligncenter size-large\"><img decoding=\"async\" loading=\"lazy\" width=\"840\" height=\"473\" src=\"https:\/\/notinor.com\/jujuy\/wp-content\/uploads\/2024\/02\/image-11-840x473.png\" alt=\"\" class=\"wp-image-402032\" srcset=\"https:\/\/notinor.com\/jujuy\/wp-content\/uploads\/2024\/02\/image-11-840x473.png 840w, https:\/\/notinor.com\/jujuy\/wp-content\/uploads\/2024\/02\/image-11-649x365.png 649w, https:\/\/notinor.com\/jujuy\/wp-content\/uploads\/2024\/02\/image-11-768x432.png 768w, https:\/\/notinor.com\/jujuy\/wp-content\/uploads\/2024\/02\/image-11-750x422.png 750w, https:\/\/notinor.com\/jujuy\/wp-content\/uploads\/2024\/02\/image-11-1140x641.png 1140w, https:\/\/notinor.com\/jujuy\/wp-content\/uploads\/2024\/02\/image-11.png 1200w\" sizes=\"(max-width: 840px) 100vw, 840px\" \/><\/figure><\/div>\n\n\n<p><\/p>\n\n\n\n<p><strong>As\u00ed, hasta el martes 13, se llevar\u00e1n a cabo recorridos por el centro hist\u00f3rico, partiendo desde la Oficina de Informaci\u00f3n Tur\u00edstica del Paseo de Artesanos en Av. Urquiza 410,<\/strong> a cargo de gu\u00edas municipales y de manera gratuita. <\/p>\n\n\n\n<p><strong>Y desde las 17 horas, habr\u00e1 m\u00e1s tours, pero con costo adicional.<\/strong> Ser\u00e1n organizados por la Asociaci\u00f3n de Gu\u00edas y p<strong>artir\u00e1n desde el Atrio de la Iglesia Catedral (Belgrano esquina Sarmiento).<\/strong><\/p>\n\n\n\n<p>Canoniero tambi\u00e9n destac\u00f3 una atractiva propuesta para<strong> el domingo 11 y lunes 12: la primera bodega urbana de la ciudad, Antropo Wine, presentar\u00e1 el evento \u201cCarnaval y Vino\u201d.<\/strong> Incluir\u00e1 degustaci\u00f3n de vinos, recepci\u00f3n de vermut y otras actividades de 18.30 a 20.30, con una experiencia previa a las festividades nocturnas.<\/p>\n\n\n\n<p><\/p>\n\n\n<div class=\"wp-block-image\">\n<figure class=\"aligncenter size-large\"><img decoding=\"async\" loading=\"lazy\" width=\"735\" height=\"480\" src=\"https:\/\/notinor.com\/jujuy\/wp-content\/uploads\/2024\/02\/image-10-735x480.png\" alt=\"\" class=\"wp-image-402031\" srcset=\"https:\/\/notinor.com\/jujuy\/wp-content\/uploads\/2024\/02\/image-10-735x480.png 735w, https:\/\/notinor.com\/jujuy\/wp-content\/uploads\/2024\/02\/image-10-559x365.png 559w, https:\/\/notinor.com\/jujuy\/wp-content\/uploads\/2024\/02\/image-10-768x502.png 768w, https:\/\/notinor.com\/jujuy\/wp-content\/uploads\/2024\/02\/image-10-750x490.png 750w, https:\/\/notinor.com\/jujuy\/wp-content\/uploads\/2024\/02\/image-10.png 980w\" sizes=\"(max-width: 735px) 100vw, 735px\" \/><\/figure><\/div>\n\n\n<p><\/p>\n\n\n\n<p>Al respecto, Canoniero afirm\u00f3: \u201c<strong>Hemos organizado una agenda interesante y entretenida con una variada oferta gastron\u00f3mica y shows musicales.<\/strong> Tanto turistas como residentes juje\u00f1os podr\u00e1n aprovechar y disfrutar del fin de semana, con visitas a sitios patrimoniales y museos que contar\u00e1n con horarios especiales de atenci\u00f3n al p\u00fablico para garantizar el mejor disfrute\u201d.<\/p>\n\n\n\n<p>Adem\u00e1s, <strong>el Paseo Sarmiento estar\u00e1 habilitado este s\u00e1bado y domingo, ofreciendo lo mejor de la gastronom\u00eda y con bares que abrir\u00e1n de 20 a 01 de la madrugada.<\/strong><\/p>\n\n\n\n<p>La funcionaria municipal resalt\u00f3 que<strong> la informaci\u00f3n detallada de los eventos mencionados est\u00e1 disponible en los sitios de turismo de la ciudad, Turismo Jujuy Ciudad, tanto en Instagram como en Facebook. <\/strong><\/p>\n","protected":false},"excerpt":{"rendered":"<p>Este s\u00e1bado arranca el fin de semana largo, que se extender\u00e1 hasta el martes inclusive. En la provincia, los festejos arrancaron con el tradicional Jueves de Comadres en villa tur\u00edstica de Reyes, seguido de city tours en el casco c\u00e9ntrico, degustaci\u00f3n de vinos y espect\u00e1culos musicales. Este s\u00e1bado arranca el fin de semana largo de [&hellip;]<\/p>\n","protected":false},"author":51,"featured_media":402033,"comment_status":"open","ping_status":"open","sticky":false,"template":"","format":"standard","meta":{"_stopmodifiedupdate":false,"_modified_date":"","inline_featured_image":false,"spay_email":"","jetpack_publicize_message":""},"categories":[2,832],"tags":[],"jetpack_featured_media_url":"https:\/\/notinor.com\/jujuy\/wp-content\/uploads\/2024\/02\/Carnaval-Jujuy.png","jetpack_publicize_connections":[],"_links":{"self":[{"href":"https:\/\/notinor.com\/jujuy\/wp-json\/wp\/v2\/posts\/402030"}],"collection":[{"href":"https:\/\/notinor.com\/jujuy\/wp-json\/wp\/v2\/posts"}],"about":[{"href":"https:\/\/notinor.com\/jujuy\/wp-json\/wp\/v2\/types\/post"}],"author":[{"embeddable":true,"href":"https:\/\/notinor.com\/jujuy\/wp-json\/wp\/v2\/users\/51"}],"replies":[{"embeddable":true,"href":"https:\/\/notinor.com\/jujuy\/wp-json\/wp\/v2\/comments?post=402030"}],"version-history":[{"count":2,"href":"https:\/\/notinor.com\/jujuy\/wp-json\/wp\/v2\/posts\/402030\/revisions"}],"predecessor-version":[{"id":402036,"href":"https:\/\/notinor.com\/jujuy\/wp-json\/wp\/v2\/posts\/402030\/revisions\/402036"}],"wp:featuredmedia":[{"embeddable":true,"href":"https:\/\/notinor.com\/jujuy\/wp-json\/wp\/v2\/media\/402033"}],"wp:attachment":[{"href":"https:\/\/notinor.com\/jujuy\/wp-json\/wp\/v2\/media?parent=402030"}],"wp:term":[{"taxonomy":"category","embeddable":true,"href":"https:\/\/notinor.com\/jujuy\/wp-json\/wp\/v2\/categories?post=402030"},{"taxonomy":"post_tag","embeddable":true,"href":"https:\/\/notinor.com\/jujuy\/wp-json\/wp\/v2\/tags?post=402030"}],"curies":[{"name":"wp","href":"https:\/\/api.w.org\/{rel}","templated":true}]}}