{"id":402019,"date":"2024-02-10T09:50:02","date_gmt":"2024-02-10T12:50:02","guid":{"rendered":"https:\/\/notinor.com\/jujuy\/?p=402019"},"modified":"2024-02-10T09:57:01","modified_gmt":"2024-02-10T12:57:01","slug":"javier-milei-define-a-la-distancia-una-reforma-del-gobierno-que-iniciara-cuando-vuelva-de-roma","status":"publish","type":"post","link":"https:\/\/notinor.com\/jujuy\/javier-milei-define-a-la-distancia-una-reforma-del-gobierno-que-iniciara-cuando-vuelva-de-roma\/","title":{"rendered":"Milei define a la distancia una reforma del Gobierno que iniciar\u00e1 cuando vuelva de Roma"},"content":{"rendered":"\n<p class=\"has-medium-font-size\"><em><strong>El Presidente se a\u00edsla para tomar decisiones sobre la situaci\u00f3n econ\u00f3mica frente a un bloque opositor de gobernadores, intendentes y legisladores de distintos partidos que exigen una inmediata mesa de negociaci\u00f3n<\/strong>.<\/em><\/p>\n\n\n<div class=\"wp-block-image\">\n<figure class=\"aligncenter size-large\"><img decoding=\"async\" loading=\"lazy\" width=\"720\" height=\"480\" src=\"https:\/\/notinor.com\/jujuy\/wp-content\/uploads\/2024\/02\/image-6-720x480.png\" alt=\"\" class=\"wp-image-402022\" srcset=\"https:\/\/notinor.com\/jujuy\/wp-content\/uploads\/2024\/02\/image-6-720x480.png 720w, https:\/\/notinor.com\/jujuy\/wp-content\/uploads\/2024\/02\/image-6-548x365.png 548w, https:\/\/notinor.com\/jujuy\/wp-content\/uploads\/2024\/02\/image-6-750x500.png 750w, https:\/\/notinor.com\/jujuy\/wp-content\/uploads\/2024\/02\/image-6.png 768w\" sizes=\"(max-width: 720px) 100vw, 720px\" \/><\/figure><\/div>\n\n\n<p><\/p>\n\n\n\n<p><strong>En soledad, Javier Milei prepara un profundo cambio de gobierno que ejecutar\u00e1 en su regreso de Roma hacia Buenos Aires.<\/strong> No ten\u00eda intenciones de echar a Osvaldo Giordano y Flavia Roy\u00f3n tres d\u00edas antes de su audiencia con el Papa Francisco, pero sinti\u00f3 que \u201cera el momento\u201d y <a href=\"https:\/\/notinor.com\/jujuy\/milei-echo-a-giordano-de-la-anses-y-a-royon-de-mineria-en-medio-de-la-crisis-con-las-provincias\/\" target=\"_blank\" rel=\"noreferrer noopener\">defini\u00f3 sus renuncias cuando regres\u00f3 de una visita guiada al Coliseo.<\/a><\/p>\n\n\n\n<p>El Presidente aplica la Teor\u00eda de los Juegos para analizar el tablero pol\u00edtico nacional y<strong> fija una t\u00e1ctica que va cambiando con el discurrir de su propia perspectiva de la realidad. <\/strong>Milei establece un concepto de \u00e1rbol al dise\u00f1ar una acci\u00f3n pol\u00edtica, y desde all\u00ed define distintas ramas de acci\u00f3n que por ahora se apoyan en este fundamento principal: <strong>como se lleg\u00f3 al d\u00e9ficit cero en enero, entonces el plan econ\u00f3mico funciona; ergo la oposici\u00f3n debe plegarse a la agenda de la Casa Rosada<\/strong>. <\/p>\n\n\n\n<p>En este contexto, mientras ya era de noche en Roma, Milei poste\u00f3 en su cuenta de X (antes Twitter) un comunicado ratificando su mirada de las cosas y el sentido del voto que logr\u00f3 en las elecciones presidenciales. El posteo dec\u00eda: <strong>\u201cNo vinimos ac\u00e1 a seguir jugando el mismo juego empobrecedor de los pol\u00edticos de siempre<\/strong>. No vinimos ac\u00e1 a hacer pactos espurios en contra de los intereses de los argentinos. Y no vamos a ser c\u00f3mplices del juego de los mismos par\u00e1sitos de siempre que viven a costa de ellos\u201d. <\/p>\n\n\n\n<p><\/p>\n\n\n<div class=\"wp-block-image\">\n<figure class=\"aligncenter size-full\"><img decoding=\"async\" loading=\"lazy\" width=\"768\" height=\"432\" src=\"https:\/\/notinor.com\/jujuy\/wp-content\/uploads\/2024\/02\/image-8.png\" alt=\"\" class=\"wp-image-402024\" srcset=\"https:\/\/notinor.com\/jujuy\/wp-content\/uploads\/2024\/02\/image-8.png 768w, https:\/\/notinor.com\/jujuy\/wp-content\/uploads\/2024\/02\/image-8-649x365.png 649w, https:\/\/notinor.com\/jujuy\/wp-content\/uploads\/2024\/02\/image-8-500x280.png 500w, https:\/\/notinor.com\/jujuy\/wp-content\/uploads\/2024\/02\/image-8-750x422.png 750w\" sizes=\"(max-width: 768px) 100vw, 768px\" \/><\/figure><\/div>\n\n\n<p><\/p>\n\n\n\n<p>El Presidente consider\u00f3 que su comunicado forzar\u00eda un retroceso de la oposici\u00f3n o servir\u00eda para explicar a la opini\u00f3n p\u00fablica sus pr\u00f3ximos pasos en el Gobierno. A continuaci\u00f3n, Milei aplic\u00f3 el concepto de Chicken Game y apret\u00f3 el acelerador: <strong>ech\u00f3 a Giordano y Roy\u00f3n cuando horas antes hab\u00eda argumentado a su acotada comitiva que los cambios suceder\u00edan despu\u00e9s de la gira.<\/strong> <\/p>\n\n\n\n<p><strong>El Presidente cambi\u00f3 el tempus respecto a Giordano -ten\u00eda decidido su salida- y modific\u00f3 su posici\u00f3n sobre Roy\u00f3n,<\/strong> ya que en Israel a\u00fan dudaba si deb\u00eda forzar su ca\u00edda por sus lazos con un gobernador que calific\u00f3 de \u201ctraidor\u201d. Pero Milei ejecuta la pol\u00edtica s\u00f3lo y consider\u00f3 que era momento de iniciar una purga en el Gabinete. <\/p>\n\n\n\n<p><strong>El jefe Estado cree que los cambios en el Gobierno deben ser m\u00e1s profundos y llegar al nivel de ministros. <\/strong>Ya no le alcanza con la renuncia de Guillermo Ferraro de la cartera de Infraestructura, <strong>y avanza en un redise\u00f1o del Gabinete<\/strong> que depender\u00e1 de una posible pol\u00edtica de alianza con el PRO y Mauricio Macri. \u201cEs otra rama del \u00e1rbol\u201d, contest\u00f3 Milei cuando le preguntaron acerca de la posibilidad de un acuerdo con Macri. <\/p>\n\n\n\n<p><\/p>\n\n\n<div class=\"wp-block-image\">\n<figure class=\"aligncenter size-large is-resized\"><img decoding=\"async\" loading=\"lazy\" src=\"https:\/\/notinor.com\/jujuy\/wp-content\/uploads\/2024\/02\/image-9-647x480.png\" alt=\"\" class=\"wp-image-402025\" width=\"723\" height=\"536\" srcset=\"https:\/\/notinor.com\/jujuy\/wp-content\/uploads\/2024\/02\/image-9-647x480.png 647w, https:\/\/notinor.com\/jujuy\/wp-content\/uploads\/2024\/02\/image-9-492x365.png 492w, https:\/\/notinor.com\/jujuy\/wp-content\/uploads\/2024\/02\/image-9-768x570.png 768w, https:\/\/notinor.com\/jujuy\/wp-content\/uploads\/2024\/02\/image-9-750x556.png 750w, https:\/\/notinor.com\/jujuy\/wp-content\/uploads\/2024\/02\/image-9.png 841w\" sizes=\"(max-width: 723px) 100vw, 723px\" \/><\/figure><\/div>\n\n\n<p><\/p>\n\n\n\n<p><strong>El Presidente tuvo contactos con el expresidente en la gira internacional, pero a\u00fan no define si habr\u00e1 desembarco formal del PRO en la Casa Rosada, <\/strong>y si lo hubiera, con qu\u00e9 nombres, en qu\u00e9 puestos y cu\u00e1ndo. <strong>Milei no quiere un gobierno de coalici\u00f3n,<\/strong> no tiene intenciones de ceder los puestos claves del Gabinete, y <strong>los cambios podr\u00edan hacerse antes del comienzo de las sesiones ordinarias, el pr\u00f3ximo 1\u00b0 de marzo.<\/strong> <\/p>\n\n\n\n<p><strong>La hoja de ruta del Presidente exhibe -otra vez- el contraste entre su l\u00f3gica personal y la praxis pol\u00edtica que aplicar\u00edan su eventual socio en Balcarce 50 -Macri- <\/strong>y sus posibles aliados -gobernadores, diputados y senadores dialoguistas-, si finalmente hay un amplio acuerdo institucional para superar la actual crisis de Gobierno. <\/p>\n\n\n\n<p><strong>El expresidente considera que ahora est\u00e1 en juego la supervivencia del propio gobierno, <\/strong>y que es imposible aplicar conceptos de racionalidad pol\u00edtica pura para salir de un laberinto auto construido sobre la base de tuits, reposteos, memes e inteligencia artificial. <\/p>\n\n\n\n<p><strong>Macri sostiene que los actuales n\u00fameros de la econom\u00eda no implican una fortaleza de la administraci\u00f3n Milei, <\/strong>que el fracaso causado por la ley \u00f3mnibus afect\u00f3 la imagen del gobierno, y que el 56% de los votos en el balotaje ya pertenecen a los libros de historia. <\/p>\n\n\n\n<p><\/p>\n\n\n<div class=\"wp-block-image\">\n<figure class=\"aligncenter size-large\"><img decoding=\"async\" loading=\"lazy\" width=\"721\" height=\"480\" src=\"https:\/\/notinor.com\/jujuy\/wp-content\/uploads\/2024\/02\/image-7-721x480.png\" alt=\"\" class=\"wp-image-402023\" srcset=\"https:\/\/notinor.com\/jujuy\/wp-content\/uploads\/2024\/02\/image-7-721x480.png 721w, https:\/\/notinor.com\/jujuy\/wp-content\/uploads\/2024\/02\/image-7-548x365.png 548w, https:\/\/notinor.com\/jujuy\/wp-content\/uploads\/2024\/02\/image-7-768x511.png 768w, https:\/\/notinor.com\/jujuy\/wp-content\/uploads\/2024\/02\/image-7-750x499.png 750w, https:\/\/notinor.com\/jujuy\/wp-content\/uploads\/2024\/02\/image-7.png 880w\" sizes=\"(max-width: 721px) 100vw, 721px\" \/><\/figure><\/div>\n\n\n<p><\/p>\n\n\n\n<p>A su vez, <strong>Macri argumenta que Milei deber\u00eda romper su aislamiento y consultar por afuera de su c\u00edrculo m\u00e1s estrecho<\/strong>. Una posici\u00f3n que tambi\u00e9n es compartida adentro del propio gobierno de La Libertad Avanza. <\/p>\n\n\n\n<p>Desde esta perspectiva, adonde hay concepciones diferentes para aplicar el poder, <strong>un posible acuerdo entre Milei y Macri podr\u00eda derivar en una estampida adentro del gabinete y en la formalizaci\u00f3n de un m\u00e9todo de gobierno que no encaja con la l\u00f3gica de pensamiento del Presidente. <\/strong>Es decir: la salida de la crisis puede causar una crisis m\u00e1s profunda y con efecto domin\u00f3. <\/p>\n\n\n\n<p><strong>A su lado siempre est\u00e1 Karina Milei, mientras chatea y habla por tel\u00e9fono con Santiago Caputo. Ellos dos integran su primer c\u00edrculo de confianza<\/strong>. El Presidente considera que el devenir pol\u00edtico consolidar\u00e1 su programa de ajuste y que los gobernadores finalmente presentar\u00e1n un proyecto de acuerdo para salir de la crisis. <\/p>\n\n\n\n<p><strong>Tambi\u00e9n piensa en remozar el Gabinete, aunque su formato final depender\u00e1 de las conversaciones que mantenga con Macri cuando llegue a Buenos Aires<\/strong>. Milei considera que tiene las variables pol\u00edticas y econ\u00f3micas bajo control y que hay una conspiraci\u00f3n en ciernes empujada por las facciones opositoras que resisten su programa de Gobierno. Con esa premisa b\u00e1sica definir\u00e1 su hoja de ruta despu\u00e9s de la audiencia con el Papa Francisco.<\/p>\n","protected":false},"excerpt":{"rendered":"<p>El Presidente se a\u00edsla para tomar decisiones sobre la situaci\u00f3n econ\u00f3mica frente a un bloque opositor de gobernadores, intendentes y legisladores de distintos partidos que exigen una inmediata mesa de negociaci\u00f3n. En soledad, Javier Milei prepara un profundo cambio de gobierno que ejecutar\u00e1 en su regreso de Roma hacia Buenos Aires. No ten\u00eda intenciones de [&hellip;]<\/p>\n","protected":false},"author":51,"featured_media":402022,"comment_status":"open","ping_status":"open","sticky":false,"template":"","format":"standard","meta":{"_stopmodifiedupdate":false,"_modified_date":"","inline_featured_image":false,"spay_email":"","jetpack_publicize_message":""},"categories":[501],"tags":[],"jetpack_featured_media_url":"https:\/\/notinor.com\/jujuy\/wp-content\/uploads\/2024\/02\/image-6.png","jetpack_publicize_connections":[],"_links":{"self":[{"href":"https:\/\/notinor.com\/jujuy\/wp-json\/wp\/v2\/posts\/402019"}],"collection":[{"href":"https:\/\/notinor.com\/jujuy\/wp-json\/wp\/v2\/posts"}],"about":[{"href":"https:\/\/notinor.com\/jujuy\/wp-json\/wp\/v2\/types\/post"}],"author":[{"embeddable":true,"href":"https:\/\/notinor.com\/jujuy\/wp-json\/wp\/v2\/users\/51"}],"replies":[{"embeddable":true,"href":"https:\/\/notinor.com\/jujuy\/wp-json\/wp\/v2\/comments?post=402019"}],"version-history":[{"count":3,"href":"https:\/\/notinor.com\/jujuy\/wp-json\/wp\/v2\/posts\/402019\/revisions"}],"predecessor-version":[{"id":402028,"href":"https:\/\/notinor.com\/jujuy\/wp-json\/wp\/v2\/posts\/402019\/revisions\/402028"}],"wp:featuredmedia":[{"embeddable":true,"href":"https:\/\/notinor.com\/jujuy\/wp-json\/wp\/v2\/media\/402022"}],"wp:attachment":[{"href":"https:\/\/notinor.com\/jujuy\/wp-json\/wp\/v2\/media?parent=402019"}],"wp:term":[{"taxonomy":"category","embeddable":true,"href":"https:\/\/notinor.com\/jujuy\/wp-json\/wp\/v2\/categories?post=402019"},{"taxonomy":"post_tag","embeddable":true,"href":"https:\/\/notinor.com\/jujuy\/wp-json\/wp\/v2\/tags?post=402019"}],"curies":[{"name":"wp","href":"https:\/\/api.w.org\/{rel}","templated":true}]}}