{"id":402005,"date":"2024-02-10T08:47:14","date_gmt":"2024-02-10T11:47:14","guid":{"rendered":"https:\/\/notinor.com\/jujuy\/?p=402005"},"modified":"2024-02-10T08:56:13","modified_gmt":"2024-02-10T11:56:13","slug":"milei-echo-a-giordano-de-la-anses-y-a-royon-de-mineria-en-medio-de-la-crisis-con-las-provincias","status":"publish","type":"post","link":"https:\/\/notinor.com\/jujuy\/milei-echo-a-giordano-de-la-anses-y-a-royon-de-mineria-en-medio-de-la-crisis-con-las-provincias\/","title":{"rendered":"Milei ech\u00f3 a Giordano de la Anses y a Royon de Miner\u00eda en medio de la crisis con las provincias"},"content":{"rendered":"\n<p class=\"has-medium-font-size\"><strong><em><strong>Ambos est\u00e1n vinculados a\u00a0gobernadores provinciales\u00a0a los que el Presidente les reprocha parte de la responsabilidad por la ca\u00edda de la\u00a0ley \u00f3mnibus<\/strong>.<\/em><\/strong><\/p>\n\n\n<div class=\"wp-block-image\">\n<figure class=\"aligncenter size-large\"><img decoding=\"async\" loading=\"lazy\" width=\"721\" height=\"480\" src=\"https:\/\/notinor.com\/jujuy\/wp-content\/uploads\/2024\/02\/image-4-721x480.png\" alt=\"\" class=\"wp-image-402006\" srcset=\"https:\/\/notinor.com\/jujuy\/wp-content\/uploads\/2024\/02\/image-4-721x480.png 721w, https:\/\/notinor.com\/jujuy\/wp-content\/uploads\/2024\/02\/image-4-548x365.png 548w, https:\/\/notinor.com\/jujuy\/wp-content\/uploads\/2024\/02\/image-4-768x511.png 768w, https:\/\/notinor.com\/jujuy\/wp-content\/uploads\/2024\/02\/image-4-750x499.png 750w, https:\/\/notinor.com\/jujuy\/wp-content\/uploads\/2024\/02\/image-4.png 880w\" sizes=\"(max-width: 721px) 100vw, 721px\" \/><\/figure><\/div>\n\n\n<p><\/p>\n\n\n\n<p><strong>El presidente\u00a0Javier Milei\u00a0le pidi\u00f3 la renuncia al titular de la Anses,\u00a0Osvaldo Giordano, y a la secretaria de Miner\u00eda, Flavia Royon, <\/strong>seg\u00fan inform\u00f3 oficialmente el gobierno. Ambos funcionarios <strong>est\u00e1n vinculados a\u00a0gobernadores provinciales\u00a0a los que Milei reprocha parte de la responsabilidad por la ca\u00edda de la\u00a0ley \u00f3mnibus\u00a0<\/strong>en la C\u00e1mara de Diputados.<\/p>\n\n\n\n<p>En la comunicaci\u00f3n de la\u00a0Oficina del Presidente, que se hizo mientras Milei se instalaba en Roma para la segunda parte de su gira, se aclar\u00f3 que\u00a0<strong>los respectivos sucesores de Giordano y Royon \u201cser\u00e1n anunciados en los pr\u00f3ximos d\u00edas\u201d. <\/strong>El Presidente ya hab\u00eda dejado trascender que <strong>esperaba que los propios funcionarios presentaran la renuncia<\/strong>, pero finalmente decidi\u00f3 echarlos.<\/p>\n\n\n\n<p>Desde el martes, cuando se dieron los votos en el recinto,<strong> puertas adentro del Gobierno consideraban que ambos funcionarios deb\u00edan dar un paso al costado<\/strong>. Especialmente lo mencionaban en el caso de Giordano, quien fue ministro de Juan Schiaretti en C\u00f3rdoba antes de desembarcar en la Anses.<\/p>\n\n\n\n<p>Fuentes cercanas sostuvieron que<strong> esperaban que tuviera la\u00a0\u201cdignidad\u201d\u00a0de presentar su renuncia antes de que se la pidieran.<\/strong> Es m\u00e1s, consideraban que deb\u00eda haberlo hecho ese mismo martes. <strong>\u201cSu mujer vot\u00f3 en contra. Su grupo pol\u00edtico vot\u00f3 en contra\u201d,<\/strong> definieron. <\/p>\n\n\n\n<p><\/p>\n\n\n\n<figure class=\"wp-block-embed is-type-rich is-provider-twitter wp-block-embed-twitter\"><div class=\"wp-block-embed__wrapper\">\n<blockquote class=\"twitter-tweet\" data-width=\"500\" data-dnt=\"true\"><p lang=\"zxx\" dir=\"ltr\"><a href=\"https:\/\/t.co\/RG0M0APHhi\">pic.twitter.com\/RG0M0APHhi<\/a><\/p>&mdash; Oficina del Presidente (@OPRArgentina) <a href=\"https:\/\/twitter.com\/OPRArgentina\/status\/1756087148296483312?ref_src=twsrc%5Etfw\">February 9, 2024<\/a><\/blockquote><script async src=\"https:\/\/platform.twitter.com\/widgets.js\" charset=\"utf-8\"><\/script>\n<\/div><\/figure>\n\n\n\n<p><\/p>\n\n\n\n<p>En el \u00faltimo d\u00eda h\u00e1bil de la semana, y sin novedades sobre las posibles dimisiones, <strong>el mandatario avanz\u00f3 con las salidas desde Roma<\/strong>, donde se encuentra para su audiencia con el Papa Francisco.<\/p>\n\n\n\n<p><strong>\u201cYa hab\u00eda ofrecido mi renuncia al ministro. No me voy a hacer cargo de diputados de Salta<\/strong>. Pero si el presidente lo entiende as\u00ed, yo no estoy aferrada a un cargo\u201d, dijo Royon sobre sus v\u00ednculos con el gobernador de Salta, Gustavo S\u00e1enz. <\/p>\n\n\n\n<p>\u201cM\u00e1s all\u00e1 de no compartir los motivos del pedido de mi renuncia, <strong>agradezco la confianza puesta en m\u00ed para el cargo, especialmente de la ministra Sandra Petovello<\/strong>\u201d, sostuvo por su parte Giordano en su texto de renuncia: \u201c<strong>Lamento no haber tenido el tiempo para llevar adelante las transformaciones que proyectaba.<\/strong> Le deseo una gran gesti\u00f3n al presidente Javier Milei\u201d, agreg\u00f3.<\/p>\n","protected":false},"excerpt":{"rendered":"<p>Ambos est\u00e1n vinculados a\u00a0gobernadores provinciales\u00a0a los que el Presidente les reprocha parte de la responsabilidad por la ca\u00edda de la\u00a0ley \u00f3mnibus. El presidente\u00a0Javier Milei\u00a0le pidi\u00f3 la renuncia al titular de la Anses,\u00a0Osvaldo Giordano, y a la secretaria de Miner\u00eda, Flavia Royon, seg\u00fan inform\u00f3 oficialmente el gobierno. Ambos funcionarios est\u00e1n vinculados a\u00a0gobernadores provinciales\u00a0a los que Milei [&hellip;]<\/p>\n","protected":false},"author":51,"featured_media":402006,"comment_status":"open","ping_status":"open","sticky":false,"template":"","format":"standard","meta":{"_stopmodifiedupdate":false,"_modified_date":"","inline_featured_image":false,"spay_email":"","jetpack_publicize_message":""},"categories":[2,501],"tags":[],"jetpack_featured_media_url":"https:\/\/notinor.com\/jujuy\/wp-content\/uploads\/2024\/02\/image-4.png","jetpack_publicize_connections":[],"_links":{"self":[{"href":"https:\/\/notinor.com\/jujuy\/wp-json\/wp\/v2\/posts\/402005"}],"collection":[{"href":"https:\/\/notinor.com\/jujuy\/wp-json\/wp\/v2\/posts"}],"about":[{"href":"https:\/\/notinor.com\/jujuy\/wp-json\/wp\/v2\/types\/post"}],"author":[{"embeddable":true,"href":"https:\/\/notinor.com\/jujuy\/wp-json\/wp\/v2\/users\/51"}],"replies":[{"embeddable":true,"href":"https:\/\/notinor.com\/jujuy\/wp-json\/wp\/v2\/comments?post=402005"}],"version-history":[{"count":4,"href":"https:\/\/notinor.com\/jujuy\/wp-json\/wp\/v2\/posts\/402005\/revisions"}],"predecessor-version":[{"id":402012,"href":"https:\/\/notinor.com\/jujuy\/wp-json\/wp\/v2\/posts\/402005\/revisions\/402012"}],"wp:featuredmedia":[{"embeddable":true,"href":"https:\/\/notinor.com\/jujuy\/wp-json\/wp\/v2\/media\/402006"}],"wp:attachment":[{"href":"https:\/\/notinor.com\/jujuy\/wp-json\/wp\/v2\/media?parent=402005"}],"wp:term":[{"taxonomy":"category","embeddable":true,"href":"https:\/\/notinor.com\/jujuy\/wp-json\/wp\/v2\/categories?post=402005"},{"taxonomy":"post_tag","embeddable":true,"href":"https:\/\/notinor.com\/jujuy\/wp-json\/wp\/v2\/tags?post=402005"}],"curies":[{"name":"wp","href":"https:\/\/api.w.org\/{rel}","templated":true}]}}