{"id":401992,"date":"2024-02-10T08:30:03","date_gmt":"2024-02-10T11:30:03","guid":{"rendered":"https:\/\/notinor.com\/jujuy\/?p=401992"},"modified":"2024-02-10T08:42:37","modified_gmt":"2024-02-10T11:42:37","slug":"el-consejo-federal-de-educacion-reclamo-por-fondos-no-enviados-por-nacion","status":"publish","type":"post","link":"https:\/\/notinor.com\/jujuy\/el-consejo-federal-de-educacion-reclamo-por-fondos-no-enviados-por-nacion\/","title":{"rendered":"El Consejo Federal de Educaci\u00f3n reclam\u00f3 por fondos no enviados por Naci\u00f3n"},"content":{"rendered":"\n<p class=\"has-medium-font-size\"><strong><em>Ministros provinciales, incluida la funcionaria juje\u00f1a Miriam Serrano, firmaron una nota dirigida al secretario de Educaci\u00f3n, Carlos Torrendell, reclamando fondos no remitidos.<\/em><\/strong><\/p>\n\n\n<div class=\"wp-block-image\">\n<figure class=\"aligncenter size-large is-resized\"><img decoding=\"async\" loading=\"lazy\" src=\"https:\/\/notinor.com\/jujuy\/wp-content\/uploads\/2024\/02\/image-2-707x480.png\" alt=\"\" class=\"wp-image-401994\" width=\"738\" height=\"501\" srcset=\"https:\/\/notinor.com\/jujuy\/wp-content\/uploads\/2024\/02\/image-2-707x480.png 707w, https:\/\/notinor.com\/jujuy\/wp-content\/uploads\/2024\/02\/image-2-538x365.png 538w, https:\/\/notinor.com\/jujuy\/wp-content\/uploads\/2024\/02\/image-2-768x521.png 768w, https:\/\/notinor.com\/jujuy\/wp-content\/uploads\/2024\/02\/image-2-750x509.png 750w, https:\/\/notinor.com\/jujuy\/wp-content\/uploads\/2024\/02\/image-2.png 837w\" sizes=\"(max-width: 738px) 100vw, 738px\" \/><\/figure><\/div>\n\n\n<p><\/p>\n\n\n\n<p><strong>Ministros provinciales firmaron este viernes una nota dirigida al secretario de Educaci\u00f3n, Carlos Torrendell, reclamando fondos no remitidos por Naci\u00f3n<\/strong> en materia de incentivo docente, fondo de compensaci\u00f3n salarial, conectividad y material did\u00e1ctico.<\/p>\n\n\n\n<p>Los funcionarios de las carteras locales de Educaci\u00f3n, reunidos en el Palacio Sarmiento, <strong>expresaron su preocupaci\u00f3n por la situaci\u00f3n, a pocos d\u00edas del inicio del ciclo lectivo 2024.<\/strong><\/p>\n\n\n\n<p><strong>La carta, firmada tambi\u00e9n por la ministra de Jujuy, Miriam Serrano<\/strong>, expresa que<strong> hay \u201cfalta de certeza sobre el escenario presente y futuro respecto a la continuidad en las transferencias de los fondos<\/strong> referidos, de modo tal de poder delinear seriamente la pol\u00edtica educativa en las jurisdicciones\u201d.<\/p>\n\n\n\n<p>Adem\u00e1s, la 129\u00b0 Asamblea del&nbsp;Consejo Federal de Educaci\u00f3n&nbsp;aprob\u00f3 una resoluci\u00f3n en la que <strong>deja sentadas las bases y el compromiso de las jurisdicciones para un Plan Federal de Alfabetizaci\u00f3n<\/strong>.<\/p>\n\n\n\n<p><strong>Se estableci\u00f3 como plazo para su aprobaci\u00f3n definitiva el pr\u00f3ximo mes de abril, <\/strong>tiempo en el cual tambi\u00e9n se presentar\u00e1 un documento para la pol\u00edtica nacional de financiamiento, con foco en la discusi\u00f3n de un documento \"Compromiso Federal de Alfabetizaci\u00f3n-Pol\u00edtica Nacional de Alfabetizaci\u00f3n\".&nbsp;<\/p>\n\n\n\n<p><\/p>\n\n\n<div class=\"wp-block-image\">\n<figure class=\"aligncenter size-full is-resized\"><img decoding=\"async\" loading=\"lazy\" src=\"https:\/\/notinor.com\/jujuy\/wp-content\/uploads\/2024\/02\/image-3.png\" alt=\"\" class=\"wp-image-401999\" width=\"793\" height=\"422\"\/><\/figure><\/div>\n\n\n<p><\/p>\n\n\n\n<p><strong>La propuesta presentada en el seno del Consejo se\u00f1ala entre otros ejes, los siguientes:&nbsp;<\/strong><\/p>\n\n\n\n<p>-Compromiso de alcance comunitario.&nbsp;<\/p>\n\n\n\n<p>-La alfabetizaci\u00f3n en los primeros a\u00f1os de escolaridad.&nbsp;<\/p>\n\n\n\n<p>-Transversalidad de la alfabetizaci\u00f3n.&nbsp;<\/p>\n\n\n\n<p>-Formaci\u00f3n docente inicial y continua.&nbsp;<\/p>\n\n\n\n<p>-Acceso a recursos educativos de calidad.&nbsp;<\/p>\n\n\n\n<p>-Monitoreo y evaluaci\u00f3n.<\/p>\n\n\n\n<p>En esta oportunidad, <strong>el&nbsp;Consejo Federal de Educaci\u00f3n, estuvo reunido durante dos jornadas,<\/strong><a href=\"https:\/\/notinor.com\/jujuy\/jujuy-en-el-consejo-federal-de-educacion-hacia-una-politica-de-alfabetizacion\/\" target=\"_blank\" rel=\"noreferrer noopener\"><strong> <\/strong>la primera el jueves mediante una Mesa de Trabajo;<\/a> y la segunda, este viernes con la Asamblea.&nbsp;<\/p>\n\n\n\n<p><strong>Cabe recordar que Jujuy ya se encuentra a las puertas de un Programa Provincial de Alfabetizaci\u00f3n, \"Jujuy Lee\", <\/strong>proyectado para el periodo 2024-2030, record\u00f3 la ministra Serrano, quien junto al secretario de Gesti\u00f3n provincial, Federico Medrano, asisti\u00f3 al encuentro del CFE.&nbsp;<\/p>\n","protected":false},"excerpt":{"rendered":"<p>Ministros provinciales, incluida la funcionaria juje\u00f1a Miriam Serrano, firmaron una nota dirigida al secretario de Educaci\u00f3n, Carlos Torrendell, reclamando fondos no remitidos. Ministros provinciales firmaron este viernes una nota dirigida al secretario de Educaci\u00f3n, Carlos Torrendell, reclamando fondos no remitidos por Naci\u00f3n en materia de incentivo docente, fondo de compensaci\u00f3n salarial, conectividad y material did\u00e1ctico. [&hellip;]<\/p>\n","protected":false},"author":51,"featured_media":401994,"comment_status":"open","ping_status":"open","sticky":false,"template":"","format":"standard","meta":{"_stopmodifiedupdate":false,"_modified_date":"","inline_featured_image":false,"spay_email":"","jetpack_publicize_message":""},"categories":[5],"tags":[],"jetpack_featured_media_url":"https:\/\/notinor.com\/jujuy\/wp-content\/uploads\/2024\/02\/image-2.png","jetpack_publicize_connections":[],"_links":{"self":[{"href":"https:\/\/notinor.com\/jujuy\/wp-json\/wp\/v2\/posts\/401992"}],"collection":[{"href":"https:\/\/notinor.com\/jujuy\/wp-json\/wp\/v2\/posts"}],"about":[{"href":"https:\/\/notinor.com\/jujuy\/wp-json\/wp\/v2\/types\/post"}],"author":[{"embeddable":true,"href":"https:\/\/notinor.com\/jujuy\/wp-json\/wp\/v2\/users\/51"}],"replies":[{"embeddable":true,"href":"https:\/\/notinor.com\/jujuy\/wp-json\/wp\/v2\/comments?post=401992"}],"version-history":[{"count":6,"href":"https:\/\/notinor.com\/jujuy\/wp-json\/wp\/v2\/posts\/401992\/revisions"}],"predecessor-version":[{"id":402003,"href":"https:\/\/notinor.com\/jujuy\/wp-json\/wp\/v2\/posts\/401992\/revisions\/402003"}],"wp:featuredmedia":[{"embeddable":true,"href":"https:\/\/notinor.com\/jujuy\/wp-json\/wp\/v2\/media\/401994"}],"wp:attachment":[{"href":"https:\/\/notinor.com\/jujuy\/wp-json\/wp\/v2\/media?parent=401992"}],"wp:term":[{"taxonomy":"category","embeddable":true,"href":"https:\/\/notinor.com\/jujuy\/wp-json\/wp\/v2\/categories?post=401992"},{"taxonomy":"post_tag","embeddable":true,"href":"https:\/\/notinor.com\/jujuy\/wp-json\/wp\/v2\/tags?post=401992"}],"curies":[{"name":"wp","href":"https:\/\/api.w.org\/{rel}","templated":true}]}}