{"id":401980,"date":"2024-02-10T08:07:07","date_gmt":"2024-02-10T11:07:07","guid":{"rendered":"https:\/\/notinor.com\/jujuy\/?p=401980"},"modified":"2024-02-10T08:16:54","modified_gmt":"2024-02-10T11:16:54","slug":"la-francesa-eramine-empezara-a-producir-litio-en-salta-en-julio-y-duplicara-la-inversion","status":"publish","type":"post","link":"https:\/\/notinor.com\/jujuy\/la-francesa-eramine-empezara-a-producir-litio-en-salta-en-julio-y-duplicara-la-inversion\/","title":{"rendered":"La francesa Eramine empezar\u00e1 a producir litio en Salta en julio y duplicar\u00e1 la inversi\u00f3n"},"content":{"rendered":"\n<p class=\"has-medium-font-size\"><strong><em>La subsidiaria del grupo Eramet pondr\u00e1 en marcha a mitad de a\u00f1o la primera mina de litio de Salta y destin\u00f3 800 millones de d\u00f3lares para la segunda etapa de su proyecto Centenario-Ratones.<\/em><\/strong><\/p>\n\n\n<div class=\"wp-block-image\">\n<figure class=\"aligncenter size-large\"><img decoding=\"async\" loading=\"lazy\" width=\"840\" height=\"473\" src=\"https:\/\/notinor.com\/jujuy\/wp-content\/uploads\/2023\/05\/litio-840x473.png\" alt=\"\" class=\"wp-image-380479\" srcset=\"https:\/\/notinor.com\/jujuy\/wp-content\/uploads\/2023\/05\/litio-840x473.png 840w, https:\/\/notinor.com\/jujuy\/wp-content\/uploads\/2023\/05\/litio-648x365.png 648w, https:\/\/notinor.com\/jujuy\/wp-content\/uploads\/2023\/05\/litio-768x433.png 768w, https:\/\/notinor.com\/jujuy\/wp-content\/uploads\/2023\/05\/litio-750x423.png 750w, https:\/\/notinor.com\/jujuy\/wp-content\/uploads\/2023\/05\/litio.png 1072w\" sizes=\"(max-width: 840px) 100vw, 840px\" \/><\/figure><\/div>\n\n\n<p><\/p>\n\n\n\n<p><strong>La empresa\u00a0Eramine,\u00a0subsidiaria local del grupo franc\u00e9s\u00a0Eramet,\u00a0confirm\u00f3 que empezar\u00e1 a producir litio a mitad de a\u00f1o <\/strong>en la primera mina de Salta, <a href=\"https:\/\/notinor.com\/jujuy\/en-un-ano-entraria-en-funcionamiento-la-planta-de-litio-de-la-minera-eramine-en-la-puna-saltena\/\" target=\"_blank\" rel=\"noreferrer noopener\">tal como anticip\u00f3 NOTINOR,<\/a>\u00a0y<strong>\u00a0duplicar\u00e1 la inversi\u00f3n para la segunda etapa del desarrollo\u00a0Centenario-Ratones<\/strong>, anunciado en 2021 y <a rel=\"noreferrer noopener\" href=\"https:\/\/notinor.com\/jujuy\/una-compania-francesa-invertira-700-millones-de-dolares-en-litio-argentino\/\" target=\"_blank\">confirmado a Alberto Fern\u00e1ndez en 2022.<\/a><\/p>\n\n\n\n<p>La compa\u00f1\u00eda, cuya sede central est\u00e1 en Par\u00eds, anunci\u00f3 que&nbsp;<strong>en julio inaugurar\u00e1 la fase 1 de la planta de producci\u00f3n<\/strong>&nbsp;de carbonato de litio grado bater\u00eda<strong>&nbsp;<\/strong>en su proyecto&nbsp;ubicado&nbsp;a casi 4000 metros de San Antonio de los Cobres y&nbsp;<strong>que opera con&nbsp;la empresa de capitales chinos, Tsingshan.<\/strong>&nbsp;<\/p>\n\n\n\n<p><strong>Para esta etapa, se destin\u00f3 un desembolso de 800 millones<\/strong> <strong>de d\u00f3lares<\/strong>&nbsp;<strong>(inicialmente la empresa hab\u00eda anunciado 735 millones<\/strong>&nbsp;pero, dada la volatilidad macro, elev\u00f3 el presupuesto).&nbsp;<\/p>\n\n\n\n<p><\/p>\n\n\n<div class=\"wp-block-image\">\n<figure class=\"aligncenter size-full is-resized\"><img decoding=\"async\" loading=\"lazy\" src=\"https:\/\/notinor.com\/jujuy\/wp-content\/uploads\/2023\/04\/litio.jpg\" alt=\"\" class=\"wp-image-376746\" width=\"788\" height=\"443\" srcset=\"https:\/\/notinor.com\/jujuy\/wp-content\/uploads\/2023\/04\/litio.jpg 710w, https:\/\/notinor.com\/jujuy\/wp-content\/uploads\/2023\/04\/litio-649x365.jpg 649w, https:\/\/notinor.com\/jujuy\/wp-content\/uploads\/2023\/04\/litio-500x280.jpg 500w\" sizes=\"(max-width: 788px) 100vw, 788px\" \/><\/figure><\/div>\n\n\n<p><\/p>\n\n\n\n<p><strong>Tendr\u00e1 capacidad para elaborar 24.000 toneladas de carbonato de litio equivalente (LCE)<\/strong>, lo que proporcionar\u00e1 insumos para alrededor de 600.000 bater\u00edas de autos el\u00e9ctricos.&nbsp;<strong>Emplear\u00e1 a 1500 puestos laborales<\/strong>, de los cuales el 80% ser\u00e1n colaboradores salte\u00f1os.<\/p>\n\n\n\n<p>Adem\u00e1s, anticip\u00f3 que pedir\u00e1 los permisos correspondientes para avanzar con la segundafase, en la que<strong>&nbsp;duplicar\u00e1 el desembolso, con otros u$s 800 millones, totalizando una inyecci\u00f3n de u$s 1600 millones entre&nbsp;ambas etapas.&nbsp;<\/strong><\/p>\n\n\n\n<p>Con la continuaci\u00f3n del proyecto,&nbsp;<strong>Eramine proyecta alcanzar las 75.000 toneladas LCE.&nbsp;<\/strong>Se espera que alcanzar\u00e1 su capacidad operativa plena a mediados de 2027.<\/p>\n\n\n\n<p><strong>As\u00ed lo se\u00f1al\u00f3&nbsp;Alejandro Moro, CEO de Eramine<\/strong>, quien asumi\u00f3 en el rol en noviembre. El ejecutivo precis\u00f3 que actualmente la firma lleva adelante tareas que forman parte de los procesos de \"precomisionado y comisionado de la cuenca\",&nbsp;<strong>pasos t\u00e9cnicos que se realizan para testear los equipos y sistemas de producci\u00f3n.&nbsp;<\/strong><\/p>\n\n\n\n<p>\"<strong>El proyecto permitir\u00e1 exportar un producto de alta tecnolog\u00eda con valor agregado<\/strong>\", indic\u00f3.<\/p>\n\n\n\n<p><\/p>\n\n\n<div class=\"wp-block-image\">\n<figure class=\"aligncenter is-resized\"><img decoding=\"async\" loading=\"lazy\" src=\"https:\/\/panel.cronista.com\/files\/image\/745\/745501\/65c68c6a4450c.png\" alt=\"\" width=\"-83\" height=\"-49\"\/><\/figure><\/div>\n\n\n<p><\/p>\n\n\n\n<p>En tanto,&nbsp;<strong>la secretaria de Miner\u00eda y Energ\u00eda de Salta, Romina Sassarini,<\/strong>&nbsp;indic\u00f3 que aguardan la presentaci\u00f3n de los permisos necesarios para iniciar la fase 2 del proyecto, y expres\u00f3 que \"esta nueva etapa&nbsp;<strong>demuestra el compromiso continuo con el desarrollo econ\u00f3mico y social de Salta\"<\/strong>.<\/p>\n\n\n\n<p>Con una expectativa de vida superior a los 40 a\u00f1os,&nbsp;<strong>el proyecto ser\u00e1 el primero en el pa\u00eds cuya producci\u00f3n se obtendr\u00e1 en un 100% a trav\u00e9s del m\u00e9todo de extracci\u00f3n directa<\/strong>&nbsp;(sin necesidad de evaporaci\u00f3n en la salmuera).<\/p>\n\n\n\n<p><strong>La firma francesa posee una participaci\u00f3n del<\/strong>&nbsp;<strong>50,1% en el proyecto, mientras que Tsingshan<\/strong>, que, a su vez, financi\u00f3 la construcci\u00f3n de la planta de litio,<strong>&nbsp;tiene un 49,9%.&nbsp;<\/strong><\/p>\n\n\n\n<p>Seg\u00fan c\u00e1lculos de Eramine,&nbsp;<strong>el ebitda anual para la primera fase se situar\u00e1 entre los 210 millones y los 315 millones<\/strong> <strong>de d\u00f3lares<\/strong>, basada en la estimaci\u00f3n de precios por tonelada de LCE a largo plazo, entre los 15.000 y los 20.000 d\u00f3lares.<\/p>\n\n\n\n<p><\/p>\n\n\n<div class=\"wp-block-image\">\n<figure class=\"aligncenter size-large is-resized\"><img decoding=\"async\" loading=\"lazy\" src=\"https:\/\/notinor.com\/jujuy\/wp-content\/uploads\/2022\/12\/Litio-806x480.jpg\" alt=\"\" class=\"wp-image-364945\" width=\"763\" height=\"454\" srcset=\"https:\/\/notinor.com\/jujuy\/wp-content\/uploads\/2022\/12\/Litio-806x480.jpg 806w, https:\/\/notinor.com\/jujuy\/wp-content\/uploads\/2022\/12\/Litio-613x365.jpg 613w, https:\/\/notinor.com\/jujuy\/wp-content\/uploads\/2022\/12\/Litio-768x457.jpg 768w, https:\/\/notinor.com\/jujuy\/wp-content\/uploads\/2022\/12\/Litio-750x447.jpg 750w, https:\/\/notinor.com\/jujuy\/wp-content\/uploads\/2022\/12\/Litio.jpg 969w\" sizes=\"(max-width: 763px) 100vw, 763px\" \/><\/figure><\/div>\n\n\n<p><\/p>\n\n\n\n<p>En abril de 2023,&nbsp;<strong>el Ministerio de Econom\u00eda de la Naci\u00f3n le otorg\u00f3 el certificado de inscripci\u00f3n a la empresa al R\u00e9gimen de Fomento de Inversi\u00f3n para las Exportaciones de Litio<\/strong>, <a href=\"https:\/\/notinor.com\/jujuy\/eramine-la-francesa-que-tiene-un-proyecto-minero-en-la-puna-entro-al-regimen-de-fomento-de-inversion-para-exportaciones-de-litio\/\" target=\"_blank\" rel=\"noreferrer noopener\">lo que le permiti\u00f3 continuar con sus inversiones.&nbsp;<\/a><\/p>\n\n\n\n<p><strong>Fue&nbsp;la segunda minera en acceder. La primera fue Liex<\/strong>,&nbsp;<strong>que prev\u00e9 desembolsar u$s 371 millones&nbsp;<\/strong>para su proyecto de litio Tres Quebradas en Fiambal\u00e1, Catamarca.<\/p>\n\n\n\n<p>El r\u00e9gimen&nbsp;<strong>permiti\u00f3 que las compa\u00f1\u00edas que inviertan m\u00e1s de 100 millones de d\u00f3lares tengan libre disponibilidad de una fracci\u00f3n del monto total de divisas ingresadas al pa\u00eds<\/strong>&nbsp;(20% si la inversi\u00f3n es superior a los 100 millones y menor a 500 millones, un 40% si es hasta 1000 millones y un 60% si supera esa cifra).&nbsp;<\/p>\n\n\n\n<p>De esa manera, el marco normativo&nbsp;<strong>las habilit\u00f3 a cancelar deudas&nbsp;contra\u00eddas&nbsp;para financiar proyectos<\/strong>, a la vez que asegur\u00f3 un balance cambiario superlativo.<\/p>\n\n\n\n<p><\/p>\n\n\n<div class=\"wp-block-image\">\n<figure class=\"aligncenter size-large\"><img decoding=\"async\" loading=\"lazy\" width=\"729\" height=\"480\" src=\"https:\/\/notinor.com\/jujuy\/wp-content\/uploads\/2022\/12\/Litio-1-729x480.jpg\" alt=\"\" class=\"wp-image-366362\" srcset=\"https:\/\/notinor.com\/jujuy\/wp-content\/uploads\/2022\/12\/Litio-1-729x480.jpg 729w, https:\/\/notinor.com\/jujuy\/wp-content\/uploads\/2022\/12\/Litio-1-555x365.jpg 555w, https:\/\/notinor.com\/jujuy\/wp-content\/uploads\/2022\/12\/Litio-1-768x506.jpg 768w, https:\/\/notinor.com\/jujuy\/wp-content\/uploads\/2022\/12\/Litio-1-750x494.jpg 750w, https:\/\/notinor.com\/jujuy\/wp-content\/uploads\/2022\/12\/Litio-1.jpg 790w\" sizes=\"(max-width: 729px) 100vw, 729px\" \/><\/figure><\/div>\n\n\n<p><\/p>\n\n\n\n<p>Adem\u00e1s de la expansi\u00f3n en Centenario,&nbsp;<strong>Eramine prev\u00e9 iniciar perforaciones&nbsp;para la exploraci\u00f3n en los terrenos que posee en el cercano salar de Arizaro.&nbsp;<\/strong><\/p>\n\n\n\n<p>Es que&nbsp;en julio pasado,<strong>&nbsp;Eramet&nbsp;cerr\u00f3 un acuerdo de 400 millones de d\u00f3lares con el gigante Glencore&nbsp;para venderle el litio producido en Salta.&nbsp;<\/strong>Seg\u00fan lo establecido,&nbsp;<strong>comercializar\u00e1n 50.000 toneladas<\/strong>&nbsp;de este material clave para bater\u00edas de ion-litio&nbsp;<strong>durante cinco a\u00f1os.<\/strong><\/p>\n\n\n\n<p>De esta manera,<strong> la miner\u00eda tiene potencial para convertirse, junto a la agroindustria y la energ\u00eda, en uno de los sectores clave<\/strong>&nbsp;para el crecimiento econ\u00f3mico.&nbsp;<\/p>\n\n\n\n<p><strong>En vistas de ser el segundo productor m\u00e1s importante a nivel mundial<\/strong>,<strong>&nbsp;actualmente hay&nbsp;tres proyectos en etapa de producci\u00f3n de carbonato de litio (LCE)<\/strong>:&nbsp;F\u00e9nix, en el&nbsp;Salar de Hombre Muerto, encabezado por la canadiense&nbsp;Livent&nbsp;en Catamarca;&nbsp;Salar de Olaroz&nbsp;en Jujuy, de Sales de Jujuy y&nbsp;Allkem;&nbsp;y Olaroz Cauchari, tambi\u00e9n en Jujuy, de la firma&nbsp;Exar&nbsp;(aunque a\u00fan no opera con plena capacidad, es la planta local m\u00e1s grande).&nbsp;Allkem y Livent se fusionaron este a\u00f1o.<\/p>\n","protected":false},"excerpt":{"rendered":"<p>La subsidiaria del grupo Eramet pondr\u00e1 en marcha a mitad de a\u00f1o la primera mina de litio de Salta y destin\u00f3 800 millones de d\u00f3lares para la segunda etapa de su proyecto Centenario-Ratones. La empresa\u00a0Eramine,\u00a0subsidiaria local del grupo franc\u00e9s\u00a0Eramet,\u00a0confirm\u00f3 que empezar\u00e1 a producir litio a mitad de a\u00f1o en la primera mina de Salta, tal [&hellip;]<\/p>\n","protected":false},"author":51,"featured_media":380479,"comment_status":"open","ping_status":"open","sticky":false,"template":"","format":"standard","meta":{"_stopmodifiedupdate":false,"_modified_date":"","inline_featured_image":false,"spay_email":"","jetpack_publicize_message":""},"categories":[2,676,1158],"tags":[],"jetpack_featured_media_url":"https:\/\/notinor.com\/jujuy\/wp-content\/uploads\/2023\/05\/litio.png","jetpack_publicize_connections":[],"_links":{"self":[{"href":"https:\/\/notinor.com\/jujuy\/wp-json\/wp\/v2\/posts\/401980"}],"collection":[{"href":"https:\/\/notinor.com\/jujuy\/wp-json\/wp\/v2\/posts"}],"about":[{"href":"https:\/\/notinor.com\/jujuy\/wp-json\/wp\/v2\/types\/post"}],"author":[{"embeddable":true,"href":"https:\/\/notinor.com\/jujuy\/wp-json\/wp\/v2\/users\/51"}],"replies":[{"embeddable":true,"href":"https:\/\/notinor.com\/jujuy\/wp-json\/wp\/v2\/comments?post=401980"}],"version-history":[{"count":4,"href":"https:\/\/notinor.com\/jujuy\/wp-json\/wp\/v2\/posts\/401980\/revisions"}],"predecessor-version":[{"id":401987,"href":"https:\/\/notinor.com\/jujuy\/wp-json\/wp\/v2\/posts\/401980\/revisions\/401987"}],"wp:featuredmedia":[{"embeddable":true,"href":"https:\/\/notinor.com\/jujuy\/wp-json\/wp\/v2\/media\/380479"}],"wp:attachment":[{"href":"https:\/\/notinor.com\/jujuy\/wp-json\/wp\/v2\/media?parent=401980"}],"wp:term":[{"taxonomy":"category","embeddable":true,"href":"https:\/\/notinor.com\/jujuy\/wp-json\/wp\/v2\/categories?post=401980"},{"taxonomy":"post_tag","embeddable":true,"href":"https:\/\/notinor.com\/jujuy\/wp-json\/wp\/v2\/tags?post=401980"}],"curies":[{"name":"wp","href":"https:\/\/api.w.org\/{rel}","templated":true}]}}