{"id":401941,"date":"2024-02-09T08:44:00","date_gmt":"2024-02-09T11:44:00","guid":{"rendered":"https:\/\/notinor.com\/jujuy\/?p=401941"},"modified":"2024-02-09T12:46:36","modified_gmt":"2024-02-09T15:46:36","slug":"fascio-edi-veatriz","status":"publish","type":"post","link":"https:\/\/notinor.com\/jujuy\/fascio-edi-veatriz\/","title":{"rendered":"FASCIO, Edi Veatriz"},"content":{"rendered":"\n<p><strong>Falleci\u00f3 el d\u00eda 08 de febrero de 2024, a hs. 00:24. C.A.S.R. y B.P., a la edad de 89 a\u00f1os. Sus hijos: Justina y Enrique; sus hijo pol\u00edtico: Luis Grenni; sus nietos: Mariano e Ignacio; sus hermanos: Rene, Lelia y Hebe; sus sobrinos; su sobrinos pol\u00edticos y dem\u00e1s familiares participan con profundo dolor su fallecimiento y comunican que sus restos fueron inhumados ayer 08 de febrero en el cementerio Parque El Jard\u00edn del Castillo. FAE. Casa de duelo, salas Arenales de empresa La Piedad, sita en Arenales 1145. Servicio empresa La Piedad, Salta N\u00b0 727, San Salvador de Jujuy. Tel. 388-4222487. L\u00ednea gratuita 0800- 444-5274<\/strong><\/p>\n","protected":false},"excerpt":{"rendered":"<p>Falleci\u00f3 el d\u00eda 08 de febrero de 2024, a hs. 00:24. C.A.S.R. y B.P., a la edad de 89 a\u00f1os. Sus hijos: Justina y Enrique; sus hijo pol\u00edtico: Luis Grenni; sus nietos: Mariano e Ignacio; sus hermanos: Rene, Lelia y Hebe; sus sobrinos; su sobrinos pol\u00edticos y dem\u00e1s familiares participan con profundo dolor su fallecimiento [&hellip;]<\/p>\n","protected":false},"author":5,"featured_media":129478,"comment_status":"open","ping_status":"open","sticky":false,"template":"","format":"standard","meta":{"_stopmodifiedupdate":false,"_modified_date":"","inline_featured_image":false,"spay_email":"","jetpack_publicize_message":""},"categories":[523],"tags":[],"jetpack_featured_media_url":"https:\/\/notinor.com\/jujuy\/wp-content\/uploads\/2017\/08\/Obituarios.jpg","jetpack_publicize_connections":[],"_links":{"self":[{"href":"https:\/\/notinor.com\/jujuy\/wp-json\/wp\/v2\/posts\/401941"}],"collection":[{"href":"https:\/\/notinor.com\/jujuy\/wp-json\/wp\/v2\/posts"}],"about":[{"href":"https:\/\/notinor.com\/jujuy\/wp-json\/wp\/v2\/types\/post"}],"author":[{"embeddable":true,"href":"https:\/\/notinor.com\/jujuy\/wp-json\/wp\/v2\/users\/5"}],"replies":[{"embeddable":true,"href":"https:\/\/notinor.com\/jujuy\/wp-json\/wp\/v2\/comments?post=401941"}],"version-history":[{"count":1,"href":"https:\/\/notinor.com\/jujuy\/wp-json\/wp\/v2\/posts\/401941\/revisions"}],"predecessor-version":[{"id":401942,"href":"https:\/\/notinor.com\/jujuy\/wp-json\/wp\/v2\/posts\/401941\/revisions\/401942"}],"wp:featuredmedia":[{"embeddable":true,"href":"https:\/\/notinor.com\/jujuy\/wp-json\/wp\/v2\/media\/129478"}],"wp:attachment":[{"href":"https:\/\/notinor.com\/jujuy\/wp-json\/wp\/v2\/media?parent=401941"}],"wp:term":[{"taxonomy":"category","embeddable":true,"href":"https:\/\/notinor.com\/jujuy\/wp-json\/wp\/v2\/categories?post=401941"},{"taxonomy":"post_tag","embeddable":true,"href":"https:\/\/notinor.com\/jujuy\/wp-json\/wp\/v2\/tags?post=401941"}],"curies":[{"name":"wp","href":"https:\/\/api.w.org\/{rel}","templated":true}]}}