{"id":401907,"date":"2024-02-09T10:25:18","date_gmt":"2024-02-09T13:25:18","guid":{"rendered":"https:\/\/notinor.com\/jujuy\/?p=401907"},"modified":"2024-02-09T10:25:20","modified_gmt":"2024-02-09T13:25:20","slug":"alerta-sarampion-advierten-por-la-baja-vacunacion-tras-un-caso-en-caba","status":"publish","type":"post","link":"https:\/\/notinor.com\/jujuy\/alerta-sarampion-advierten-por-la-baja-vacunacion-tras-un-caso-en-caba\/","title":{"rendered":"Alerta sarampi\u00f3n: advierten por la baja vacunaci\u00f3n tras un caso en CABA"},"content":{"rendered":"\n<p class=\"has-medium-font-size\"><strong><em>Un nene de 6 a\u00f1os no vacunado y residente en Barcelona arrib\u00f3 a la Ciudad de Buenos Aires y dos d\u00edas despu\u00e9s comenz\u00f3 con s\u00edntomas. Permanece aislado para evitar la transmisi\u00f3n. El Ministerio de Salud de la Naci\u00f3n emiti\u00f3 una alerta epidemiol\u00f3gica<\/em><\/strong><\/p>\n\n\n\n<p class=\"has-text-align-center\"><img decoding=\"async\" loading=\"lazy\" height=\"1080\" width=\"1980\" srcset=\"https:\/\/www.infobae.com\/new-resizer\/upq2DsTsXGgt4di8ESQ_nE5Bhlo=\/420x236\/filters:format(webp):quality(85)\/cloudfront-us-east-1.images.arcpublishing.com\/infobae\/CGL73JZ7TJH2VKA6JHSAIJPQRE.jpg 420w,https:\/\/www.infobae.com\/new-resizer\/O9hGjEPwsHM8knKwS3xtCTl7vnA=\/768x432\/filters:format(webp):quality(85)\/cloudfront-us-east-1.images.arcpublishing.com\/infobae\/CGL73JZ7TJH2VKA6JHSAIJPQRE.jpg 768w,https:\/\/www.infobae.com\/new-resizer\/-r7HlOfgXXOiDsk0mg_Nh-5qWs8=\/1200x675\/filters:format(webp):quality(85)\/cloudfront-us-east-1.images.arcpublishing.com\/infobae\/CGL73JZ7TJH2VKA6JHSAIJPQRE.jpg 1200w,https:\/\/www.infobae.com\/new-resizer\/RE5cIlhIHzCK2rFHO7dNeytfKko=\/1440x810\/filters:format(webp):quality(85)\/cloudfront-us-east-1.images.arcpublishing.com\/infobae\/CGL73JZ7TJH2VKA6JHSAIJPQRE.jpg 1440w\" src=\"https:\/\/www.infobae.com\/new-resizer\/upq2DsTsXGgt4di8ESQ_nE5Bhlo=\/420x236\/filters:format(webp):quality(85)\/cloudfront-us-east-1.images.arcpublishing.com\/infobae\/CGL73JZ7TJH2VKA6JHSAIJPQRE.jpg%20420w\" alt=\"El sarampi\u00f3n es una enfermedad viral que afecta sobre todo a los ni\u00f1os y puede causar severos problemas de salud  (Getty Images)\">El sarampi\u00f3n es una enfermedad viral que afecta sobre todo a los ni\u00f1os <\/p>\n\n\n\n<p>El Ministerio de Salud de la Naci\u00f3nconfirm\u00f3 un caso de\u00a0<strong>sarampi\u00f3n<\/strong><a rel=\"noreferrer noopener\" href=\"https:\/\/www.infobae.com\/salud\/2024\/02\/08\/confirmaron-un-caso-de-sarampion-en-la-ciudad-de-buenos-aires\/\" target=\"_blank\"><strong>\u00a0<\/strong><\/a>en\u00a0<strong>un nene de 6 a\u00f1os no vacunado que reside en Barcelona y arrib\u00f3 a la Ciudad de Buenos Aires el 27 de enero<\/strong>. A los dos d\u00edas de llegar al pa\u00eds, present\u00f3 fiebre, luego tos, rinitis, conjuntivitis y manchas de Koplic. El paciente evoluciona favorablemente sin haber requerido internaci\u00f3n y contin\u00faa con\u00a0<strong>aislamiento domiciliario y seguimiento cl\u00ednico<\/strong>, seg\u00fan confirmaron las autoridades.<a rel=\"noreferrer noopener\" href=\"https:\/\/www.infobae.com\/salud\/2024\/02\/08\/confirmaron-un-caso-de-sarampion-en-la-ciudad-de-buenos-aires\/\" target=\"_blank\"><\/a><\/p>\n\n\n\n<p>El caso fue notificado a las autoridades naciones el\u00a0<strong>6 de febrero<\/strong>, luego de que se identificaran s\u00edntomas de Enfermedad Febril Exantem\u00e1tica (EFE). Tras la confirmaci\u00f3n de la infecci\u00f3n a trav\u00e9s de los an\u00e1lisis del Laboratorio ANLIS-Malbr\u00e1n las autoridades sanitarias nacionales emitieron una alerta epidemiol\u00f3gica para reforzar la vigilancia de la enfermedad.<\/p>\n\n\n\n<p>El documento detall\u00f3 que \u201cel 4 de febrero el ni\u00f1o consult\u00f3 a un efector de salud privado, que ante la sospecha de sarampi\u00f3n, procedi\u00f3 al aislamiento respiratorio colocando barbijo al ni\u00f1o y sus padres y solicit\u00f3 los estudios de laboratorio pertinentes. El d\u00eda 6 de febrero se obtuvo resultado positivo de IgM en un laboratorio privado. El 7 de febrero el Laboratorio Nacional de Referencia ANLIS-Malbr\u00e1n recibi\u00f3 las muestras y&nbsp;<strong>confirm\u00f3 la infecci\u00f3n por detecci\u00f3n de genoma viral del virus del sarampi\u00f3n<\/strong>, por RT-qPCR en orina. Se encuentran en desarrollo los<strong>&nbsp;estudios para genotipificar el virus\u201d<\/strong>.<\/p>\n\n\n\n<p>El ni\u00f1o arrib\u00f3 al pa\u00eds procedente de\u00a0<strong>Espa\u00f1a<\/strong>. Infobae hab\u00eda informado hace pocos d\u00edas que\u00a0E<strong>uropa se enfrenta a un brote de sarampi\u00f3n<\/strong> sin precedentes con un aumento de m\u00e1s de 30 veces de los casos en todo el viejo continente en 2023.<a rel=\"noreferrer noopener\" href=\"https:\/\/www.infobae.com\/mexico\/2024\/02\/09\/esto-recomienda-la-unam-ante-el-aumento-de-casos-de-sarampion\/\" target=\"_blank\"><\/a><\/p>\n\n\n\n<p>El a\u00f1o pasado se registraron 42.200 casos de sarampi\u00f3n en 41 Estados de la Uni\u00f3n Europea, frente a los 941 casos notificados en todo 2022.<\/p>\n\n\n\n<p><strong>Riesgo de brotes de sarampi\u00f3n<\/strong><\/p>\n\n\n\n<p class=\"has-text-align-center\"><img decoding=\"async\" loading=\"lazy\" height=\"1080\" width=\"1920\" srcset=\"https:\/\/www.infobae.com\/new-resizer\/uGHUFYVu2JFApbuUVIBV-Nsf9eM=\/420x236\/filters:format(webp):quality(85)\/cloudfront-us-east-1.images.arcpublishing.com\/infobae\/LMVKRE6OY5HBHC6VW32CNFT23I.jpg 420w,https:\/\/www.infobae.com\/new-resizer\/MPVOVMDWhMjCI9lpXw5yGCPxIzI=\/768x432\/filters:format(webp):quality(85)\/cloudfront-us-east-1.images.arcpublishing.com\/infobae\/LMVKRE6OY5HBHC6VW32CNFT23I.jpg 768w,https:\/\/www.infobae.com\/new-resizer\/R6peU6sCO24hXk6h3dJCy28MsTQ=\/1200x675\/filters:format(webp):quality(85)\/cloudfront-us-east-1.images.arcpublishing.com\/infobae\/LMVKRE6OY5HBHC6VW32CNFT23I.jpg 1200w,https:\/\/www.infobae.com\/new-resizer\/5A2FVlevBs7l4quyjXy5b-HIM5o=\/1440x810\/filters:format(webp):quality(85)\/cloudfront-us-east-1.images.arcpublishing.com\/infobae\/LMVKRE6OY5HBHC6VW32CNFT23I.jpg 1440w\" src=\"https:\/\/www.infobae.com\/new-resizer\/uGHUFYVu2JFApbuUVIBV-Nsf9eM=\/420x236\/filters:format(webp):quality(85)\/cloudfront-us-east-1.images.arcpublishing.com\/infobae\/LMVKRE6OY5HBHC6VW32CNFT23I.jpg%20420w\" alt=\"Cuando hay brotes de sarampi\u00f3n en cualquier regi\u00f3n del mundo, puede propagarse a otras regiones f\u00e1cilmente (Gettyimages)\">Cuando hay brotes de sarampi\u00f3n en cualquier regi\u00f3n del mundo, puede propagarse a otras regiones f\u00e1cilmente <\/p>\n\n\n\n<p>En Argentina, el \u00faltimo caso de sarampi\u00f3n notificado en el pa\u00eds fue el de un<strong> <\/strong><strong>beb\u00e9 de 19 meses en Salta<\/strong>, sin antecedentes de viaje y que\u00a0<strong>tampoco estaba vacunado<\/strong>. El ni\u00f1o contrajo neumon\u00eda y debi\u00f3 ser hospitalizado en terapia intensiva, con buena evoluci\u00f3n posterior. El caso se confirm\u00f3 por laboratorio, detect\u00e1ndose genotipo D8 linaje MVs\/Pat\u00e1n.IND\/16.19, tambi\u00e9n identificado principalmente en casos de sarampi\u00f3n de\u00a0<strong>Reino Unido<\/strong>.<\/p>\n\n\n\n<p>\u201cExiste el&nbsp;<strong>riesgo de que se produzcan brotes de sarampi\u00f3n en la Argentina<\/strong>&nbsp;<strong>y otros pa\u00edses de Am\u00e9rica Latina<\/strong>. En ciudad de Buenos Aires, se detect\u00f3 un caso importado de un ni\u00f1o de 6 a\u00f1os\u201d, destac\u00f3 a&nbsp;<strong>Infobae&nbsp;<\/strong>la doctora&nbsp;<strong>\u00c1ngela Gentile<\/strong>, infect\u00f3loga pediatra, epidemi\u00f3loga, jefa del Departamento de Epidemiolog\u00eda del&nbsp;<strong>Hospital de Ni\u00f1os Ricardo Guti\u00e9rrez<\/strong>, miembro del comit\u00e9 regional de OPS\/OMS y presidenta de la Comisi\u00f3n Nacional de Inmunizaciones (<strong>CoNaIn<\/strong>) de la Argentina.<\/p>\n\n\n\n<p>La doctora Gentile enfatiz\u00f3 que \u201cen el contexto actual, deber\u00eda&nbsp;<strong>aumentarse la cobertura de inmunizaci\u00f3n<\/strong>&nbsp;y las familias deber\u00eda acompa\u00f1ar a los ni\u00f1os para que reciban la vacuna triple viral, que incluye la protecci\u00f3n contra el sarampi\u00f3n\u201d.<a href=\"https:\/\/www.infobae.com\/salud\/2024\/02\/06\/encefalomielitis-equina-confirmaron-el-primer-fallecimiento-en-la-provincia-de-cordoba\/\" rel=\"noreferrer noopener\" target=\"_blank\"><\/a><\/p>\n\n\n\n<p>Consultado por Infobae, el doctor&nbsp;<strong>Ricardo Teijeiro<\/strong>, infect\u00f3logo del Hospital Pirovano y miembro de la Sociedad Argentina de Infectolog\u00eda (<strong>SADI<\/strong>) resalt\u00f3 la importancia de la vacunaci\u00f3n: \u201cJustamente en este caso se trata de un ni\u00f1o que llega de Europa y no fue vacunado. Ese es un gran riesgo en nuestra poblaci\u00f3n, porque tenemos bajas cobertura, a\u00fan hay muchos chicos no fueron vacunados\u201d.<\/p>\n\n\n\n<p>\u201cEs importante tambi\u00e9n cuando se hace esta vigilancia epidemiol\u00f3gica tener en cuenta y hacer un seguimiento de todas las personas que estuvieron en contacto con el chico que tiene la infecci\u00f3n\u201d, agreg\u00f3 Teijeiro.<\/p>\n\n\n\n<p>A pesar de que<strong>\u00a0Argentina interrumpi\u00f3 la circulaci\u00f3n end\u00e9mica del sarampi\u00f3n en 2000<\/strong>, se han registrado brotes espor\u00e1dicos desde entonces, lo que subraya la necesidad de mantener altas coberturas de vacunaci\u00f3n y un sistema de vigilancia eficiente. Desde las carteras de salud de la Naci\u00f3n y CABA instaron a la poblaci\u00f3n a contar con el\u00a0<strong>esquema completo de vacunaci\u00f3n contra sarampi\u00f3n y rub\u00e9ola<\/strong>, seg\u00fan las indicaciones del Calendario Nacional de Vacunaci\u00f3n.<\/p>\n\n\n\n<p><strong>Qu\u00e9 es el sarampi\u00f3n y cu\u00e1les son sus s\u00edntomas<\/strong><\/p>\n\n\n\n<p class=\"has-text-align-center\"><img decoding=\"async\" loading=\"lazy\" height=\"1280\" width=\"1920\" srcset=\"https:\/\/www.infobae.com\/new-resizer\/zchGpLaMJ-aBowULiZ0-iIJWS0Q=\/420x280\/filters:format(webp):quality(85)\/cloudfront-us-east-1.images.arcpublishing.com\/infobae\/MM2M6Y6AWVE5VOE5RG5W3S4S5M.jpg 420w,https:\/\/www.infobae.com\/new-resizer\/_U7s4DyAaYm39C5KceWEHaUoCyU=\/768x512\/filters:format(webp):quality(85)\/cloudfront-us-east-1.images.arcpublishing.com\/infobae\/MM2M6Y6AWVE5VOE5RG5W3S4S5M.jpg 768w,https:\/\/www.infobae.com\/new-resizer\/Vx8t9ELAxg7daLDqpYKqFe5idXI=\/1200x800\/filters:format(webp):quality(85)\/cloudfront-us-east-1.images.arcpublishing.com\/infobae\/MM2M6Y6AWVE5VOE5RG5W3S4S5M.jpg 1200w,https:\/\/www.infobae.com\/new-resizer\/p53c1MiWe1w-F8cAoGVL3m_zEPQ=\/1440x960\/filters:format(webp):quality(85)\/cloudfront-us-east-1.images.arcpublishing.com\/infobae\/MM2M6Y6AWVE5VOE5RG5W3S4S5M.jpg 1440w\" src=\"https:\/\/www.infobae.com\/new-resizer\/zchGpLaMJ-aBowULiZ0-iIJWS0Q=\/420x280\/filters:format(webp):quality(85)\/cloudfront-us-east-1.images.arcpublishing.com\/infobae\/MM2M6Y6AWVE5VOE5RG5W3S4S5M.jpg%20420w\" alt=\"Europa est\u00e1 experimentando un &quot;aumento alarmante&quot; de los casos de sarampi\u00f3n, advirti\u00f3 la Organizaci\u00f3n Mundial de la Salud (OMS), con un incremento de m\u00e1s de 30 veces en toda la regi\u00f3n en 2023 (getty)\n\">Europa est\u00e1 experimentando un \"aumento alarmante\" de los casos de sarampi\u00f3n<\/p>\n\n\n\n<p>El sarampi\u00f3n es una enfermedad respiratoria grave (de los pulmones y las v\u00edas respiratorias). Que causa sarpullido y fiebre. Es una de las enfermedades virales m\u00e1s contagiosa que&nbsp;<strong>afecta especialmente a los ni\u00f1os<\/strong>&nbsp;y puede ser mortal.<\/p>\n\n\n\n<p>El sarampi\u00f3n empieza con una fiebre que puede ser muy alta. Algunos de los otros s\u00edntomas que pueden presentarse son:<\/p>\n\n\n\n<ul>\n<li>Tos, moqueo o secreci\u00f3n nasal y enrojecimiento de los ojos.<\/li>\n\n\n\n<li>Sarpullido de diminutos puntitos rojos que empieza en la cabeza y luego se extiende al resto del cuerpo.<\/li>\n\n\n\n<li>Diarrea.<\/li>\n\n\n\n<li>Infecci\u00f3n de o\u00eddo.<\/li>\n<\/ul>\n\n\n\n<p><strong>Qui\u00e9nes deben vacunarse contra el sarampi\u00f3n<\/strong><\/p>\n\n\n\n<p class=\"has-text-align-center\"><img decoding=\"async\" loading=\"lazy\" height=\"1280\" width=\"1920\" srcset=\"https:\/\/www.infobae.com\/new-resizer\/2vWRv3X6d2oX8Xy83El2LQxsWDg=\/420x280\/filters:format(webp):quality(85)\/cloudfront-us-east-1.images.arcpublishing.com\/infobae\/FDGJTMW4KJEF5HA3FYRONBLM4E.jpg 420w,https:\/\/www.infobae.com\/new-resizer\/bdvcK5Dwi548BoXFZnL-CCaVnLE=\/768x512\/filters:format(webp):quality(85)\/cloudfront-us-east-1.images.arcpublishing.com\/infobae\/FDGJTMW4KJEF5HA3FYRONBLM4E.jpg 768w,https:\/\/www.infobae.com\/new-resizer\/GJ0fxaPwrA8BtqN6a6xO4T9t6s4=\/1200x800\/filters:format(webp):quality(85)\/cloudfront-us-east-1.images.arcpublishing.com\/infobae\/FDGJTMW4KJEF5HA3FYRONBLM4E.jpg 1200w,https:\/\/www.infobae.com\/new-resizer\/RoLW3fONCcCbrJ-zQ5ZuYosS-bI=\/1440x960\/filters:format(webp):quality(85)\/cloudfront-us-east-1.images.arcpublishing.com\/infobae\/FDGJTMW4KJEF5HA3FYRONBLM4E.jpg 1440w\" src=\"https:\/\/www.infobae.com\/new-resizer\/2vWRv3X6d2oX8Xy83El2LQxsWDg=\/420x280\/filters:format(webp):quality(85)\/cloudfront-us-east-1.images.arcpublishing.com\/infobae\/FDGJTMW4KJEF5HA3FYRONBLM4E.jpg%20420w\" alt=\"Autoridades de salud de Buenos Aires emitieron un alerta y promueven la vacunaci\u00f3n tras confirmarse un caso de sarampi\u00f3n en un ni\u00f1o no inmunizado, resaltando la importancia de la prevenci\u00f3n (Getty Images)\n\">Autoridades de salud de Buenos Aires emitieron un alerta y promueven la vacunaci\u00f3n <\/p>\n\n\n\n<p>\u201c<strong>Es importante que la cobertura de la vacunaci\u00f3n supere al 95% en cada pa\u00eds<\/strong>. As\u00ed, si ingresa alguien con sarampi\u00f3n desde otro pa\u00eds, los ni\u00f1os estar\u00e1n protegidos contra la infecci\u00f3n y no se desarrollar\u00e1 un brote\u201d, afirm\u00f3 en di\u00e1logo con&nbsp;<strong>Infobae Gabriela Ensinck<\/strong>, m\u00e9dica infect\u00f3loga de la Sociedad Argentina de Pediatr\u00eda.<\/p>\n\n\n\n<p>\u201cSi se detecta un caso, debe permanecer aislado los primeros 7 d\u00edas para que se evite la transmisi\u00f3n del virus del sarampi\u00f3n. Se trata de una enfermedad altamente contagiosa, que puede acarrear varias complicaciones como encefalitis\u201d, agreg\u00f3.<\/p>\n\n\n\n<p>Todas las personas desde el a\u00f1o de vida deben tener&nbsp;<strong>esquema de vacunaci\u00f3n completo contra el sarampi\u00f3n y la rub\u00e9ola<\/strong>, seg\u00fan&nbsp;<strong>Calendario Nacional de Vacunaci\u00f3n<\/strong>.<\/p>\n\n\n\n<p>- De 12 meses a 4 a\u00f1os: deben acreditar una dosis de vacuna triple viral<\/p>\n\n\n\n<p>- Mayores de 5 a\u00f1os, adolescentes y personas adultas deben acreditar al menos dos dosis de vacuna con componente contra sarampi\u00f3n y rub\u00e9ola aplicada despu\u00e9s del a\u00f1o de vida (doble o triple viral) o contar con serolog\u00eda IgG positiva para sarampi\u00f3n y rub\u00e9ola<\/p>\n\n\n\n<p>- Las personas nacidas antes de 1965 se consideran inmunes y no necesitan vacunarse<\/p>\n","protected":false},"excerpt":{"rendered":"<p>Un nene de 6 a\u00f1os no vacunado y residente en Barcelona arrib\u00f3 a la Ciudad de Buenos Aires y dos d\u00edas despu\u00e9s comenz\u00f3 con s\u00edntomas. Permanece aislado para evitar la transmisi\u00f3n. El Ministerio de Salud de la Naci\u00f3n emiti\u00f3 una alerta epidemiol\u00f3gica El sarampi\u00f3n es una enfermedad viral que afecta sobre todo a los ni\u00f1os [&hellip;]<\/p>\n","protected":false},"author":5,"featured_media":401908,"comment_status":"open","ping_status":"open","sticky":false,"template":"","format":"standard","meta":{"_stopmodifiedupdate":false,"_modified_date":"","inline_featured_image":false,"spay_email":"","jetpack_publicize_message":""},"categories":[5],"tags":[],"jetpack_featured_media_url":"https:\/\/notinor.com\/jujuy\/wp-content\/uploads\/2024\/02\/SARAMPION.jpg","jetpack_publicize_connections":[],"_links":{"self":[{"href":"https:\/\/notinor.com\/jujuy\/wp-json\/wp\/v2\/posts\/401907"}],"collection":[{"href":"https:\/\/notinor.com\/jujuy\/wp-json\/wp\/v2\/posts"}],"about":[{"href":"https:\/\/notinor.com\/jujuy\/wp-json\/wp\/v2\/types\/post"}],"author":[{"embeddable":true,"href":"https:\/\/notinor.com\/jujuy\/wp-json\/wp\/v2\/users\/5"}],"replies":[{"embeddable":true,"href":"https:\/\/notinor.com\/jujuy\/wp-json\/wp\/v2\/comments?post=401907"}],"version-history":[{"count":1,"href":"https:\/\/notinor.com\/jujuy\/wp-json\/wp\/v2\/posts\/401907\/revisions"}],"predecessor-version":[{"id":401909,"href":"https:\/\/notinor.com\/jujuy\/wp-json\/wp\/v2\/posts\/401907\/revisions\/401909"}],"wp:featuredmedia":[{"embeddable":true,"href":"https:\/\/notinor.com\/jujuy\/wp-json\/wp\/v2\/media\/401908"}],"wp:attachment":[{"href":"https:\/\/notinor.com\/jujuy\/wp-json\/wp\/v2\/media?parent=401907"}],"wp:term":[{"taxonomy":"category","embeddable":true,"href":"https:\/\/notinor.com\/jujuy\/wp-json\/wp\/v2\/categories?post=401907"},{"taxonomy":"post_tag","embeddable":true,"href":"https:\/\/notinor.com\/jujuy\/wp-json\/wp\/v2\/tags?post=401907"}],"curies":[{"name":"wp","href":"https:\/\/api.w.org\/{rel}","templated":true}]}}