{"id":401901,"date":"2024-02-09T09:34:38","date_gmt":"2024-02-09T12:34:38","guid":{"rendered":"https:\/\/notinor.com\/jujuy\/?p=401901"},"modified":"2024-02-09T09:34:39","modified_gmt":"2024-02-09T12:34:39","slug":"tras-su-gira-por-israel-milei-viaja-a-roma-para-reunirse-con-el-papa-francisco","status":"publish","type":"post","link":"https:\/\/notinor.com\/jujuy\/tras-su-gira-por-israel-milei-viaja-a-roma-para-reunirse-con-el-papa-francisco\/","title":{"rendered":"Tras su gira por Israel, Milei viaja a Roma para reunirse con el papa Francisco"},"content":{"rendered":"\n<p class=\"has-medium-font-size\"><strong><em>El lunes mantendr\u00e1 una entrevista con el sumo pont\u00edfice. Se reunir\u00e1 adem\u00e1s con su par de la Rep\u00fablica Italiana, Sergio Mattarella y con la presidenta del Consejo de Ministros de Italia, Giorgia Meloni.<\/em><\/strong><\/p>\n\n\n\n<ul><\/ul>\n\n\n\n<figure class=\"wp-block-image\"><img decoding=\"async\" src=\"https:\/\/i0.wp.com\/newspack-elsol.s3.amazonaws.com\/wp-content\/uploads\/2024\/02\/milei-0902.jpg?fit=1200%2C675&amp;ssl=1\" alt=\"\"\/><\/figure>\n\n\n\n<p>El presidente<strong>&nbsp;Javier Milei&nbsp;<\/strong>viaja este viernes desde Israel, donde realiz\u00f3 una visita de tres d\u00edas, a&nbsp;<strong>Roma&nbsp;<\/strong>(Italia), para participar el domingo en el&nbsp;<strong>Vaticano&nbsp;<\/strong>de la ceremonia de canonizaci\u00f3n de la primera santa argentina,<strong>&nbsp;Mama Antula<\/strong>, y el lunes mantener una entrevista con el<strong>&nbsp;papa Francisco<\/strong>.<\/p>\n\n\n\n<p>Milei parti\u00f3 este viernes por la ma\u00f1ana de Israel y su arribo al aeropuerto internacional de Roma-Fiumicino ser\u00e1 a las 10.30 (hora de Argentina, 14.30 hora local), seg\u00fan informaron fuentes oficiales.<\/p>\n\n\n\n<p><strong>La agenda que mantuvo Milei en Israel<\/strong><\/p>\n\n\n\n<p>Milei viene de mantener una intensa actividad de tres d\u00edas en Israel que incluy\u00f3 reuniones con el presidente de ese pa\u00eds,&nbsp;<strong>Isaac Herzog<\/strong>, y el primer ministro&nbsp;<strong>Benjam\u00edn<\/strong>&nbsp;<strong>Netanyahu<\/strong>; y visitas al Muro de los Lamentos, el Museo del Holocausto y el kibutz&nbsp;<strong>Nir Oz<\/strong>, atacado por el grupo Ham\u00e1s en octubre del a\u00f1o pasado.<\/p>\n\n\n\n<p>Ayer, tambi\u00e9n mantuvo una reuni\u00f3n con rehenes liberados, familiares de v\u00edctimas del terrorismo y de los argentinos que a\u00fan siguen secuestrados en la Franja de Gaza.<\/p>\n\n\n\n<p><strong>Su paso por Roma y el Vaticano<\/strong><\/p>\n\n\n\n<p>En esta segunda etapa de la gira, Milei participar\u00e1 el domingo de la ceremonia de canonizaci\u00f3n de Mar\u00eda Antonia de Paz y Figueroa \u201cMama Antula\u201d, a la cual fue invitado especialmente por el papa Francisco.<\/p>\n\n\n\n<p>En tanto, el lunes a las 5 (hora de Argentina, 9 hora local), Milei mantendr\u00e1 una audiencia con el pont\u00edfice argentino y, posteriormente, tiene pautada una reuni\u00f3n con el secretario de Estado de la Santa Sede, cardenal&nbsp;<strong>Pietro Parolin<\/strong>.<\/p>\n\n\n\n<p>La agenda del lunes completa con reuniones con su par de la Rep\u00fablica Italiana,<strong>&nbsp;Sergio Mattarella<\/strong>&nbsp;y con la presidenta del Consejo de Ministros de Italia,<strong>&nbsp;Giorgia Meloni<\/strong>.<\/p>\n\n\n\n<p>En la noche del pr\u00f3ximo lunes, el Presidente emprender\u00e1 el regreso a la Argentina, adonde llegar\u00e1 el martes.<\/p>\n","protected":false},"excerpt":{"rendered":"<p>El lunes mantendr\u00e1 una entrevista con el sumo pont\u00edfice. Se reunir\u00e1 adem\u00e1s con su par de la Rep\u00fablica Italiana, Sergio Mattarella y con la presidenta del Consejo de Ministros de Italia, Giorgia Meloni. El presidente&nbsp;Javier Milei&nbsp;viaja este viernes desde Israel, donde realiz\u00f3 una visita de tres d\u00edas, a&nbsp;Roma&nbsp;(Italia), para participar el domingo en el&nbsp;Vaticano&nbsp;de la [&hellip;]<\/p>\n","protected":false},"author":5,"featured_media":401902,"comment_status":"open","ping_status":"open","sticky":false,"template":"","format":"standard","meta":{"_stopmodifiedupdate":false,"_modified_date":"","inline_featured_image":false,"spay_email":"","jetpack_publicize_message":""},"categories":[2,5],"tags":[],"jetpack_featured_media_url":"https:\/\/notinor.com\/jujuy\/wp-content\/uploads\/2024\/02\/MILEI-7.jpg","jetpack_publicize_connections":[],"_links":{"self":[{"href":"https:\/\/notinor.com\/jujuy\/wp-json\/wp\/v2\/posts\/401901"}],"collection":[{"href":"https:\/\/notinor.com\/jujuy\/wp-json\/wp\/v2\/posts"}],"about":[{"href":"https:\/\/notinor.com\/jujuy\/wp-json\/wp\/v2\/types\/post"}],"author":[{"embeddable":true,"href":"https:\/\/notinor.com\/jujuy\/wp-json\/wp\/v2\/users\/5"}],"replies":[{"embeddable":true,"href":"https:\/\/notinor.com\/jujuy\/wp-json\/wp\/v2\/comments?post=401901"}],"version-history":[{"count":1,"href":"https:\/\/notinor.com\/jujuy\/wp-json\/wp\/v2\/posts\/401901\/revisions"}],"predecessor-version":[{"id":401903,"href":"https:\/\/notinor.com\/jujuy\/wp-json\/wp\/v2\/posts\/401901\/revisions\/401903"}],"wp:featuredmedia":[{"embeddable":true,"href":"https:\/\/notinor.com\/jujuy\/wp-json\/wp\/v2\/media\/401902"}],"wp:attachment":[{"href":"https:\/\/notinor.com\/jujuy\/wp-json\/wp\/v2\/media?parent=401901"}],"wp:term":[{"taxonomy":"category","embeddable":true,"href":"https:\/\/notinor.com\/jujuy\/wp-json\/wp\/v2\/categories?post=401901"},{"taxonomy":"post_tag","embeddable":true,"href":"https:\/\/notinor.com\/jujuy\/wp-json\/wp\/v2\/tags?post=401901"}],"curies":[{"name":"wp","href":"https:\/\/api.w.org\/{rel}","templated":true}]}}