{"id":401894,"date":"2024-02-09T08:55:33","date_gmt":"2024-02-09T11:55:33","guid":{"rendered":"https:\/\/notinor.com\/jujuy\/?p=401894"},"modified":"2024-02-09T08:55:35","modified_gmt":"2024-02-09T11:55:35","slug":"jujuy-en-el-consejo-federal-de-educacion-hacia-una-politica-de-alfabetizacion","status":"publish","type":"post","link":"https:\/\/notinor.com\/jujuy\/jujuy-en-el-consejo-federal-de-educacion-hacia-una-politica-de-alfabetizacion\/","title":{"rendered":"Jujuy en el Consejo Federal de Educaci\u00f3n, hacia una pol\u00edtica de alfabetizaci\u00f3n"},"content":{"rendered":"\n<p class=\"has-medium-font-size\"><strong><em>La provincia de Jujuy est\u00e1 representada por la ministra Miriam Serrano, quien se encuentran acompa\u00f1ada por el secretario de Gesti\u00f3n Educativa, Federico Medrano.<\/em><\/strong><\/p>\n\n\n\n<figure class=\"wp-block-image\"><img decoding=\"async\" src=\"https:\/\/media.prensa.jujuy.gob.ar\/p\/dc160f7db5cf6e3cf7dac0b700e4863b\/adjuntos\/301\/imagenes\/000\/392\/0000392641\/1200x0\/smart\/edujpg.jpg\" alt=\"Jujuy en el Consejo Federal de Educaci\u00f3n, hacia una pol\u00edtica de alfabetizaci\u00f3n\" title=\"Jujuy en el Consejo Federal de Educaci\u00f3n, hacia una pol\u00edtica de alfabetizaci\u00f3n\"\/><\/figure>\n\n\n\n<p>En dependencias de la <strong>Organizacion de Estados Iberoamericanos (OEI),<\/strong> en la ciudad de Buenos Aires, los ministros de Educaci\u00f3n de todo el pa\u00eds, debatieron en la primera jornada preparatoria previa a la <strong>129 Asamblea del Consejo Federal de Educaci\u00f3n<\/strong>, el dise\u00f1o de una pol\u00edtica nacional de alfabetizaci\u00f3n.<\/p>\n\n\n\n<p>El encuentro es encabezado por el secretario de Educaci\u00f3n de la Naci\u00f3n, <strong>Carlos Torrendel<\/strong>, quien dio apertura a la primera previa a la asamblea que comenzar\u00e1 ma\u00f1ana viernes, con la exposici\u00f3n de distintos especialistas, representantes de organismos internacionales como BID y Banco Mundial, y de exposici\u00f3n de experiencias innovadoras de algunas jurisdicciones.<\/p>\n\n\n\n<p>La provincia de<strong>\u00a0Jujuy<\/strong>\u00a0est\u00e1 representada por la ministra <strong>Miriam Serrano<\/strong>, quien se encuentran acompa\u00f1ada por el secretario de Gesti\u00f3n Educativa, <strong>Federico Medrano<\/strong>. Cabe se\u00f1alar que en Jujuy, el gobierno educativo est\u00e1 encaminado en la puesta en marcha de un Plan Provincial de Alfabetizaci\u00f3n denominado Jujuy Lee.<\/p>\n\n\n\n<p>El dise\u00f1o de pol\u00edticas p\u00fablicas orientadas a mejorar la lectoescritura es parte de la agenda internacional para Am\u00e9rica Latina. Otro objetivo del CFE es acordar un documento que oriente esa pol\u00edtica p\u00fablica en materia de alfabetizaci\u00f3n a nivel nacional.&nbsp;<\/p>\n\n\n\n<p>En paralelo, hay otros temas que preocupan a las provincias como es el env\u00edo de fondos establecidos por ley y la continuidad o no de programas nacionales.<\/p>\n\n\n\n<p><strong>Primera jornada de actividad<\/strong><\/p>\n\n\n\n<p>La ministra de Educaci\u00f3n, Miriam Serrano y el secretario de Gesti\u00f3n Educativa, Federico Medrano, subrayaron la relevancia estrat\u00e9gica del tema central de la Asamblea que comienza ma\u00f1ana, ya que la provincia de Jujuy le otorga a la alfabetizaci\u00f3n un lugar central en su planeamiento educativo para los a\u00f1os venideros.&nbsp;<\/p>\n\n\n\n<p>La jornada preparatoria de hoy, jueves 8 de febrero, inici\u00f3 con sesiones de trabajo intensivas, donde los participantes tuvieron la oportunidad de intercambiar conocimientos y experiencias con especialistas destacados en el \u00e1mbito de la alfabetizaci\u00f3n. A trav\u00e9s de mesas redondas, conferencias magistrales y talleres especializados, se exploraron estrategias y pr\u00e1cticas innovadoras para fortalecer la educaci\u00f3n en materia de lectoescritura.&nbsp;<\/p>\n\n\n\n<p>Ma\u00f1ana, la Asamblea alcanzar\u00e1 seguramente su punto \u00e1lgido con una agenda meticulosamente planificada. Por la ma\u00f1ana, se llevar\u00e1n a cabo mesas de trabajo focalizadas en aspectos espec\u00edficos de la alfabetizaci\u00f3n, donde se discutir\u00e1n desaf\u00edos y se propondr\u00e1n soluciones concretas. Posteriormente, se dar\u00e1 paso a la asamblea principal, donde se presentar\u00e1n informes, se debatir\u00e1n resoluciones y se tomar\u00e1n decisiones trascendentales para el sistema educativo nacional.&nbsp;<\/p>\n\n\n\n<p>La 129\u00b0 asamblea del Consejo Federal de Educaci\u00f3n, que comenzar\u00e1 ma\u00f1ana, representa un espacio fundamental para el intercambio de ideas, la colaboraci\u00f3n interjurisdiccional y la definici\u00f3n de pol\u00edticas educativas basadas en evidencia. Se espera que los resultados y conclusiones obtenidos durante este encuentro contribuyan significativamente al fortalecimiento del sistema educativo argentino en materia de alfabetizaci\u00f3n.<\/p>\n\n\n\n<p><strong>Jujuy Lee<\/strong><\/p>\n\n\n\n<p>El Plan Provincial de Alfabetizaci\u00f3n (PPA) Jujuy Lee se origin\u00f3 en octubre de 2023, tras el an\u00e1lisis de datos desfavorables obtenidos en evaluaciones y del Congreso Internacional de Alfabetizaci\u00f3n en Am\u00e9rica Latina. El dise\u00f1o del plan involucra recursos humanos del Ministerio de Educaci\u00f3n y se basa en capacitaciones previas. Con un enfoque comunicativo y socio-constructivista, busca fortalecer los procesos de lectura y escritura en todos los niveles educativos.<br><br>La meta es que cada estudiante alcance habilidades de lectura y escritura que influyan en su proyecto de vida y ciudadan\u00eda. La participaci\u00f3n socio-comunitaria y la evaluaci\u00f3n continua son pilares fundamentales. La ejecuci\u00f3n del plan se extiende desde enero de 2024 hasta diciembre de 2030, con un cronograma preliminar que incluye reuniones, consultas y presentaciones.<br><br>La alfabetizaci\u00f3n se entiende como un derecho humano fundamental, y su universalizaci\u00f3n es una prioridad, con \u00e9nfasis en la atenci\u00f3n al contexto local y la colaboraci\u00f3n intersectorial. Las familias y la comunidad tienen un papel crucial en el proceso de alfabetizaci\u00f3n, que se centra en el desarrollo de competencias ling\u00fc\u00edsticas y la promoci\u00f3n de la lectura y la escritura como pr\u00e1cticas sociales vitales.<\/p>\n","protected":false},"excerpt":{"rendered":"<p>La provincia de Jujuy est\u00e1 representada por la ministra Miriam Serrano, quien se encuentran acompa\u00f1ada por el secretario de Gesti\u00f3n Educativa, Federico Medrano. En dependencias de la Organizacion de Estados Iberoamericanos (OEI), en la ciudad de Buenos Aires, los ministros de Educaci\u00f3n de todo el pa\u00eds, debatieron en la primera jornada preparatoria previa a la [&hellip;]<\/p>\n","protected":false},"author":5,"featured_media":401895,"comment_status":"open","ping_status":"open","sticky":false,"template":"","format":"standard","meta":{"_stopmodifiedupdate":false,"_modified_date":"","inline_featured_image":false,"spay_email":"","jetpack_publicize_message":""},"categories":[2],"tags":[],"jetpack_featured_media_url":"https:\/\/notinor.com\/jujuy\/wp-content\/uploads\/2024\/02\/EDUCACION.jpg","jetpack_publicize_connections":[],"_links":{"self":[{"href":"https:\/\/notinor.com\/jujuy\/wp-json\/wp\/v2\/posts\/401894"}],"collection":[{"href":"https:\/\/notinor.com\/jujuy\/wp-json\/wp\/v2\/posts"}],"about":[{"href":"https:\/\/notinor.com\/jujuy\/wp-json\/wp\/v2\/types\/post"}],"author":[{"embeddable":true,"href":"https:\/\/notinor.com\/jujuy\/wp-json\/wp\/v2\/users\/5"}],"replies":[{"embeddable":true,"href":"https:\/\/notinor.com\/jujuy\/wp-json\/wp\/v2\/comments?post=401894"}],"version-history":[{"count":1,"href":"https:\/\/notinor.com\/jujuy\/wp-json\/wp\/v2\/posts\/401894\/revisions"}],"predecessor-version":[{"id":401896,"href":"https:\/\/notinor.com\/jujuy\/wp-json\/wp\/v2\/posts\/401894\/revisions\/401896"}],"wp:featuredmedia":[{"embeddable":true,"href":"https:\/\/notinor.com\/jujuy\/wp-json\/wp\/v2\/media\/401895"}],"wp:attachment":[{"href":"https:\/\/notinor.com\/jujuy\/wp-json\/wp\/v2\/media?parent=401894"}],"wp:term":[{"taxonomy":"category","embeddable":true,"href":"https:\/\/notinor.com\/jujuy\/wp-json\/wp\/v2\/categories?post=401894"},{"taxonomy":"post_tag","embeddable":true,"href":"https:\/\/notinor.com\/jujuy\/wp-json\/wp\/v2\/tags?post=401894"}],"curies":[{"name":"wp","href":"https:\/\/api.w.org\/{rel}","templated":true}]}}