{"id":401891,"date":"2024-02-09T08:46:35","date_gmt":"2024-02-09T11:46:35","guid":{"rendered":"https:\/\/notinor.com\/jujuy\/?p=401891"},"modified":"2024-02-09T08:46:37","modified_gmt":"2024-02-09T11:46:37","slug":"sembrando-conciencia-inscriben-para-talleres-virtuales-de-huertas","status":"publish","type":"post","link":"https:\/\/notinor.com\/jujuy\/sembrando-conciencia-inscriben-para-talleres-virtuales-de-huertas\/","title":{"rendered":"Sembrando Conciencia: Inscriben para talleres virtuales de huertas"},"content":{"rendered":"\n<p class=\"has-medium-font-size\"><strong><em>Desde la Secretar\u00eda de Desarrollo Humano invitan a participar de los cursos virtuales enfocados en la creaci\u00f3n y mantenimiento de huertas, como parte de un programa continuo que busca promover la autonom\u00eda alimentaria y el cuidado del medio ambiente. Los interesados pueden inscribirse completando el\u00a0<a rel=\"noreferrer noopener\" href=\"https:\/\/docs.google.com\/forms\/d\/e\/1FAIpQLScwWdsb7HBQGr99NkbTy7bowhNQyi0JmEer5fHz1hRbqApNjQ\/viewform?pli=1\" target=\"_blank\">formulario de google<\/a>.<\/em><\/strong><\/p>\n\n\n<div class=\"wp-block-image\">\n<figure class=\"aligncenter size-large is-resized\"><img decoding=\"async\" loading=\"lazy\" src=\"https:\/\/notinor.com\/jujuy\/wp-content\/uploads\/2020\/01\/huerta-belgrano2-800x600-445x480.jpg\" alt=\"\" class=\"wp-image-228251\" width=\"678\" height=\"731\" srcset=\"https:\/\/notinor.com\/jujuy\/wp-content\/uploads\/2020\/01\/huerta-belgrano2-800x600-445x480.jpg 445w, https:\/\/notinor.com\/jujuy\/wp-content\/uploads\/2020\/01\/huerta-belgrano2-800x600-339x365.jpg 339w, https:\/\/notinor.com\/jujuy\/wp-content\/uploads\/2020\/01\/huerta-belgrano2-800x600-768x828.jpg 768w, https:\/\/notinor.com\/jujuy\/wp-content\/uploads\/2020\/01\/huerta-belgrano2-800x600.jpg 780w\" sizes=\"(max-width: 678px) 100vw, 678px\" \/><\/figure><\/div>\n\n\n<p>El secretario de Desarrollo Humano, Rodrigo Altea, destac\u00f3 la importancia del programa, subrayando su compromiso a largo plazo con la comunidad. \u201cTrabajamos intensamente con este programa que lleg\u00f3 hace tiempo para quedarse, ya que los vecinos lo requieren. No solo se trata de proporcionar alimentos en casa, sino que tambi\u00e9n tiene un impacto directo en la cuesti\u00f3n ambiental, promoviendo la producci\u00f3n de alimentos org\u00e1nicos para mejorar la calidad de vida de las familias\u201d, afirm\u00f3.<\/p>\n\n\n<div class=\"wp-block-image\">\n<figure class=\"aligncenter size-large\"><img decoding=\"async\" loading=\"lazy\" width=\"480\" height=\"480\" src=\"https:\/\/notinor.com\/jujuy\/wp-content\/uploads\/2024\/02\/huerta-480x480.jpeg\" alt=\"\" class=\"wp-image-401892\" srcset=\"https:\/\/notinor.com\/jujuy\/wp-content\/uploads\/2024\/02\/huerta-480x480.jpeg 480w, https:\/\/notinor.com\/jujuy\/wp-content\/uploads\/2024\/02\/huerta-365x365.jpeg 365w, https:\/\/notinor.com\/jujuy\/wp-content\/uploads\/2024\/02\/huerta-75x75.jpeg 75w, https:\/\/notinor.com\/jujuy\/wp-content\/uploads\/2024\/02\/huerta.jpeg 591w\" sizes=\"(max-width: 480px) 100vw, 480px\" \/><\/figure><\/div>\n\n\n<p>La virtualidad tambi\u00e9n fue abordada durante la entrevista se\u00f1alando que todas las acciones se dise\u00f1an considerando la descentralizaci\u00f3n y la modernizaci\u00f3n de los canales de comunicaci\u00f3n para llegar a un mayor n\u00famero de personas.<\/p>\n\n\n\n<p>En cuanto a los detalles de los talleres virtuales, la directora de Asistencia Directa, Marisa Garcia, inform\u00f3 que las inscripciones para los talleres virtuales de \u201cSembrando Conciencia\u201d estar\u00e1n abiertas desde el 1 de febrero hasta el 29 de febrero. Los talleres, reconocidos por su enfoque en la autonom\u00eda alimentaria y la soberan\u00eda alimentaria, buscan fomentar el reciclaje y el cuidado del medio ambiente, promoviendo h\u00e1bitos saludables a trav\u00e9s de una alimentaci\u00f3n sana.<\/p>\n\n\n\n<p>Los talleres virtuales, que se llevar\u00e1n a cabo del 5 de marzo al 18 de junio, constar\u00e1n de 16 encuentros con el objetivo final de que cada familia participante tenga una huerta en pleno funcionamiento al concluir el ciclo. Todos los talleres, impulsados por la Secretar\u00eda de Desarrollo Humano, ser\u00e1n gratuitos.<\/p>\n\n\n\n<p>Para inscribirse, los interesados podr\u00e1n comunicarse a los n\u00fameros proporcionados, 388 \u2013 429 70 71 o 388 \u2013 593 71 90, de 8 a 12 hs., para obtener m\u00e1s informaci\u00f3n o realizar consultas. La fecha l\u00edmite para inscribirse es el 29 de febrero.<\/p>\n\n\n\n<p><strong>Nota audiovisual:<\/strong>&nbsp;<a href=\"https:\/\/youtu.be\/yY_cpBE5NAA\" target=\"_blank\" rel=\"noreferrer noopener\">https:\/\/youtu.be\/yY_cpBE5NAA<\/a><\/p>\n","protected":false},"excerpt":{"rendered":"<p>Desde la Secretar\u00eda de Desarrollo Humano invitan a participar de los cursos virtuales enfocados en la creaci\u00f3n y mantenimiento de huertas, como parte de un programa continuo que busca promover la autonom\u00eda alimentaria y el cuidado del medio ambiente. Los interesados pueden inscribirse completando el\u00a0formulario de google. El secretario de Desarrollo Humano, Rodrigo Altea, destac\u00f3 [&hellip;]<\/p>\n","protected":false},"author":5,"featured_media":271299,"comment_status":"open","ping_status":"open","sticky":false,"template":"","format":"standard","meta":{"_stopmodifiedupdate":false,"_modified_date":"","inline_featured_image":false,"spay_email":"","jetpack_publicize_message":""},"categories":[514],"tags":[],"jetpack_featured_media_url":"https:\/\/notinor.com\/jujuy\/wp-content\/uploads\/2020\/10\/huerta-1024x768-1.jpeg","jetpack_publicize_connections":[],"_links":{"self":[{"href":"https:\/\/notinor.com\/jujuy\/wp-json\/wp\/v2\/posts\/401891"}],"collection":[{"href":"https:\/\/notinor.com\/jujuy\/wp-json\/wp\/v2\/posts"}],"about":[{"href":"https:\/\/notinor.com\/jujuy\/wp-json\/wp\/v2\/types\/post"}],"author":[{"embeddable":true,"href":"https:\/\/notinor.com\/jujuy\/wp-json\/wp\/v2\/users\/5"}],"replies":[{"embeddable":true,"href":"https:\/\/notinor.com\/jujuy\/wp-json\/wp\/v2\/comments?post=401891"}],"version-history":[{"count":1,"href":"https:\/\/notinor.com\/jujuy\/wp-json\/wp\/v2\/posts\/401891\/revisions"}],"predecessor-version":[{"id":401893,"href":"https:\/\/notinor.com\/jujuy\/wp-json\/wp\/v2\/posts\/401891\/revisions\/401893"}],"wp:featuredmedia":[{"embeddable":true,"href":"https:\/\/notinor.com\/jujuy\/wp-json\/wp\/v2\/media\/271299"}],"wp:attachment":[{"href":"https:\/\/notinor.com\/jujuy\/wp-json\/wp\/v2\/media?parent=401891"}],"wp:term":[{"taxonomy":"category","embeddable":true,"href":"https:\/\/notinor.com\/jujuy\/wp-json\/wp\/v2\/categories?post=401891"},{"taxonomy":"post_tag","embeddable":true,"href":"https:\/\/notinor.com\/jujuy\/wp-json\/wp\/v2\/tags?post=401891"}],"curies":[{"name":"wp","href":"https:\/\/api.w.org\/{rel}","templated":true}]}}