{"id":401880,"date":"2024-02-09T08:34:10","date_gmt":"2024-02-09T11:34:10","guid":{"rendered":"https:\/\/notinor.com\/jujuy\/?p=401880"},"modified":"2024-02-09T08:34:11","modified_gmt":"2024-02-09T11:34:11","slug":"exitoso-jueves-de-comadres-en-villa-jardin-de-reyes","status":"publish","type":"post","link":"https:\/\/notinor.com\/jujuy\/exitoso-jueves-de-comadres-en-villa-jardin-de-reyes\/","title":{"rendered":"Exitoso Jueves de Comadres en Villa Jard\u00edn de Reyes"},"content":{"rendered":"\n<p class=\"has-medium-font-size\"><strong><em>El tradicional Jueves de Comadres, organizado por la Municipalidad de San Salvador de Jujuy, vivi\u00f3 una jornada de \u00e9xito en la Delegaci\u00f3n Municipal de Villa Jard\u00edn de Reyes. Este evento, que ha ganado reconocimiento como una cita obligada para vecinas y vecinos del barrio y la ciudad entera, marca el inicio del Carnaval.<\/em><\/strong><\/p>\n\n\n<div class=\"wp-block-image\">\n<figure class=\"aligncenter size-large\"><img decoding=\"async\" loading=\"lazy\" width=\"686\" height=\"480\" src=\"https:\/\/notinor.com\/jujuy\/wp-content\/uploads\/2024\/02\/comadre-686x480.jpg\" alt=\"\" class=\"wp-image-401882\" srcset=\"https:\/\/notinor.com\/jujuy\/wp-content\/uploads\/2024\/02\/comadre-686x480.jpg 686w, https:\/\/notinor.com\/jujuy\/wp-content\/uploads\/2024\/02\/comadre-522x365.jpg 522w, https:\/\/notinor.com\/jujuy\/wp-content\/uploads\/2024\/02\/comadre-768x537.jpg 768w, https:\/\/notinor.com\/jujuy\/wp-content\/uploads\/2024\/02\/comadre-750x524.jpg 750w, https:\/\/notinor.com\/jujuy\/wp-content\/uploads\/2024\/02\/comadre-1140x797.jpg 1140w, https:\/\/notinor.com\/jujuy\/wp-content\/uploads\/2024\/02\/comadre.jpg 1536w\" sizes=\"(max-width: 686px) 100vw, 686px\" \/><\/figure><\/div>\n\n\n<p>\u201cEstamos muy contentos de estar realizando otra nueva edicion, de lo que es Jueves de Comadres. La verdad, estamos muy contentos. Arranca lo que es el calendario fuerte de Carnaval\u201d, expres\u00f3 el secretario de Cultura y Turismo, Luciano C\u00f3rdoba. Destac\u00f3 la excelente respuesta de la gente y la importancia de esta apertura para disfrutar del tradicional carnaval.<\/p>\n\n\n<div class=\"wp-block-image\">\n<figure class=\"aligncenter size-large\"><img decoding=\"async\" loading=\"lazy\" width=\"570\" height=\"480\" src=\"https:\/\/notinor.com\/jujuy\/wp-content\/uploads\/2024\/02\/comadre-1-570x480.jpg\" alt=\"\" class=\"wp-image-401883\" srcset=\"https:\/\/notinor.com\/jujuy\/wp-content\/uploads\/2024\/02\/comadre-1-570x480.jpg 570w, https:\/\/notinor.com\/jujuy\/wp-content\/uploads\/2024\/02\/comadre-1-433x365.jpg 433w, https:\/\/notinor.com\/jujuy\/wp-content\/uploads\/2024\/02\/comadre-1-768x647.jpg 768w, https:\/\/notinor.com\/jujuy\/wp-content\/uploads\/2024\/02\/comadre-1-750x632.jpg 750w, https:\/\/notinor.com\/jujuy\/wp-content\/uploads\/2024\/02\/comadre-1-1140x960.jpg 1140w, https:\/\/notinor.com\/jujuy\/wp-content\/uploads\/2024\/02\/comadre-1.jpg 1536w\" sizes=\"(max-width: 570px) 100vw, 570px\" \/><\/figure><\/div>\n\n\n<p>Por su parte, Natalia Lovito, subdirectora de la Delegaci\u00f3n Municipal de Villa Jard\u00edn de Reyes, comparti\u00f3 su satisfacci\u00f3n, \u201ccomo siempre, esperamos mucha convocatoria y hoy no fue la excepci\u00f3n. Muy contentos de que podamos celebrar un Jueves de Comadres un a\u00f1o m\u00e1s en la Delegaci\u00f3n\u201d.<\/p>\n\n\n<div class=\"wp-block-image\">\n<figure class=\"aligncenter size-large\"><img decoding=\"async\" loading=\"lazy\" width=\"639\" height=\"480\" src=\"https:\/\/notinor.com\/jujuy\/wp-content\/uploads\/2024\/02\/comadre-2-639x480.jpg\" alt=\"\" class=\"wp-image-401884\" srcset=\"https:\/\/notinor.com\/jujuy\/wp-content\/uploads\/2024\/02\/comadre-2-639x480.jpg 639w, https:\/\/notinor.com\/jujuy\/wp-content\/uploads\/2024\/02\/comadre-2-486x365.jpg 486w, https:\/\/notinor.com\/jujuy\/wp-content\/uploads\/2024\/02\/comadre-2-768x577.jpg 768w, https:\/\/notinor.com\/jujuy\/wp-content\/uploads\/2024\/02\/comadre-2-750x563.jpg 750w, https:\/\/notinor.com\/jujuy\/wp-content\/uploads\/2024\/02\/comadre-2-1140x856.jpg 1140w, https:\/\/notinor.com\/jujuy\/wp-content\/uploads\/2024\/02\/comadre-2.jpg 1536w\" sizes=\"(max-width: 639px) 100vw, 639px\" \/><\/figure><\/div>\n\n\n<p>La variedad gastron\u00f3mica fue uno de los puntos destacados del evento. Lovito mencion\u00f3 la presencia de las emprendedoras tradicionales y nuevas, as\u00ed como la innovaci\u00f3n en propuestas culinarias como el asado. \u201cLa comida cada d\u00eda es m\u00e1s rica\u201d, agreg\u00f3.<\/p>\n\n\n<div class=\"wp-block-image\">\n<figure class=\"aligncenter size-large\"><img decoding=\"async\" loading=\"lazy\" width=\"829\" height=\"480\" src=\"https:\/\/notinor.com\/jujuy\/wp-content\/uploads\/2024\/02\/comadre-829x480.png\" alt=\"\" class=\"wp-image-401885\" srcset=\"https:\/\/notinor.com\/jujuy\/wp-content\/uploads\/2024\/02\/comadre-829x480.png 829w, https:\/\/notinor.com\/jujuy\/wp-content\/uploads\/2024\/02\/comadre-630x365.png 630w, https:\/\/notinor.com\/jujuy\/wp-content\/uploads\/2024\/02\/comadre-768x445.png 768w, https:\/\/notinor.com\/jujuy\/wp-content\/uploads\/2024\/02\/comadre-750x434.png 750w, https:\/\/notinor.com\/jujuy\/wp-content\/uploads\/2024\/02\/comadre.png 958w\" sizes=\"(max-width: 829px) 100vw, 829px\" \/><\/figure><\/div>\n\n\n<p>Alejandra Guti\u00e9rrez, directora de Cultura del municipio capitalino, comparti\u00f3 su entusiasmo por esta emisi\u00f3n del evento, \u201cdisfrutamos como todos los a\u00f1os de una jornada maravillosa, mucha familia, mucha comadre compartiendo\u201d. Destac\u00f3 la participaci\u00f3n de Elsa Tapia y copleras en la ceremonia de la chaya del moj\u00f3n, as\u00ed como la emotiva ceremonia de cambio de bandera.<\/p>\n\n\n<div class=\"wp-block-image\">\n<figure class=\"aligncenter size-large\"><img decoding=\"async\" loading=\"lazy\" width=\"607\" height=\"480\" src=\"https:\/\/notinor.com\/jujuy\/wp-content\/uploads\/2024\/02\/comadres-1-607x480.jpg\" alt=\"\" class=\"wp-image-401881\" srcset=\"https:\/\/notinor.com\/jujuy\/wp-content\/uploads\/2024\/02\/comadres-1-607x480.jpg 607w, https:\/\/notinor.com\/jujuy\/wp-content\/uploads\/2024\/02\/comadres-1-462x365.jpg 462w, https:\/\/notinor.com\/jujuy\/wp-content\/uploads\/2024\/02\/comadres-1.jpg 750w\" sizes=\"(max-width: 607px) 100vw, 607px\" \/><\/figure><\/div>\n\n\n<p><strong>Nota audiovisual:&nbsp;<\/strong><a href=\"https:\/\/youtu.be\/o5RSnH76rR8\" target=\"_blank\" rel=\"noreferrer noopener\">https:\/\/youtu.be\/o5RSnH76rR8<\/a><\/p>\n","protected":false},"excerpt":{"rendered":"<p>El tradicional Jueves de Comadres, organizado por la Municipalidad de San Salvador de Jujuy, vivi\u00f3 una jornada de \u00e9xito en la Delegaci\u00f3n Municipal de Villa Jard\u00edn de Reyes. Este evento, que ha ganado reconocimiento como una cita obligada para vecinas y vecinos del barrio y la ciudad entera, marca el inicio del Carnaval. \u201cEstamos muy [&hellip;]<\/p>\n","protected":false},"author":5,"featured_media":401886,"comment_status":"open","ping_status":"open","sticky":false,"template":"","format":"standard","meta":{"_stopmodifiedupdate":false,"_modified_date":"","inline_featured_image":false,"spay_email":"","jetpack_publicize_message":""},"categories":[13],"tags":[],"jetpack_featured_media_url":"https:\/\/notinor.com\/jujuy\/wp-content\/uploads\/2024\/02\/comadre-3.jpg","jetpack_publicize_connections":[],"_links":{"self":[{"href":"https:\/\/notinor.com\/jujuy\/wp-json\/wp\/v2\/posts\/401880"}],"collection":[{"href":"https:\/\/notinor.com\/jujuy\/wp-json\/wp\/v2\/posts"}],"about":[{"href":"https:\/\/notinor.com\/jujuy\/wp-json\/wp\/v2\/types\/post"}],"author":[{"embeddable":true,"href":"https:\/\/notinor.com\/jujuy\/wp-json\/wp\/v2\/users\/5"}],"replies":[{"embeddable":true,"href":"https:\/\/notinor.com\/jujuy\/wp-json\/wp\/v2\/comments?post=401880"}],"version-history":[{"count":1,"href":"https:\/\/notinor.com\/jujuy\/wp-json\/wp\/v2\/posts\/401880\/revisions"}],"predecessor-version":[{"id":401887,"href":"https:\/\/notinor.com\/jujuy\/wp-json\/wp\/v2\/posts\/401880\/revisions\/401887"}],"wp:featuredmedia":[{"embeddable":true,"href":"https:\/\/notinor.com\/jujuy\/wp-json\/wp\/v2\/media\/401886"}],"wp:attachment":[{"href":"https:\/\/notinor.com\/jujuy\/wp-json\/wp\/v2\/media?parent=401880"}],"wp:term":[{"taxonomy":"category","embeddable":true,"href":"https:\/\/notinor.com\/jujuy\/wp-json\/wp\/v2\/categories?post=401880"},{"taxonomy":"post_tag","embeddable":true,"href":"https:\/\/notinor.com\/jujuy\/wp-json\/wp\/v2\/tags?post=401880"}],"curies":[{"name":"wp","href":"https:\/\/api.w.org\/{rel}","templated":true}]}}