{"id":401873,"date":"2024-02-08T19:11:11","date_gmt":"2024-02-08T22:11:11","guid":{"rendered":"https:\/\/notinor.com\/jujuy\/?p=401873"},"modified":"2024-02-08T19:11:13","modified_gmt":"2024-02-08T22:11:13","slug":"milei-elimino-un-fondo-que-subsidiaba-los-boletos-de-colectivo","status":"publish","type":"post","link":"https:\/\/notinor.com\/jujuy\/milei-elimino-un-fondo-que-subsidiaba-los-boletos-de-colectivo\/","title":{"rendered":"Milei elimin\u00f3 un fondo que subsidiaba los boletos de colectivo"},"content":{"rendered":"\n<p class=\"has-medium-font-size\"><strong><em>La secretar\u00eda de Transporte elimin\u00f3 el Fondo Compensador del Interior, cuyas sumas eran recibidas por empresas de transporte.<\/em><\/strong><\/p>\n\n\n<div class=\"wp-block-image\">\n<figure class=\"aligncenter size-large\"><img decoding=\"async\" loading=\"lazy\" width=\"825\" height=\"480\" src=\"https:\/\/notinor.com\/jujuy\/wp-content\/uploads\/2023\/08\/20220725012818_colectivos-concentracion-825x480.jpg\" alt=\"\" class=\"wp-image-389285\" srcset=\"https:\/\/notinor.com\/jujuy\/wp-content\/uploads\/2023\/08\/20220725012818_colectivos-concentracion-825x480.jpg 825w, https:\/\/notinor.com\/jujuy\/wp-content\/uploads\/2023\/08\/20220725012818_colectivos-concentracion-627x365.jpg 627w, https:\/\/notinor.com\/jujuy\/wp-content\/uploads\/2023\/08\/20220725012818_colectivos-concentracion-768x447.jpg 768w, https:\/\/notinor.com\/jujuy\/wp-content\/uploads\/2023\/08\/20220725012818_colectivos-concentracion-750x436.jpg 750w, https:\/\/notinor.com\/jujuy\/wp-content\/uploads\/2023\/08\/20220725012818_colectivos-concentracion.jpg 880w\" sizes=\"(max-width: 825px) 100vw, 825px\" \/><figcaption class=\"wp-element-caption\">Eliminan subsidios<\/figcaption><\/figure><\/div>\n\n\n<p> La medida tiene lugar luego de que el oficialismo acusara a las provincias de derribar la Ley \u00d3mnibus. El Gobierno elev\u00f3 la tensi\u00f3n con los gobernadores y elimin\u00f3 el Fondo Compensador del Interior, que subsidiaba los boletos de colectivo en las provincias. <\/p>\n\n\n\n<p><strong>Se trata de una nueva ofensiva de Javier Milei hacia los mandatarios luego de la ca\u00edda de la Ley \u00d3mnibus en Diputados.<\/strong><\/p>\n\n\n\n<p>En la c\u00fapula del Ejecutivo, mantienen que van a aumentar la austeridad y potenciar la aspereza con los gobernadores. <\/p>\n\n\n\n<blockquote class=\"wp-block-quote\">\n<p>\u201cQue paguen los sueldos con la suya, no va a haber ning\u00fan pacto fiscal en el corto plazo\u201d, le expres\u00f3 un cercano al presidente.<\/p>\n<\/blockquote>\n\n\n\n<p>Es por eso que comenzaron con el ajuste al interior: <strong>en el Gobierno sostienen que redujeron las tranferencias de fondos discrecionales a las provincias en un 98%, rechazaron la coparticipaci\u00f3n del impuesto PAIS<\/strong> y que no habr\u00e1 restituci\u00f3n de Ganancias en los pr\u00f3ximos meses.<\/p>\n\n\n\n<p>En Casa Rosada, aseguran que siguen dialogando con los gobernadores, pero se mantienen firmes en que la ley y el pacto fiscal no van a tener lugar. <strong>\u201cSe van a tener que ajustar, ahora no van a poder pagarle los recitales a Lali Esp\u00f3sito como antes\u201d, manifest\u00f3 un funcionario.<\/strong><\/p>\n\n\n\n<p>Las negociaciones del oficialismo con los gobernadores fracasaron y no hubo acuerdo por la Ley \u00d3mnibus. Hasta \u00faltimo momento, el ministro del Interior, Guillermo Francos, el asesor presidencial Santiago Caputo y el vicejefe de gabinete, Jos\u00e9 \u201cCochi\u201d Rolandi, estuvieron en el Congreso intentando destrabar la media sanci\u00f3n.<\/p>\n\n\n\n<p><strong>La promesa era acelerar la discusi\u00f3n del pacto fiscal para antes de marzo y luego de la media sanci\u00f3n con la inclusi\u00f3n Ganancias y otras v\u00edas para resolver el agujero de la recaudaci\u00f3n de las provincias.<\/strong><\/p>\n\n\n\n<p>No hubo acuerdo, el v\u00ednculo se rompi\u00f3 y el Gobierno sali\u00f3 a apuntar contra los legisladores que se opusieron al proyecto y contra los gobernadores que impulsaron la negativa. Estos son Mart\u00edn Llaryora (C\u00f3rdoba), Maximiliano Pullaro (Santa Fe), Carlos Sadir (Jujuy), Rolando Figueroa (Neuqu\u00e9n) y y Gustavo S\u00e1enz (Salta).<\/p>\n\n\n\n<p>El mismo Milei los trat\u00f3 de delincuentes y de querer destruir la Ley \u00d3mnibus en una entrevista que dio en su paso por el Estado de Israel. Mand\u00f3 a bajar el proyecto y no tiene intenciones de volver a tratar con el Congreso en el corto plazo.<\/p>\n","protected":false},"excerpt":{"rendered":"<p>La secretar\u00eda de Transporte elimin\u00f3 el Fondo Compensador del Interior, cuyas sumas eran recibidas por empresas de transporte. La medida tiene lugar luego de que el oficialismo acusara a las provincias de derribar la Ley \u00d3mnibus. El Gobierno elev\u00f3 la tensi\u00f3n con los gobernadores y elimin\u00f3 el Fondo Compensador del Interior, que subsidiaba los boletos [&hellip;]<\/p>\n","protected":false},"author":53,"featured_media":389285,"comment_status":"open","ping_status":"open","sticky":false,"template":"","format":"standard","meta":{"_stopmodifiedupdate":false,"_modified_date":"","inline_featured_image":false,"spay_email":"","jetpack_publicize_message":""},"categories":[2,676],"tags":[3592,2967,3593],"jetpack_featured_media_url":"https:\/\/notinor.com\/jujuy\/wp-content\/uploads\/2023\/08\/20220725012818_colectivos-concentracion.jpg","jetpack_publicize_connections":[],"_links":{"self":[{"href":"https:\/\/notinor.com\/jujuy\/wp-json\/wp\/v2\/posts\/401873"}],"collection":[{"href":"https:\/\/notinor.com\/jujuy\/wp-json\/wp\/v2\/posts"}],"about":[{"href":"https:\/\/notinor.com\/jujuy\/wp-json\/wp\/v2\/types\/post"}],"author":[{"embeddable":true,"href":"https:\/\/notinor.com\/jujuy\/wp-json\/wp\/v2\/users\/53"}],"replies":[{"embeddable":true,"href":"https:\/\/notinor.com\/jujuy\/wp-json\/wp\/v2\/comments?post=401873"}],"version-history":[{"count":1,"href":"https:\/\/notinor.com\/jujuy\/wp-json\/wp\/v2\/posts\/401873\/revisions"}],"predecessor-version":[{"id":401874,"href":"https:\/\/notinor.com\/jujuy\/wp-json\/wp\/v2\/posts\/401873\/revisions\/401874"}],"wp:featuredmedia":[{"embeddable":true,"href":"https:\/\/notinor.com\/jujuy\/wp-json\/wp\/v2\/media\/389285"}],"wp:attachment":[{"href":"https:\/\/notinor.com\/jujuy\/wp-json\/wp\/v2\/media?parent=401873"}],"wp:term":[{"taxonomy":"category","embeddable":true,"href":"https:\/\/notinor.com\/jujuy\/wp-json\/wp\/v2\/categories?post=401873"},{"taxonomy":"post_tag","embeddable":true,"href":"https:\/\/notinor.com\/jujuy\/wp-json\/wp\/v2\/tags?post=401873"}],"curies":[{"name":"wp","href":"https:\/\/api.w.org\/{rel}","templated":true}]}}