{"id":401869,"date":"2024-02-08T18:14:04","date_gmt":"2024-02-08T21:14:04","guid":{"rendered":"https:\/\/notinor.com\/jujuy\/?p=401869"},"modified":"2024-02-08T18:14:06","modified_gmt":"2024-02-08T21:14:06","slug":"milei-descarto-la-opcion-de-convocar-a-un-plebiscito-por-la-ley-omnibus","status":"publish","type":"post","link":"https:\/\/notinor.com\/jujuy\/milei-descarto-la-opcion-de-convocar-a-un-plebiscito-por-la-ley-omnibus\/","title":{"rendered":"Milei descart\u00f3 la opci\u00f3n de convocar a un plebiscito por la Ley \u00d3mnibus"},"content":{"rendered":"\n<p class=\"has-medium-font-size\"><strong><em>Tras el fracaso del oficialismo en Diputados, distintas especulaciones comenzaron a circular sobre el futuro de la Ley \u00d3mnibus. <\/em><\/strong><\/p>\n\n\n<div class=\"wp-block-image\">\n<figure class=\"aligncenter size-large\"><img decoding=\"async\" loading=\"lazy\" width=\"720\" height=\"480\" src=\"https:\/\/notinor.com\/jujuy\/wp-content\/uploads\/2024\/02\/llora-milei-720x480.jpg\" alt=\"\" class=\"wp-image-401871\" srcset=\"https:\/\/notinor.com\/jujuy\/wp-content\/uploads\/2024\/02\/llora-milei-720x480.jpg 720w, https:\/\/notinor.com\/jujuy\/wp-content\/uploads\/2024\/02\/llora-milei-547x365.jpg 547w, https:\/\/notinor.com\/jujuy\/wp-content\/uploads\/2024\/02\/llora-milei-768x512.jpg 768w, https:\/\/notinor.com\/jujuy\/wp-content\/uploads\/2024\/02\/llora-milei-750x500.jpg 750w, https:\/\/notinor.com\/jujuy\/wp-content\/uploads\/2024\/02\/llora-milei-1140x760.jpg 1140w, https:\/\/notinor.com\/jujuy\/wp-content\/uploads\/2024\/02\/llora-milei.jpg 1450w\" sizes=\"(max-width: 720px) 100vw, 720px\" \/><figcaption class=\"wp-element-caption\">Javier Milei en Israel<\/figcaption><\/figure><\/div>\n\n\n<p>Una de las que m\u00e1s fuerza tom\u00f3 tiene que ver con la posibilidad de someter el proyecto a la voluntad popular a trav\u00e9s de un plebiscito. Sin embargo, Javier Milei termin\u00f3 descartando esa propuesta.<\/p>\n\n\n\n<p><strong>El Presidente tom\u00f3 la decisi\u00f3n durante su estad\u00eda en Israel, tras una noche de furia por el rechazo de la C\u00e1mara de Diputados a su megaproyecto.<\/strong><\/p>\n\n\n\n<p>La idea de insistir con la Ley \u201cBases\u201d a trav\u00e9s de una consulta popular hab\u00eda sido mencionada esta semana por el ministro del Interior, Guillermo Francos, quien se\u00f1al\u00f3: \u201cEl Presidente lo plante\u00f3 en su momento. \u00c9l lo dijo exactamente en estas circunstancias: \u2018Si no me aprueban las leyes que necesito, ir\u00e9 a una consulta popular\u2019. <\/p>\n\n\n\n<p>Son temas que todav\u00eda no est\u00e1n espec\u00edficamente preparados, pero que s\u00ed es una herramienta constitucional que existe y que el Presidente ver\u00e1 si la utiliza. <\/p>\n\n\n\n<blockquote class=\"wp-block-quote\">\n<p>Tambi\u00e9n es un elemento que tiene para generar una presi\u00f3n popular sobre en qu\u00e9 pa\u00eds queremos vivir.<\/p>\n<\/blockquote>\n\n\n\n<p><strong>Pese a las especulaciones, altas fuentes del Gobierno  confirmaron que finalmente no habr\u00e1 plebiscito por la Ley \u00d3mnibus.<\/strong> La decisi\u00f3n la tom\u00f3 el propio Milei desde Israel, donde se encuentra de gira, tras evaluar al detalle las ventajas y los costos de la alternativa.<\/p>\n\n\n\n<p>Fue una noche de furia en la madrugada del mi\u00e9rcoles en Tel Aviv. <strong>El primer mandatario sigui\u00f3 el desarrollo del debate en Diputados a la distancia y pr\u00e1cticamente no durmi\u00f3. <\/strong>Estuvo en contacto con sus colaboradores en la Argentina y se dedic\u00f3, junto a Santiago Caputo, a armar el discurso de ataque a los \u201ctraidores\u201d de los bloques aliados. Finalmente, tom\u00f3 una decisi\u00f3n sobre el futuro de la Ley \u00d3mnibus.<\/p>\n\n\n\n<p><strong>\u201cYa hubo un plebiscito y sacamos el 56 por ciento\u201d, le dijo el libertario a su mesa chica, haciendo alusi\u00f3n al resultado del balotaje.<\/strong> Seg\u00fan Milei, no tendr\u00eda sentido intentar revalidar el apoyo popular conseguido hace tres meses: teme que, aun imponi\u00e9ndose su propuesta, el porcentaje de votos positivos que consiga sea menor al del 19 de noviembre, erosionando su poder.<\/p>\n\n\n\n<p><strong>Lo cierto es que avanzar con una consulta popular hubiera traido m\u00e1s riesgos, tanto econ\u00f3micos como log\u00edsticos, pol\u00edticos y legales. <\/strong>Y ni siquiera ser\u00eda suficiente para saltear al Congreso: el Art\u00edculo 40 de la Constituci\u00f3n Nacional advierte que todo plebiscito convocado por el Presidente tiene un resultado no vinculante, es decir, que el resultado deber\u00eda ser validado por los legisladores.<\/p>\n","protected":false},"excerpt":{"rendered":"<p>Tras el fracaso del oficialismo en Diputados, distintas especulaciones comenzaron a circular sobre el futuro de la Ley \u00d3mnibus. Una de las que m\u00e1s fuerza tom\u00f3 tiene que ver con la posibilidad de someter el proyecto a la voluntad popular a trav\u00e9s de un plebiscito. Sin embargo, Javier Milei termin\u00f3 descartando esa propuesta. El Presidente [&hellip;]<\/p>\n","protected":false},"author":53,"featured_media":401871,"comment_status":"open","ping_status":"open","sticky":false,"template":"","format":"standard","meta":{"_stopmodifiedupdate":false,"_modified_date":"","inline_featured_image":false,"spay_email":"","jetpack_publicize_message":""},"categories":[2,501],"tags":[3578,3395,2967,3347],"jetpack_featured_media_url":"https:\/\/notinor.com\/jujuy\/wp-content\/uploads\/2024\/02\/llora-milei.jpg","jetpack_publicize_connections":[],"_links":{"self":[{"href":"https:\/\/notinor.com\/jujuy\/wp-json\/wp\/v2\/posts\/401869"}],"collection":[{"href":"https:\/\/notinor.com\/jujuy\/wp-json\/wp\/v2\/posts"}],"about":[{"href":"https:\/\/notinor.com\/jujuy\/wp-json\/wp\/v2\/types\/post"}],"author":[{"embeddable":true,"href":"https:\/\/notinor.com\/jujuy\/wp-json\/wp\/v2\/users\/53"}],"replies":[{"embeddable":true,"href":"https:\/\/notinor.com\/jujuy\/wp-json\/wp\/v2\/comments?post=401869"}],"version-history":[{"count":1,"href":"https:\/\/notinor.com\/jujuy\/wp-json\/wp\/v2\/posts\/401869\/revisions"}],"predecessor-version":[{"id":401872,"href":"https:\/\/notinor.com\/jujuy\/wp-json\/wp\/v2\/posts\/401869\/revisions\/401872"}],"wp:featuredmedia":[{"embeddable":true,"href":"https:\/\/notinor.com\/jujuy\/wp-json\/wp\/v2\/media\/401871"}],"wp:attachment":[{"href":"https:\/\/notinor.com\/jujuy\/wp-json\/wp\/v2\/media?parent=401869"}],"wp:term":[{"taxonomy":"category","embeddable":true,"href":"https:\/\/notinor.com\/jujuy\/wp-json\/wp\/v2\/categories?post=401869"},{"taxonomy":"post_tag","embeddable":true,"href":"https:\/\/notinor.com\/jujuy\/wp-json\/wp\/v2\/tags?post=401869"}],"curies":[{"name":"wp","href":"https:\/\/api.w.org\/{rel}","templated":true}]}}