{"id":401866,"date":"2024-02-08T17:31:31","date_gmt":"2024-02-08T20:31:31","guid":{"rendered":"https:\/\/notinor.com\/jujuy\/?p=401866"},"modified":"2024-02-08T17:31:34","modified_gmt":"2024-02-08T20:31:34","slug":"el-transporte-de-carga-subio-mas-del-20-sus-costos-en-enero","status":"publish","type":"post","link":"https:\/\/notinor.com\/jujuy\/el-transporte-de-carga-subio-mas-del-20-sus-costos-en-enero\/","title":{"rendered":"El transporte de carga subi\u00f3 m\u00e1s del 20% sus costos en enero"},"content":{"rendered":"\n<p class=\"has-medium-font-size\"><strong><em>El primer mes de 2024 arroj\u00f3 otro fuerte incremento de los costos del autotransporte de cargas.<\/em><\/strong><\/p>\n\n\n<div class=\"wp-block-image\">\n<figure class=\"aligncenter size-large\"><img decoding=\"async\" loading=\"lazy\" width=\"840\" height=\"473\" src=\"https:\/\/notinor.com\/jujuy\/wp-content\/uploads\/2024\/02\/transporte-granos-7-840x473.jpg\" alt=\"\" class=\"wp-image-401867\" srcset=\"https:\/\/notinor.com\/jujuy\/wp-content\/uploads\/2024\/02\/transporte-granos-7-840x473.jpg 840w, https:\/\/notinor.com\/jujuy\/wp-content\/uploads\/2024\/02\/transporte-granos-7-649x365.jpg 649w, https:\/\/notinor.com\/jujuy\/wp-content\/uploads\/2024\/02\/transporte-granos-7-768x432.jpg 768w, https:\/\/notinor.com\/jujuy\/wp-content\/uploads\/2024\/02\/transporte-granos-7-750x422.jpg 750w, https:\/\/notinor.com\/jujuy\/wp-content\/uploads\/2024\/02\/transporte-granos-7.jpg 1024w\" sizes=\"(max-width: 840px) 100vw, 840px\" \/><figcaption class=\"wp-element-caption\">Transporte de carga<\/figcaption><\/figure><\/div>\n\n\n<p><strong>Mover un cami\u00f3n fue 20,64% m\u00e1s caro durante enero y de ese modo se transform\u00f3 en el sexto mes consecutivo con aumentos de costos de dos d\u00edgitos<\/strong><\/p>\n\n\n\n<p>Luego del dato de diciembre, cuando se registr\u00f3 la variaci\u00f3n de costos mensual m\u00e1s elevada de los \u00faltimos 30 a\u00f1os (28,23%) y un r\u00e9cord en el aumento anual acumulado (247,6%), 8 de los 11 rubros que integran el <strong>\u00cdndice de Costos de Transporte (ICT) que elabora la Federaci\u00f3n Argentina de Entidades Empresarias del Autotransporte de Cargas (FADEEAC) y audita la Facultad de Ciencias Econ\u00f3micas de la Universidad de Buenos Aires (UBA)<\/strong>, volvieron a exhibir subas, seg\u00fan se desprende de un reciente informe de la Federaci\u00f3n Argentina de Entidades Empresarias del Autotransporte de Carga (FADEEAC)<\/p>\n\n\n\n<p>En un contexto de fuerte crecimiento de la nominalidad inflacionaria -que se fue profundizando en la segunda parte de 2023 y contin\u00faa en 2024-, FADEEAC public\u00f3 por segundo mes consecutivo una proyecci\u00f3n de costos en la primera quincena de enero.<\/p>\n\n\n\n<p>Los incrementos en el precio del Combustible (tras el aumento de 63% en diciembre, el principal elemento en la matriz de costos del sector aument\u00f3 22,59% en enero), sumado a la entrada en vigencia de la cuota paritaria del 25,1% y adicionales (como el devengamiento de la Asignaci\u00f3n No Remunerativa en forma anual), y la suba en insumos vinculados a los equipos (Seguros, Reparaciones y Material Rodante, principalmente) tuvieron una incidencia final de 20,64% en el \u00cdndice General (la proyecci\u00f3n al 16 de enero hab\u00eda sido de 16,42%).<\/p>\n\n\n\n<blockquote class=\"wp-block-quote\">\n<p>Por otra parte, los valores interanuales (febrero 2023-enero 2024) muestran aumentos acumulados de 297,24% para el ICT y de 313,09% para Combustibles.<\/p>\n<\/blockquote>\n\n\n\n<p><strong>El ICT releva mensualmente 11 rubros que impactan directamente en los costos de las empresas de transporte de cargas de todo el pa\u00eds, y es referencia en buena medida para la fijaci\u00f3n o ajuste de las tarifas del sector.<\/strong><\/p>\n\n\n\n<p>De acuerdo con los datos de enero, Patentes y Tasas (237,8%), que se mide de forma anual, encabez\u00f3 la lista de aumentos.<\/p>\n\n\n\n<p>Fuente. Todoagro.com<\/p>\n","protected":false},"excerpt":{"rendered":"<p>El primer mes de 2024 arroj\u00f3 otro fuerte incremento de los costos del autotransporte de cargas. Mover un cami\u00f3n fue 20,64% m\u00e1s caro durante enero y de ese modo se transform\u00f3 en el sexto mes consecutivo con aumentos de costos de dos d\u00edgitos Luego del dato de diciembre, cuando se registr\u00f3 la variaci\u00f3n de costos [&hellip;]<\/p>\n","protected":false},"author":53,"featured_media":401867,"comment_status":"open","ping_status":"open","sticky":false,"template":"","format":"standard","meta":{"_stopmodifiedupdate":false,"_modified_date":"","inline_featured_image":false,"spay_email":"","jetpack_publicize_message":""},"categories":[2542],"tags":[3591,3590,2739,123],"jetpack_featured_media_url":"https:\/\/notinor.com\/jujuy\/wp-content\/uploads\/2024\/02\/transporte-granos-7.jpg","jetpack_publicize_connections":[],"_links":{"self":[{"href":"https:\/\/notinor.com\/jujuy\/wp-json\/wp\/v2\/posts\/401866"}],"collection":[{"href":"https:\/\/notinor.com\/jujuy\/wp-json\/wp\/v2\/posts"}],"about":[{"href":"https:\/\/notinor.com\/jujuy\/wp-json\/wp\/v2\/types\/post"}],"author":[{"embeddable":true,"href":"https:\/\/notinor.com\/jujuy\/wp-json\/wp\/v2\/users\/53"}],"replies":[{"embeddable":true,"href":"https:\/\/notinor.com\/jujuy\/wp-json\/wp\/v2\/comments?post=401866"}],"version-history":[{"count":1,"href":"https:\/\/notinor.com\/jujuy\/wp-json\/wp\/v2\/posts\/401866\/revisions"}],"predecessor-version":[{"id":401868,"href":"https:\/\/notinor.com\/jujuy\/wp-json\/wp\/v2\/posts\/401866\/revisions\/401868"}],"wp:featuredmedia":[{"embeddable":true,"href":"https:\/\/notinor.com\/jujuy\/wp-json\/wp\/v2\/media\/401867"}],"wp:attachment":[{"href":"https:\/\/notinor.com\/jujuy\/wp-json\/wp\/v2\/media?parent=401866"}],"wp:term":[{"taxonomy":"category","embeddable":true,"href":"https:\/\/notinor.com\/jujuy\/wp-json\/wp\/v2\/categories?post=401866"},{"taxonomy":"post_tag","embeddable":true,"href":"https:\/\/notinor.com\/jujuy\/wp-json\/wp\/v2\/tags?post=401866"}],"curies":[{"name":"wp","href":"https:\/\/api.w.org\/{rel}","templated":true}]}}