{"id":401848,"date":"2024-02-08T13:30:20","date_gmt":"2024-02-08T16:30:20","guid":{"rendered":"https:\/\/notinor.com\/jujuy\/?p=401848"},"modified":"2024-02-08T13:30:22","modified_gmt":"2024-02-08T16:30:22","slug":"el-gobierno-nego-que-el-proyecto-de-una-diputada-oficialista-para-derogar-el-aborto-legal-sea-iniciativa-de-milei","status":"publish","type":"post","link":"https:\/\/notinor.com\/jujuy\/el-gobierno-nego-que-el-proyecto-de-una-diputada-oficialista-para-derogar-el-aborto-legal-sea-iniciativa-de-milei\/","title":{"rendered":"El Gobierno neg\u00f3 que el proyecto de una diputada oficialista para derogar el aborto legal sea iniciativa\u00a0de Milei"},"content":{"rendered":"\n<p class=\"has-medium-font-size\"><strong><em>El vocero presidencial se refiri\u00f3 al texto que present\u00f3 la libertaria Roc\u00edo Bonacci; ya hab\u00eda sido criticado por dirigentes de varios bloques<\/em><\/strong><\/p>\n\n\n<div class=\"wp-block-image\">\n<figure class=\"aligncenter size-large\"><img decoding=\"async\" loading=\"lazy\" width=\"756\" height=\"480\" src=\"https:\/\/notinor.com\/jujuy\/wp-content\/uploads\/2024\/02\/POLITICA-756x480.jpg\" alt=\"\" class=\"wp-image-401849\" srcset=\"https:\/\/notinor.com\/jujuy\/wp-content\/uploads\/2024\/02\/POLITICA-756x480.jpg 756w, https:\/\/notinor.com\/jujuy\/wp-content\/uploads\/2024\/02\/POLITICA-575x365.jpg 575w, https:\/\/notinor.com\/jujuy\/wp-content\/uploads\/2024\/02\/POLITICA-768x487.jpg 768w, https:\/\/notinor.com\/jujuy\/wp-content\/uploads\/2024\/02\/POLITICA-750x476.jpg 750w, https:\/\/notinor.com\/jujuy\/wp-content\/uploads\/2024\/02\/POLITICA.jpg 1078w\" sizes=\"(max-width: 756px) 100vw, 756px\" \/><\/figure><\/div>\n\n\n<p>En su conferencia de prensa, el vocero presidencial,&nbsp;<strong>Manuel Adorni<\/strong>, asegur\u00f3 que la decisi\u00f3n de&nbsp;<strong>discutir la derogaci\u00f3n de la ley de aborto legal \u201cno est\u00e1 en la agenda del Presidente\u201d<\/strong>. \u201cEstamos preocupados, abocados y trabajando sin descanso en otros temas much\u00edsimo m\u00e1s urgentes y, si se quiere, relevantes que este. [La iniciativa]&nbsp;<strong>no est\u00e1 impulsada por el Poder Ejecutivo<\/strong>\u201d, agreg\u00f3.<\/p>\n\n\n\n<p>Tras ello un legislador de la bancada libertaria explic\u00f3 a LA NACION: \u201cEl proyecto lo present\u00f3 Roc\u00edo [Bonacci], le pidi\u00f3 la firma a algunos diputados del bloque y el Ejecutivo no tiene nada que ver con esto. No se le consult\u00f3 ni nada\u201d.<\/p>\n\n\n\n<p>El texto oficialista&nbsp;<strong>define al aborto como un \u201cdelito\u201d<\/strong>&nbsp;y (a diferencia de lo que establece el<strong>&nbsp;C\u00f3digo Penal<\/strong>&nbsp;desde 1921)&nbsp;<strong>no contempla que queden exceptuadas las violaciones como no punibles<\/strong>. De esta forma, impulse a que quede a discrecionalidad de los jueces. \u201c<strong>Podr\u00e1n disponer que se except\u00fae de la pena a la mujer&nbsp;<\/strong>en atenci\u00f3n a los motivos que la impulsaron a cometer el delito, su actitud posterior y la naturaleza del hecho\u201d, establece el documento.<\/p>\n\n\n\n<p>Respecto de la \u201cno punibilidad de los abortos de embarazos originados en una violaci\u00f3n\u201d, la iniciativa argumenta que<strong>&nbsp;se elimina<\/strong>&nbsp;<strong>esa causal \u201cpor entender que la misma ha sido sistem\u00e1ticamente interpretada como una justificaci\u00f3n de la pr\u00e1ctica<\/strong>\u201d.<\/p>\n\n\n\n<p>Por otro lado, y como es habitual, el funcionario se refiri\u00f3 a las \u00faltimas medidas aplicadas por el Gobierno en pos de reducir los gastos del Estado. \u201cDurante enero<strong>&nbsp;se redujeron un 98% las trasferencias discrecionales a provincias<\/strong>. De esta forma, estamos transparentando un sistema que se usaba solo para hacer pol\u00edtica y se termina la plata para recitales de dudoso financiamiento, para organizaciones sociales que buscaban beneficios y para el empleo militante.&nbsp;<strong>Si todos hacemos un esfuerzo, tambi\u00e9n tienen que hacerlo los gobernadores<\/strong>\u201d, lanz\u00f3.<\/p>\n\n\n\n<p>En la misma l\u00ednea, destac\u00f3 la nueva implementaci\u00f3n del Ministerio de Seguridad, encabezado por<strong>&nbsp;Patricia Bullrich<\/strong>, que decidi\u00f3 reestablecer el&nbsp;<strong>protocolo general para el empleo de armas de fuego por parte de las fuerzas federales<\/strong>. \u201cBullrich lo hab\u00eda aprobado durante su anterior gesti\u00f3n como ministra de Seguridad y la antrop\u00f3loga (Sabina) Frederic lo sac\u00f3 a los 10 d\u00edas de asumir. Es una mala noticia para los delincuentes\u201d, afirm\u00f3 al apuntar contra la exministra de Seguridad durante el gobierno de Alberto Fern\u00e1ndez.<\/p>\n\n\n\n<p>El vocero tambi\u00e9n defendi\u00f3 el\u00a0r<strong>ecorte a los subsidios del transporte p\u00fablico<\/strong>\u00a0que anunci\u00f3 el Gobierno este jueves. \u201cTodo est\u00e1 en l\u00ednea con la reducci\u00f3n de los diferentes subsidios. El objetivo es lograr una\u00a0<strong>equidad\u00a0<\/strong>a lo largo y ancho del pa\u00eds, y\u00a0<strong>dejar de beneficiar a unos para perjudicar a otros<\/strong>\u201d, explic\u00f3 antes de agregar: \u201cVamos a tratar de que le llegue el subsidio a quien lo necesite.\u00a0<strong>La l\u00f3gica es que quien necesite viajar lo pueda hacer<\/strong>\u201d.<\/p>\n\n\n\n<p><strong>La reacci\u00f3n ante el proyecto para derogar el aborto legal<\/strong><\/p>\n\n\n\n<p>Legisladores de Hacemos Coalici\u00f3n Federal, PRO, Uni\u00f3n por la Patria (UP), Frente de Izquierda y hasta del oficialismo&nbsp;<strong>criticaron la propuesta de derogar la ley del aborto legal<\/strong>, que hasta ahora sembr\u00f3 m\u00e1s sorpresas y dudas que apoyo.<\/p>\n\n\n\n<p>La vicepresidenta de la C\u00e1mara de Diputados,\u00a0<strong>Cecilia Moreau<\/strong>, de UP, escribi\u00f3 en su cuenta de\u00a0<em>X\u00a0<\/em>que \u201c<strong>los derechos conquistados no van a ser arrebatados<\/strong>\u201d. \u201c<strong>Buscan cambiar de tema, se equivocan otra vez<\/strong>\u201d, apunt\u00f3 la legisladora.<\/p>\n\n\n\n<figure class=\"wp-block-image size-large is-resized\"><img decoding=\"async\" loading=\"lazy\" src=\"https:\/\/notinor.com\/jujuy\/wp-content\/uploads\/2024\/02\/ABORTO-713x480.jpg\" alt=\"\" class=\"wp-image-401850\" width=\"657\" height=\"442\" srcset=\"https:\/\/notinor.com\/jujuy\/wp-content\/uploads\/2024\/02\/ABORTO-713x480.jpg 713w, https:\/\/notinor.com\/jujuy\/wp-content\/uploads\/2024\/02\/ABORTO-542x365.jpg 542w, https:\/\/notinor.com\/jujuy\/wp-content\/uploads\/2024\/02\/ABORTO-768x517.jpg 768w, https:\/\/notinor.com\/jujuy\/wp-content\/uploads\/2024\/02\/ABORTO-750x505.jpg 750w, https:\/\/notinor.com\/jujuy\/wp-content\/uploads\/2024\/02\/ABORTO.jpg 870w\" sizes=\"(max-width: 657px) 100vw, 657px\" \/><\/figure>\n\n\n\n<blockquote class=\"wp-block-quote\"><\/blockquote>\n\n\n\n<p>Tambi\u00e9n mostr\u00f3 su descontento la legisladora&nbsp;<strong>Myriam Bregman<\/strong>, del Frente de Izquierda. \u201cSe ve a diputados de La Libertad Avanza desesperados por&nbsp;<strong>volver a usar a la reacci\u00f3n patriarcal como elemento aglutinador<\/strong>, ahora, siendo gobierno y en medio de tarifazos, ajustes y una inflaci\u00f3n desatada\u201d, afirm\u00f3 en sus redes.<\/p>\n\n\n\n<figure class=\"wp-block-image size-large\"><img decoding=\"async\" loading=\"lazy\" width=\"840\" height=\"451\" src=\"https:\/\/notinor.com\/jujuy\/wp-content\/uploads\/2024\/02\/ABORTO-1-840x451.jpg\" alt=\"\" class=\"wp-image-401852\" srcset=\"https:\/\/notinor.com\/jujuy\/wp-content\/uploads\/2024\/02\/ABORTO-1-840x451.jpg 840w, https:\/\/notinor.com\/jujuy\/wp-content\/uploads\/2024\/02\/ABORTO-1-660x354.jpg 660w, https:\/\/notinor.com\/jujuy\/wp-content\/uploads\/2024\/02\/ABORTO-1-768x412.jpg 768w, https:\/\/notinor.com\/jujuy\/wp-content\/uploads\/2024\/02\/ABORTO-1-750x403.jpg 750w, https:\/\/notinor.com\/jujuy\/wp-content\/uploads\/2024\/02\/ABORTO-1.jpg 853w\" sizes=\"(max-width: 840px) 100vw, 840px\" \/><\/figure>\n\n\n\n<blockquote class=\"wp-block-quote\">\n<p>Al mismo tiempo, el funcionario oficialista&nbsp;<strong>Carlos D\u2019Alessandro<\/strong>, diputado de LLA por la provincia de San Luis, afirm\u00f3 en una entrevista con el canal<em>&nbsp;IP Noticias<\/em>&nbsp;que se estaba enterando en ese momento del proyecto. \u201c<strong>No creo que sea necesario ahora, el contexto no da para esto<\/strong>\u201d, dijo.<\/p>\n<\/blockquote>\n\n\n\n<p>En tanto la diputada de Pro,&nbsp;<strong>Silvia Lospennato<\/strong>, una de las principales impulsoras de la legalizaci\u00f3n del aborto durante su debate, tambi\u00e9n utiliz<\/p>\n\n\n\n<figure class=\"wp-block-image size-large\"><img decoding=\"async\" loading=\"lazy\" width=\"840\" height=\"395\" src=\"https:\/\/notinor.com\/jujuy\/wp-content\/uploads\/2024\/02\/ABORTO-2-840x395.jpg\" alt=\"\" class=\"wp-image-401853\" srcset=\"https:\/\/notinor.com\/jujuy\/wp-content\/uploads\/2024\/02\/ABORTO-2-840x395.jpg 840w, https:\/\/notinor.com\/jujuy\/wp-content\/uploads\/2024\/02\/ABORTO-2-660x310.jpg 660w, https:\/\/notinor.com\/jujuy\/wp-content\/uploads\/2024\/02\/ABORTO-2-768x361.jpg 768w, https:\/\/notinor.com\/jujuy\/wp-content\/uploads\/2024\/02\/ABORTO-2-750x352.jpg 750w, https:\/\/notinor.com\/jujuy\/wp-content\/uploads\/2024\/02\/ABORTO-2.jpg 845w\" sizes=\"(max-width: 840px) 100vw, 840px\" \/><\/figure>\n","protected":false},"excerpt":{"rendered":"<p>El vocero presidencial se refiri\u00f3 al texto que present\u00f3 la libertaria Roc\u00edo Bonacci; ya hab\u00eda sido criticado por dirigentes de varios bloques En su conferencia de prensa, el vocero presidencial,&nbsp;Manuel Adorni, asegur\u00f3 que la decisi\u00f3n de&nbsp;discutir la derogaci\u00f3n de la ley de aborto legal \u201cno est\u00e1 en la agenda del Presidente\u201d. \u201cEstamos preocupados, abocados y [&hellip;]<\/p>\n","protected":false},"author":5,"featured_media":401854,"comment_status":"open","ping_status":"open","sticky":false,"template":"","format":"standard","meta":{"_stopmodifiedupdate":false,"_modified_date":"","inline_featured_image":false,"spay_email":"","jetpack_publicize_message":""},"categories":[501],"tags":[],"jetpack_featured_media_url":"https:\/\/notinor.com\/jujuy\/wp-content\/uploads\/2024\/02\/ABORTO-3.jpg","jetpack_publicize_connections":[],"_links":{"self":[{"href":"https:\/\/notinor.com\/jujuy\/wp-json\/wp\/v2\/posts\/401848"}],"collection":[{"href":"https:\/\/notinor.com\/jujuy\/wp-json\/wp\/v2\/posts"}],"about":[{"href":"https:\/\/notinor.com\/jujuy\/wp-json\/wp\/v2\/types\/post"}],"author":[{"embeddable":true,"href":"https:\/\/notinor.com\/jujuy\/wp-json\/wp\/v2\/users\/5"}],"replies":[{"embeddable":true,"href":"https:\/\/notinor.com\/jujuy\/wp-json\/wp\/v2\/comments?post=401848"}],"version-history":[{"count":1,"href":"https:\/\/notinor.com\/jujuy\/wp-json\/wp\/v2\/posts\/401848\/revisions"}],"predecessor-version":[{"id":401855,"href":"https:\/\/notinor.com\/jujuy\/wp-json\/wp\/v2\/posts\/401848\/revisions\/401855"}],"wp:featuredmedia":[{"embeddable":true,"href":"https:\/\/notinor.com\/jujuy\/wp-json\/wp\/v2\/media\/401854"}],"wp:attachment":[{"href":"https:\/\/notinor.com\/jujuy\/wp-json\/wp\/v2\/media?parent=401848"}],"wp:term":[{"taxonomy":"category","embeddable":true,"href":"https:\/\/notinor.com\/jujuy\/wp-json\/wp\/v2\/categories?post=401848"},{"taxonomy":"post_tag","embeddable":true,"href":"https:\/\/notinor.com\/jujuy\/wp-json\/wp\/v2\/tags?post=401848"}],"curies":[{"name":"wp","href":"https:\/\/api.w.org\/{rel}","templated":true}]}}