{"id":401844,"date":"2024-02-08T12:27:26","date_gmt":"2024-02-08T15:27:26","guid":{"rendered":"https:\/\/notinor.com\/jujuy\/?p=401844"},"modified":"2024-02-08T12:27:28","modified_gmt":"2024-02-08T15:27:28","slug":"chile-despide-a-sebastian-pinera-funcionarios-y-ciudadanos-rinden-tributo-al-ex-presidente-en-santiago","status":"publish","type":"post","link":"https:\/\/notinor.com\/jujuy\/chile-despide-a-sebastian-pinera-funcionarios-y-ciudadanos-rinden-tributo-al-ex-presidente-en-santiago\/","title":{"rendered":"Chile despide a Sebasti\u00e1n Pi\u00f1era: funcionarios y ciudadanos rinden tributo al ex presidente en Santiago"},"content":{"rendered":"\n<p class=\"has-medium-font-size\"><strong><em>Los restos del ex jefe de Estado descansan en un f\u00e9retro en el Sal\u00f3n de Honor del ex Congreso, donde miles de seguidores y pol\u00edticos se acercan a darle su \u00faltimo adi\u00f3s<\/em><\/strong><\/p>\n\n\n<div class=\"wp-block-image\">\n<figure class=\"aligncenter size-large\"><img decoding=\"async\" loading=\"lazy\" width=\"840\" height=\"442\" src=\"https:\/\/notinor.com\/jujuy\/wp-content\/uploads\/2024\/02\/PINERA-2-840x442.jpg\" alt=\"\" class=\"wp-image-401846\" srcset=\"https:\/\/notinor.com\/jujuy\/wp-content\/uploads\/2024\/02\/PINERA-2-840x442.jpg 840w, https:\/\/notinor.com\/jujuy\/wp-content\/uploads\/2024\/02\/PINERA-2-660x347.jpg 660w, https:\/\/notinor.com\/jujuy\/wp-content\/uploads\/2024\/02\/PINERA-2-768x404.jpg 768w, https:\/\/notinor.com\/jujuy\/wp-content\/uploads\/2024\/02\/PINERA-2-750x395.jpg 750w, https:\/\/notinor.com\/jujuy\/wp-content\/uploads\/2024\/02\/PINERA-2.jpg 1072w\" sizes=\"(max-width: 840px) 100vw, 840px\" \/><figcaption class=\"wp-element-caption\">Velatorio de Sebastian Pi\u00f1era<\/figcaption><\/figure><\/div>\n\n\n<p>Los restos del ex presidente de Chile\u00a0<strong>Sebasti\u00e1n Pi\u00f1era<\/strong>\u00a0descansan en el\u00a0<strong>Sal\u00f3n de Honor del ex Congreso<\/strong>, donde\u00a0<strong>miles de seguidores<\/strong>\u00a0-junto a pol\u00edticos y allegados-\u00a0<strong>se acercan para rendirle tributo\u00a0<\/strong>y\u00a0<strong>darle su \u00faltimo adi\u00f3s<\/strong>.<a rel=\"noreferrer noopener\" href=\"https:\/\/www.infobae.com\/america\/america-latina\/2024\/02\/06\/murio-sebastian-pinera-los-momentos-clave-de-sus-dos-presidencias\/\" target=\"_blank\"><\/a><\/p>\n\n\n\n<p>A las 09:00 (12:00 GMT)&nbsp;<strong>se abrieron las puertas para que los ciudadanos puedan despedir al ex mandatario<\/strong>. El sal\u00f3n permanecer\u00e1 abierto al p\u00fablico hasta las 20:00 (23:00 GMT) y, una hora m\u00e1s tarde, a las 21:00 (00:00 GMT),&nbsp;<strong>se espera el saludo de dirigentes pol\u00edticos y sociales<\/strong>.<\/p>\n\n\n\n<p>A las 10:05 (13:05 GMT), llegaron al velatorio&nbsp;<strong>distintos funcionarios del gobierno de Gabriel Boric<\/strong>. Se trata del canciller,&nbsp;<strong>Alberto van Klaveren<\/strong>; el secretario general de la Presidencia,&nbsp;<strong>\u00c1lvaro Elizalde<\/strong>; el titular de Econom\u00eda,&nbsp;<strong>Nicol\u00e1s Grau<\/strong>; el de Educaci\u00f3n,&nbsp;<strong>Nicol\u00e1s Cataldo<\/strong>; la de Salud,&nbsp;<strong>Ximena Aguilera<\/strong>; y la de Cultura,&nbsp;<strong>Carolina Arredondo<\/strong>. Adem\u00e1s del subsecretario del Interior,&nbsp;<strong>Manuel Monsalve<\/strong>.<\/p>\n\n\n\n<p class=\"has-text-align-center\"><strong><img decoding=\"async\" loading=\"lazy\" height=\"1080\" width=\"1920\" srcset=\"https:\/\/www.infobae.com\/new-resizer\/1m4Lss8NLYLZgMq7UyHyH6Unk44=\/420x236\/filters:format(webp):quality(85)\/cloudfront-us-east-1.images.arcpublishing.com\/infobae\/CUNOKBQ5E5G7BFI6VARUA2TCHY.jpg 420w,https:\/\/www.infobae.com\/new-resizer\/hGk0K1urZvlIOCR1qI3ZOXnYobo=\/768x432\/filters:format(webp):quality(85)\/cloudfront-us-east-1.images.arcpublishing.com\/infobae\/CUNOKBQ5E5G7BFI6VARUA2TCHY.jpg 768w,https:\/\/www.infobae.com\/new-resizer\/2WnxbLuZKTdBiqF6fS7qsk07dIA=\/1200x675\/filters:format(webp):quality(85)\/cloudfront-us-east-1.images.arcpublishing.com\/infobae\/CUNOKBQ5E5G7BFI6VARUA2TCHY.jpg 1200w,https:\/\/www.infobae.com\/new-resizer\/7lHAju4ERJJABRRArqn8QVHAw0s=\/1440x810\/filters:format(webp):quality(85)\/cloudfront-us-east-1.images.arcpublishing.com\/infobae\/CUNOKBQ5E5G7BFI6VARUA2TCHY.jpg 1440w\" src=\"https:\/\/www.infobae.com\/new-resizer\/1m4Lss8NLYLZgMq7UyHyH6Unk44=\/420x236\/filters:format(webp):quality(85)\/cloudfront-us-east-1.images.arcpublishing.com\/infobae\/CUNOKBQ5E5G7BFI6VARUA2TCHY.jpg%20420w\" alt=\"Personas hacen fila para despedir a Pi\u00f1era (Pablo Vera \/ AFP)\"><\/strong>Personas hacen fila para despedir a Pi\u00f1era <\/p>\n\n\n\n<p>Tras el arribo de los funcionarios,\u00a0<strong>lleg\u00f3 la familia de Sebasti\u00e1n Pi\u00f1era<\/strong>.<\/p>\n\n\n\n<p class=\"has-text-align-center\"><img decoding=\"async\" loading=\"lazy\" height=\"1080\" width=\"1920\" srcset=\"https:\/\/www.infobae.com\/new-resizer\/FK2YdoETBOltn821I4VnNND0cAQ=\/420x236\/filters:format(webp):quality(85)\/cloudfront-us-east-1.images.arcpublishing.com\/infobae\/YZI7OHDYERGUBEX4KKKPBTP3JE.jpg 420w,https:\/\/www.infobae.com\/new-resizer\/woceGStrUgQpR1MYsQgfgY4duFo=\/768x432\/filters:format(webp):quality(85)\/cloudfront-us-east-1.images.arcpublishing.com\/infobae\/YZI7OHDYERGUBEX4KKKPBTP3JE.jpg 768w,https:\/\/www.infobae.com\/new-resizer\/TsK77lZJN0cJ8je4yAQF9B1E8xo=\/1200x675\/filters:format(webp):quality(85)\/cloudfront-us-east-1.images.arcpublishing.com\/infobae\/YZI7OHDYERGUBEX4KKKPBTP3JE.jpg 1200w,https:\/\/www.infobae.com\/new-resizer\/BtEjPCaGQQKsN8EnnqP5PhVLqo0=\/1440x810\/filters:format(webp):quality(85)\/cloudfront-us-east-1.images.arcpublishing.com\/infobae\/YZI7OHDYERGUBEX4KKKPBTP3JE.jpg 1440w\" src=\"https:\/\/www.infobae.com\/new-resizer\/FK2YdoETBOltn821I4VnNND0cAQ=\/420x236\/filters:format(webp):quality(85)\/cloudfront-us-east-1.images.arcpublishing.com\/infobae\/YZI7OHDYERGUBEX4KKKPBTP3JE.jpg%20420w\" alt=\"Personas hacen fila para darle su \u00faltimo adi\u00f3s al ex presidente (Pablo Vera \/ AFP)\">Personas hacen fila para darle su \u00faltimo adi\u00f3s al ex presidente <\/p>\n\n\n\n<p class=\"has-text-align-center\"><img decoding=\"async\" loading=\"lazy\" height=\"1080\" width=\"1920\" srcset=\"https:\/\/www.infobae.com\/new-resizer\/0vHNi6zybn30uYjdTltVFWTd0BQ=\/420x236\/filters:format(webp):quality(85)\/cloudfront-us-east-1.images.arcpublishing.com\/infobae\/GJRC6R3MMZAPNL23KRVPSZ74LQ.jpg 420w,https:\/\/www.infobae.com\/new-resizer\/g28t9bplM9xGed5C9JIbHYGwmqE=\/768x432\/filters:format(webp):quality(85)\/cloudfront-us-east-1.images.arcpublishing.com\/infobae\/GJRC6R3MMZAPNL23KRVPSZ74LQ.jpg 768w,https:\/\/www.infobae.com\/new-resizer\/Fq4t4zDH2n2scaoloAOT2xoQ_0M=\/1200x675\/filters:format(webp):quality(85)\/cloudfront-us-east-1.images.arcpublishing.com\/infobae\/GJRC6R3MMZAPNL23KRVPSZ74LQ.jpg 1200w,https:\/\/www.infobae.com\/new-resizer\/u9Mw4vbTMdkRlLE4FnKbQAbVtuU=\/1440x810\/filters:format(webp):quality(85)\/cloudfront-us-east-1.images.arcpublishing.com\/infobae\/GJRC6R3MMZAPNL23KRVPSZ74LQ.jpg 1440w\" src=\"https:\/\/www.infobae.com\/new-resizer\/0vHNi6zybn30uYjdTltVFWTd0BQ=\/420x236\/filters:format(webp):quality(85)\/cloudfront-us-east-1.images.arcpublishing.com\/infobae\/GJRC6R3MMZAPNL23KRVPSZ74LQ.jpg%20420w\" alt=\"Ciudadanos ingresan al ex Congreso para el \u00faltimo adi\u00f3s a Pi\u00f1era (RODRIGO ARANGUA \/ AFP)\">Ciudadanos ingresan al ex Congreso para el \u00faltimo adi\u00f3s a Pi\u00f1era <\/p>\n\n\n\n<p>Cuatro de los mineros rescatados -<strong>Luis Urz\u00faa, Esteban Rojas, Juan Carlos Aguilar y Ricahrd Villaroel<\/strong>- de la mina San Jos\u00e9 en 2010, bajo la primera presidencia de Pi\u00f1era, hacieron la&nbsp;<strong>guardia de honor&nbsp;<\/strong>durante unos minutos.<\/p>\n\n\n\n<p>Para hoy estaba prevista la intervenci\u00f3n de distintas personalidades a trav\u00e9s de una serie de discursos: el presidente de la Corte Suprema,&nbsp;<strong>Ricardo Blanco<\/strong>; los ex jefes de Estado&nbsp;<strong>Eduardo Frei Ruiz-Tagle<\/strong>,&nbsp;<strong>Ricardo Lagos&nbsp;<\/strong>y&nbsp;<strong>Michelle Bachelet<\/strong>; el presidente de la C\u00e1mara de Senadores,&nbsp;<strong>Juan Antonio Coloma<\/strong>; y el de Diputados,&nbsp;<strong>Ricardo Cifuentes<\/strong>.<\/p>\n\n\n\n<p class=\"has-text-align-center\"><img decoding=\"async\" loading=\"lazy\" height=\"1079\" width=\"1920\" srcset=\"https:\/\/www.infobae.com\/new-resizer\/hByPK5g5ATfR3fGRk8ENeabBl5w=\/420x236\/filters:format(webp):quality(85)\/cloudfront-us-east-1.images.arcpublishing.com\/infobae\/SV4C3VPZMNBQXETHYFRR2WJ2YU.jpg 420w,https:\/\/www.infobae.com\/new-resizer\/8TeatXmsXxjq3peDzbdVuf0wQWo=\/768x432\/filters:format(webp):quality(85)\/cloudfront-us-east-1.images.arcpublishing.com\/infobae\/SV4C3VPZMNBQXETHYFRR2WJ2YU.jpg 768w,https:\/\/www.infobae.com\/new-resizer\/wTo50HVsTk0HkabHsAhQEDd7gzI=\/1200x675\/filters:format(webp):quality(85)\/cloudfront-us-east-1.images.arcpublishing.com\/infobae\/SV4C3VPZMNBQXETHYFRR2WJ2YU.jpg 1200w,https:\/\/www.infobae.com\/new-resizer\/z9_47DvdK5zzl1XIqAVYBv74tME=\/1440x810\/filters:format(webp):quality(85)\/cloudfront-us-east-1.images.arcpublishing.com\/infobae\/SV4C3VPZMNBQXETHYFRR2WJ2YU.jpg 1440w\" src=\"https:\/\/www.infobae.com\/new-resizer\/hByPK5g5ATfR3fGRk8ENeabBl5w=\/420x236\/filters:format(webp):quality(85)\/cloudfront-us-east-1.images.arcpublishing.com\/infobae\/SV4C3VPZMNBQXETHYFRR2WJ2YU.jpg%20420w\" alt=\"Personas dejaron velas, fotos y mensajes en la puerta de la casa de Pi\u00f1era en Santiago (RAUL BRAVO \/ AFP)\">Personas dejaron velas, fotos y mensajes en la puerta de la casa de Pi\u00f1era en Santiago <\/p>\n\n\n\n<p>Luego se indic\u00f3 de que\u00a0<strong>los ex presidentes directamente hablar\u00e1n en el acto del viernes -antes del entierro- junto al actual mandatario, Gabriel Boric<\/strong>, quien hoy est\u00e1 en la zona de los incendios que azotan al pa\u00eds.<\/p>\n\n\n\n<p>En las afueras del ex Congreso, el canciller\u00a0<strong>Alberto van Klaveren<\/strong>\u00a0brind\u00f3 detalles de c\u00f3mo seguir\u00e1 el velatorio hoy y el funeral de Estado que se celebrar\u00e1 este viernes. \u201c<strong>El d\u00eda de hoy va a continuar el velatorio todo el d\u00eda<\/strong>. La familia Pi\u00f1era nos ha comunicado que\u00a0<strong>en la tarde va a haber un acto pol\u00edtico<\/strong>, a las 19:00, organizado obviamente por la familia y los antiguos colaboradores del Presidente Pi\u00f1era\u201d, describi\u00f3.<\/p>\n\n\n\n<p>Y sigui\u00f3: \u201c<strong>El d\u00eda de ma\u00f1ana tenemos la parte m\u00e1s solemne de este funeral de Estado<\/strong>. Se inicia con una ceremonia institucional, que va a comenzar a las 9:00 de la ma\u00f1ana y que va a contar con la&nbsp;<strong>presencia de todos los poderes del Estado<\/strong>. Por cierto, el poder Ejecutivo, encabezado por el presidente Boric; la Corte Suprema, encabezada por su presidente; y, por cierto, tambi\u00e9n el presidente del Senado y el de la C\u00e1mara de Diputados.<strong>&nbsp;Y vamos a contar con la presencia de los ex presidentes de la Rep\u00fablica, que est\u00e1n todos confirmados: el presidente Frei, la presidenta Bachelet y el presidente Lagos<\/strong>\u201d.<\/p>\n\n\n\n<p class=\"has-text-align-center\"><img decoding=\"async\" loading=\"lazy\" height=\"1080\" width=\"1920\" srcset=\"https:\/\/www.infobae.com\/new-resizer\/ejsmh6KTxiDHH5g-2rr3NRehaec=\/420x236\/filters:format(webp):quality(85)\/cloudfront-us-east-1.images.arcpublishing.com\/infobae\/CWG7Z6JMEFGQRJHJMIMEVLM2TQ.jpg 420w,https:\/\/www.infobae.com\/new-resizer\/lZ9n5ZO3dKdrJB4rmjztlk5d7Vw=\/768x432\/filters:format(webp):quality(85)\/cloudfront-us-east-1.images.arcpublishing.com\/infobae\/CWG7Z6JMEFGQRJHJMIMEVLM2TQ.jpg 768w,https:\/\/www.infobae.com\/new-resizer\/txHnW4SePFzUsHaiXvFfN0sgJmc=\/1200x675\/filters:format(webp):quality(85)\/cloudfront-us-east-1.images.arcpublishing.com\/infobae\/CWG7Z6JMEFGQRJHJMIMEVLM2TQ.jpg 1200w,https:\/\/www.infobae.com\/new-resizer\/MQQdt4d-09uZqNPik00GBLxJ0fY=\/1440x810\/filters:format(webp):quality(85)\/cloudfront-us-east-1.images.arcpublishing.com\/infobae\/CWG7Z6JMEFGQRJHJMIMEVLM2TQ.jpg 1440w\" src=\"https:\/\/www.infobae.com\/new-resizer\/ejsmh6KTxiDHH5g-2rr3NRehaec=\/420x236\/filters:format(webp):quality(85)\/cloudfront-us-east-1.images.arcpublishing.com\/infobae\/CWG7Z6JMEFGQRJHJMIMEVLM2TQ.jpg%20420w\" alt=\"Fotograf\u00eda del ata\u00fad con el cuerpo del ex presidente de Chile Sebasti\u00e1n Pi\u00f1era, en la antigua sede del Congreso en Santiago (EFE\/Ailen D\u00edaz)\">Fotograf\u00eda del ata\u00fad con el cuerpo del ex presidente de Chile Sebasti\u00e1n Pi\u00f1era <\/p>\n\n\n\n<p>En la tarde del martes, el helic\u00f3ptero que piloteaba Pi\u00f1era, junto a otras tres personas que lograron salvarse, una de ellas su hermana Magdalena,&nbsp;<strong>se precipit\u00f3 al poco tiempo de despegar sobre el Lago Ranco<\/strong>, un balneario tur\u00edstico situado a 800 kil\u00f3metros al sur de Santiago, donde sol\u00eda pasar los veranos con su familia.<\/p>\n\n\n\n<p class=\"has-text-align-center\"><img decoding=\"async\" loading=\"lazy\" height=\"1080\" width=\"1920\" srcset=\"https:\/\/www.infobae.com\/new-resizer\/PMSLYhk0zcj3FUl6Q8SdQwQN59g=\/420x236\/filters:format(webp):quality(85)\/cloudfront-us-east-1.images.arcpublishing.com\/infobae\/FEJVRQRFL5GQFFQNAPL6YN7XTA.jpg 420w,https:\/\/www.infobae.com\/new-resizer\/DtZ6ght_a88QJXJjX7cdIkf2ETQ=\/768x432\/filters:format(webp):quality(85)\/cloudfront-us-east-1.images.arcpublishing.com\/infobae\/FEJVRQRFL5GQFFQNAPL6YN7XTA.jpg 768w,https:\/\/www.infobae.com\/new-resizer\/25txda8Z_y5HQN12HOTY20dZ4-I=\/1200x675\/filters:format(webp):quality(85)\/cloudfront-us-east-1.images.arcpublishing.com\/infobae\/FEJVRQRFL5GQFFQNAPL6YN7XTA.jpg 1200w,https:\/\/www.infobae.com\/new-resizer\/QzMt9sHqthCCiirIaK_qL1HCi8I=\/1440x810\/filters:format(webp):quality(85)\/cloudfront-us-east-1.images.arcpublishing.com\/infobae\/FEJVRQRFL5GQFFQNAPL6YN7XTA.jpg 1440w\" src=\"https:\/\/www.infobae.com\/new-resizer\/PMSLYhk0zcj3FUl6Q8SdQwQN59g=\/420x236\/filters:format(webp):quality(85)\/cloudfront-us-east-1.images.arcpublishing.com\/infobae\/FEJVRQRFL5GQFFQNAPL6YN7XTA.jpg%20420w\" alt=\"Magdalena y Cecilia Pi\u00f1era, hijas del ex mandatario, lo despiden (Paul Plaza\/Senado de la Republica de Chile\/Handout via REUTERS)\">Magdalena y Cecilia Pi\u00f1era, hijas del ex mandatario, lo despiden <\/p>\n\n\n\n<p><strong>\u201cFue muy triste ver pasar el ata\u00fad\u201d<\/strong><\/p>\n\n\n\n<p>\u201c\u00a1Viva Pi\u00f1era y Viva Chile!\u201d, \u201c\u00a1Pi\u00f1era, amigo el pueblo est\u00e1 contigo!\u201d y \u201c\u00a1Pi\u00f1era, amigo, jam\u00e1s ser\u00e1s vencido!\u201d, gritaban los admiradores y seguidores del ex mandatario este mi\u00e9rcoles. Minutos antes de la llegada del cortejo f\u00fanebre,\u00a0<strong>los clamores fueron sustituidos por el canto del himno nacional<\/strong>.<a rel=\"noreferrer noopener\" href=\"https:\/\/www.infobae.com\/america\/america-latina\/2024\/02\/07\/un-anuncio-y-el-analisis-de-la-gestion-de-gabriel-boric-asi-fue-la-ultima-entrevista-de-sebastian-pinera\/\" target=\"_blank\"><\/a><\/p>\n\n\n\n<p><strong>El f\u00e9retro y la familia del ex presidente fueron recibidos&nbsp;<\/strong>desde el exterior del recinto por los presidentes del Senado,&nbsp;<strong>Juan Antonio Coloma<\/strong>; de la C\u00e1mara de Diputados,&nbsp;<strong>Ricardo Cifuentes<\/strong>; y de la Corte Suprema,&nbsp;<strong>Ricardo Blanco<\/strong>, en representaci\u00f3n de los poderes del Estado, tal y como establece el protocolo para un funeral de este rango.<\/p>\n\n\n\n<p class=\"has-text-align-center\"><img decoding=\"async\" loading=\"lazy\" height=\"1080\" width=\"1920\" srcset=\"https:\/\/www.infobae.com\/new-resizer\/-lQ2BCRb55XvLKj_AnJDKPYEZYM=\/420x236\/filters:format(webp):quality(85)\/cloudfront-us-east-1.images.arcpublishing.com\/infobae\/NDRXZTNPAREJLBB3EOJB4W7CUI.jpg 420w,https:\/\/www.infobae.com\/new-resizer\/UGRY9UjeBdRRsHij4i-K5PrXCY8=\/768x432\/filters:format(webp):quality(85)\/cloudfront-us-east-1.images.arcpublishing.com\/infobae\/NDRXZTNPAREJLBB3EOJB4W7CUI.jpg 768w,https:\/\/www.infobae.com\/new-resizer\/EGsQy8UtAADwK9PfirS_np6mvmI=\/1200x675\/filters:format(webp):quality(85)\/cloudfront-us-east-1.images.arcpublishing.com\/infobae\/NDRXZTNPAREJLBB3EOJB4W7CUI.jpg 1200w,https:\/\/www.infobae.com\/new-resizer\/8-5SNtl22E3xRMGqrl2qezuRecA=\/1440x810\/filters:format(webp):quality(85)\/cloudfront-us-east-1.images.arcpublishing.com\/infobae\/NDRXZTNPAREJLBB3EOJB4W7CUI.jpg 1440w\" src=\"https:\/\/www.infobae.com\/new-resizer\/-lQ2BCRb55XvLKj_AnJDKPYEZYM=\/420x236\/filters:format(webp):quality(85)\/cloudfront-us-east-1.images.arcpublishing.com\/infobae\/NDRXZTNPAREJLBB3EOJB4W7CUI.jpg%20420w\" alt=\"El ingreso de los restos de Pi\u00f1era al ex Congreso (Paul Plaza\/Senado de la Republica de Chile\/Handout via REUTERS)\">El ingreso de los restos de Pi\u00f1era al ex Congreso <\/p>\n\n\n\n<p>Por una alfombra roja que atravesaba el Sal\u00f3n de Honor del edificio,&nbsp;<strong>entr\u00f3 el ata\u00fad en medio de una fuerte y emotiva ovaci\u00f3n de aplausos<\/strong>&nbsp;que se extendi\u00f3 por m\u00e1s de un minuto. A su izquierda se coloc\u00f3 la familia, con la viuda,&nbsp;<strong>Cecilia Morel<\/strong>, y los hijos, nietos y hermanos en primera fila; mientras que a la derecha hab\u00eda ex ministros y ex asesores de su Gobierno.<\/p>\n\n\n\n<p class=\"has-text-align-center\"><img decoding=\"async\" loading=\"lazy\" height=\"1080\" width=\"1920\" srcset=\"https:\/\/www.infobae.com\/new-resizer\/ha4sgVX-S5j9VNgKKBpe2bAsY_Y=\/420x236\/filters:format(webp):quality(85)\/cloudfront-us-east-1.images.arcpublishing.com\/infobae\/46B4CSRL7FD2FPCHWDFBFFEQ5E.jpg 420w,https:\/\/www.infobae.com\/new-resizer\/eU6SldYIhUsyQq7NTUmxWxDWr8A=\/768x432\/filters:format(webp):quality(85)\/cloudfront-us-east-1.images.arcpublishing.com\/infobae\/46B4CSRL7FD2FPCHWDFBFFEQ5E.jpg 768w,https:\/\/www.infobae.com\/new-resizer\/sn6rK5scSQ3jDUNuSNvtcf-OQ2U=\/1200x675\/filters:format(webp):quality(85)\/cloudfront-us-east-1.images.arcpublishing.com\/infobae\/46B4CSRL7FD2FPCHWDFBFFEQ5E.jpg 1200w,https:\/\/www.infobae.com\/new-resizer\/zzm6u1RpTpXJELy0EPyVnEu1fDs=\/1440x810\/filters:format(webp):quality(85)\/cloudfront-us-east-1.images.arcpublishing.com\/infobae\/46B4CSRL7FD2FPCHWDFBFFEQ5E.jpg 1440w\" src=\"https:\/\/www.infobae.com\/new-resizer\/ha4sgVX-S5j9VNgKKBpe2bAsY_Y=\/420x236\/filters:format(webp):quality(85)\/cloudfront-us-east-1.images.arcpublishing.com\/infobae\/46B4CSRL7FD2FPCHWDFBFFEQ5E.jpg%20420w\" alt=\"Allegados y pol\u00edticos aplauden emocionados ante el ingreso de los restos de Pi\u00f1era al ex Congreso (RODRIGO ARANGUA \/ AFP)\">Allegados y pol\u00edticos aplauden emocionados ante el ingreso de los restos de Pi\u00f1era<\/p>\n\n\n\n<p>\u201c<strong>He sentido una emoci\u00f3n muy grande cuando vi pasar el f\u00e9retro; hizo todo por el bien del pa\u00eds y por eso vine a despedirme<\/strong>\u201d, dijo a la agencia de noticias&nbsp;<em>EFE<\/em>&nbsp;Jennifer, una de las asistentes. Un poco m\u00e1s all\u00e1, Francisca Leiva, que junto a su madre, sigui\u00f3 el coche del cortejo f\u00fanebre, coment\u00f3 que \u201cfue muy triste\u201d ver pasar el ata\u00fad y que \u201cfue un gran presidente, un presidente guerrero, que siempre estuvo ah\u00ed\u201d.<\/p>\n\n\n\n<p class=\"has-text-align-center\"><img decoding=\"async\" loading=\"lazy\" height=\"1080\" width=\"1920\" srcset=\"https:\/\/www.infobae.com\/new-resizer\/7rhWb2zcJRUuiBbI_4NB_5jyNNU=\/420x236\/filters:format(webp):quality(85)\/cloudfront-us-east-1.images.arcpublishing.com\/infobae\/OPK6YKY43BDAXCW3HV47Q34R2A.jpg 420w,https:\/\/www.infobae.com\/new-resizer\/jztX0Qbbb4u6Gyu00qwxXdqfuP4=\/768x432\/filters:format(webp):quality(85)\/cloudfront-us-east-1.images.arcpublishing.com\/infobae\/OPK6YKY43BDAXCW3HV47Q34R2A.jpg 768w,https:\/\/www.infobae.com\/new-resizer\/mII0T-Tp_d1SO_BGVBmalydNGmk=\/1200x675\/filters:format(webp):quality(85)\/cloudfront-us-east-1.images.arcpublishing.com\/infobae\/OPK6YKY43BDAXCW3HV47Q34R2A.jpg 1200w,https:\/\/www.infobae.com\/new-resizer\/COrPY4pDBc8OfudMUuHc3xkNU1k=\/1440x810\/filters:format(webp):quality(85)\/cloudfront-us-east-1.images.arcpublishing.com\/infobae\/OPK6YKY43BDAXCW3HV47Q34R2A.jpg 1440w\" src=\"https:\/\/www.infobae.com\/new-resizer\/7rhWb2zcJRUuiBbI_4NB_5jyNNU=\/420x236\/filters:format(webp):quality(85)\/cloudfront-us-east-1.images.arcpublishing.com\/infobae\/OPK6YKY43BDAXCW3HV47Q34R2A.jpg%20420w\" alt=\"Pi\u00f1era ser\u00e1 velado hasta el viernes en el Sal\u00f3n de Honor del ex Congreso (AP Photo\/Esteban Felix)\">Pi\u00f1era ser\u00e1 velado hasta el viernes en el Sal\u00f3n de Honor del ex Congreso <\/p>\n\n\n\n<p>Silvia Mella, que presenci\u00f3 la entrada del cuerpo con suma atenci\u00f3n, dijo sentirse \u201cmuy emocionada y muy agradecida por todo lo que hizo\u201d, porque \u201cle toc\u00f3 duro y tuvo una oposici\u00f3n muy f\u00e9rrea que no lo dejaba gobernar\u201d.<\/p>\n\n\n\n<p class=\"has-text-align-center\"><img decoding=\"async\" loading=\"lazy\" height=\"1080\" width=\"1920\" srcset=\"https:\/\/www.infobae.com\/new-resizer\/gfMCRrJZYfkkl-jkuiT-gYxTaJw=\/420x236\/filters:format(webp):quality(85)\/cloudfront-us-east-1.images.arcpublishing.com\/infobae\/KEGO6GUKNREQJHL4ZQW3BECQ5Y.jpg 420w,https:\/\/www.infobae.com\/new-resizer\/DL4z5Dyjys1v614K0L-csvtr8T0=\/768x432\/filters:format(webp):quality(85)\/cloudfront-us-east-1.images.arcpublishing.com\/infobae\/KEGO6GUKNREQJHL4ZQW3BECQ5Y.jpg 768w,https:\/\/www.infobae.com\/new-resizer\/u0Tg5GDgAaYBPTUg_j_0D6whM3w=\/1200x675\/filters:format(webp):quality(85)\/cloudfront-us-east-1.images.arcpublishing.com\/infobae\/KEGO6GUKNREQJHL4ZQW3BECQ5Y.jpg 1200w,https:\/\/www.infobae.com\/new-resizer\/qUogmPFEmZ1uhSpyMcYouftsjyw=\/1440x810\/filters:format(webp):quality(85)\/cloudfront-us-east-1.images.arcpublishing.com\/infobae\/KEGO6GUKNREQJHL4ZQW3BECQ5Y.jpg 1440w\" src=\"https:\/\/www.infobae.com\/new-resizer\/gfMCRrJZYfkkl-jkuiT-gYxTaJw=\/420x236\/filters:format(webp):quality(85)\/cloudfront-us-east-1.images.arcpublishing.com\/infobae\/KEGO6GUKNREQJHL4ZQW3BECQ5Y.jpg%20420w\" alt=\"Un hombre en la fila con un retrato de Pi\u00f1era (AP Photo\/Matias Basualdo)\">Un hombre en la fila con un retrato de Pi\u00f1era <\/p>\n\n\n\n<p>Entre los logros que mencionaron sus admiradores destacaron la recuperaci\u00f3n del pa\u00eds tras el devastador terremoto de 2010, la salvaci\u00f3n de los 33 mineros atrapados durante m\u00e1s de dos meses en la mina San Jos\u00e9 y la gesti\u00f3n de las ayudas durante la pandemia, junto con la vacunaci\u00f3n temprana.<\/p>\n","protected":false},"excerpt":{"rendered":"<p>Los restos del ex jefe de Estado descansan en un f\u00e9retro en el Sal\u00f3n de Honor del ex Congreso, donde miles de seguidores y pol\u00edticos se acercan a darle su \u00faltimo adi\u00f3s Los restos del ex presidente de Chile\u00a0Sebasti\u00e1n Pi\u00f1era\u00a0descansan en el\u00a0Sal\u00f3n de Honor del ex Congreso, donde\u00a0miles de seguidores\u00a0-junto a pol\u00edticos y allegados-\u00a0se acercan [&hellip;]<\/p>\n","protected":false},"author":5,"featured_media":401846,"comment_status":"open","ping_status":"open","sticky":false,"template":"","format":"standard","meta":{"_stopmodifiedupdate":false,"_modified_date":"","inline_featured_image":false,"spay_email":"","jetpack_publicize_message":""},"categories":[6],"tags":[],"jetpack_featured_media_url":"https:\/\/notinor.com\/jujuy\/wp-content\/uploads\/2024\/02\/PINERA-2.jpg","jetpack_publicize_connections":[],"_links":{"self":[{"href":"https:\/\/notinor.com\/jujuy\/wp-json\/wp\/v2\/posts\/401844"}],"collection":[{"href":"https:\/\/notinor.com\/jujuy\/wp-json\/wp\/v2\/posts"}],"about":[{"href":"https:\/\/notinor.com\/jujuy\/wp-json\/wp\/v2\/types\/post"}],"author":[{"embeddable":true,"href":"https:\/\/notinor.com\/jujuy\/wp-json\/wp\/v2\/users\/5"}],"replies":[{"embeddable":true,"href":"https:\/\/notinor.com\/jujuy\/wp-json\/wp\/v2\/comments?post=401844"}],"version-history":[{"count":1,"href":"https:\/\/notinor.com\/jujuy\/wp-json\/wp\/v2\/posts\/401844\/revisions"}],"predecessor-version":[{"id":401847,"href":"https:\/\/notinor.com\/jujuy\/wp-json\/wp\/v2\/posts\/401844\/revisions\/401847"}],"wp:featuredmedia":[{"embeddable":true,"href":"https:\/\/notinor.com\/jujuy\/wp-json\/wp\/v2\/media\/401846"}],"wp:attachment":[{"href":"https:\/\/notinor.com\/jujuy\/wp-json\/wp\/v2\/media?parent=401844"}],"wp:term":[{"taxonomy":"category","embeddable":true,"href":"https:\/\/notinor.com\/jujuy\/wp-json\/wp\/v2\/categories?post=401844"},{"taxonomy":"post_tag","embeddable":true,"href":"https:\/\/notinor.com\/jujuy\/wp-json\/wp\/v2\/tags?post=401844"}],"curies":[{"name":"wp","href":"https:\/\/api.w.org\/{rel}","templated":true}]}}