{"id":401841,"date":"2024-02-08T12:09:55","date_gmt":"2024-02-08T15:09:55","guid":{"rendered":"https:\/\/notinor.com\/jujuy\/?p=401841"},"modified":"2024-02-08T12:09:57","modified_gmt":"2024-02-08T15:09:57","slug":"ley-omnibus-las-opciones-que-evalua-milei-para-avanzar-con-las-reformas-tras-el-traspie-parlamentario","status":"publish","type":"post","link":"https:\/\/notinor.com\/jujuy\/ley-omnibus-las-opciones-que-evalua-milei-para-avanzar-con-las-reformas-tras-el-traspie-parlamentario\/","title":{"rendered":"Ley \u00d3mnibus: las opciones que eval\u00faa Milei para avanzar con las reformas tras el traspi\u00e9 parlamentario"},"content":{"rendered":"\n<p class=\"has-medium-font-size\"><strong><em>El Presidente est\u00e1 convencido de que la ley \u00f3mnibus no vuelva a debatirse tal como estaba originalmente. Un importante referente de La Libertad Avanza precis\u00f3 que una opci\u00f3n es que se env\u00eden a discusi\u00f3n parlamentaria solamente algunas reformas<\/em><\/strong><\/p>\n\n\n\n<p class=\"has-text-align-center\"><img decoding=\"async\" loading=\"lazy\" height=\"2095\" width=\"3143\" srcset=\"https:\/\/www.infobae.com\/new-resizer\/QeqRnCay9-sEp8V5WTs876z49VE=\/420x280\/filters:format(webp):quality(85)\/cloudfront-us-east-1.images.arcpublishing.com\/infobae\/D4YCLESQ4ZGPDCPZHYNMEB73IU.jpg 420w,https:\/\/www.infobae.com\/new-resizer\/Tzx9h_tqVr_6OWuFS7au1wRVrkI=\/768x512\/filters:format(webp):quality(85)\/cloudfront-us-east-1.images.arcpublishing.com\/infobae\/D4YCLESQ4ZGPDCPZHYNMEB73IU.jpg 768w,https:\/\/www.infobae.com\/new-resizer\/mEAw0nLs2gCjLvhvVcqbgXIliak=\/1200x800\/filters:format(webp):quality(85)\/cloudfront-us-east-1.images.arcpublishing.com\/infobae\/D4YCLESQ4ZGPDCPZHYNMEB73IU.jpg 1200w,https:\/\/www.infobae.com\/new-resizer\/hBkEIeMkpLMFujC7FZQSlVywnj4=\/1440x960\/filters:format(webp):quality(85)\/cloudfront-us-east-1.images.arcpublishing.com\/infobae\/D4YCLESQ4ZGPDCPZHYNMEB73IU.jpg 1440w\" src=\"https:\/\/www.infobae.com\/new-resizer\/QeqRnCay9-sEp8V5WTs876z49VE=\/420x280\/filters:format(webp):quality(85)\/cloudfront-us-east-1.images.arcpublishing.com\/infobae\/D4YCLESQ4ZGPDCPZHYNMEB73IU.jpg%20420w\" alt=\"El Presidente se encuentra en plena gira internacional (EFE\/EPA\/ABIR SULTAN)\n\">El Presidente se encuentra en plena gira internacional <\/p>\n\n\n\n<p><strong>Todas las opciones est\u00e1n sobre la mesa<\/strong>, pero tal como ocurri\u00f3 cuando se decidi\u00f3 suspender el debate en particular de la Ley \u00d3mnibus, ser\u00e1 el presidente\u00a0<strong>Javier Milei\u00a0<\/strong>quien resolver\u00e1 si el proyecto vuelve a tratarse en comisi\u00f3n, si solamente se env\u00eda una parte del mismo o si la iniciativa queda completamente descartada y el Gobierno contin\u00faa su gesti\u00f3n con \u201clas herramientas constitucionales existentes\u201d, que puede incluir decretos y consulta popular, como se dej\u00f3 entrever.<\/p>\n\n\n\n<p>Hasta \u00faltima hora, seg\u00fan revelaron a&nbsp;<strong>Infobae<\/strong>&nbsp;fuentes parlamentarias, lo que se iba a anunciar era el retiro total del paquete de reformas del Estado, una orden que habr\u00eda llegado directamente desde Israel, donde se encuentra el jefe de Estado.<\/p>\n\n\n\n<p>En medio de la discusi\u00f3n, el martes pasado, el mandatario nacional se comunic\u00f3 con uno de sus principales asesores,&nbsp;<strong>Santiago Caputo<\/strong>, y con el jefe de Gabinete,&nbsp;<strong>Nicol\u00e1s Posse<\/strong>, para interiorizarse sobre lo que estaba ocurriendo en Buenos Aires.<\/p>\n\n\n\n<p>El experto en comunicaci\u00f3n pol\u00edtica fue claro y le coment\u00f3 a Milei que la iniciativa no estaba teniendo el apoyo que esperaba el oficialismo. Tambi\u00e9n ratific\u00f3, as\u00ed, su postura de que no hab\u00eda que negociar con la oposici\u00f3n, que segu\u00eda reclamando la coparticipaci\u00f3n del impuesto PAIS, entre otros puntos.<\/p>\n\n\n\n<p class=\"has-text-align-center\"><img decoding=\"async\" loading=\"lazy\" height=\"1080\" width=\"1920\" srcset=\"https:\/\/www.infobae.com\/new-resizer\/5GZxcT51l7q1fREgKVVG1ZLj6Ek=\/420x236\/filters:format(webp):quality(85)\/cloudfront-us-east-1.images.arcpublishing.com\/infobae\/AZUTABGP3BEUBMC4ZQK5PKRK44.jpg 420w,https:\/\/www.infobae.com\/new-resizer\/teTOF-PRVk3mqXSYkYsZURaUR1A=\/768x432\/filters:format(webp):quality(85)\/cloudfront-us-east-1.images.arcpublishing.com\/infobae\/AZUTABGP3BEUBMC4ZQK5PKRK44.jpg 768w,https:\/\/www.infobae.com\/new-resizer\/5OBbxPa7hbfJN0BZG-i3gv-5ZnQ=\/1200x675\/filters:format(webp):quality(85)\/cloudfront-us-east-1.images.arcpublishing.com\/infobae\/AZUTABGP3BEUBMC4ZQK5PKRK44.jpg 1200w,https:\/\/www.infobae.com\/new-resizer\/9zsRiPlHTN_2v8nZXOeMkj2yN1Q=\/1440x810\/filters:format(webp):quality(85)\/cloudfront-us-east-1.images.arcpublishing.com\/infobae\/AZUTABGP3BEUBMC4ZQK5PKRK44.jpg 1440w\" src=\"https:\/\/www.infobae.com\/new-resizer\/5GZxcT51l7q1fREgKVVG1ZLj6Ek=\/420x236\/filters:format(webp):quality(85)\/cloudfront-us-east-1.images.arcpublishing.com\/infobae\/AZUTABGP3BEUBMC4ZQK5PKRK44.jpg%20420w\" alt=\"Santiago Caputo, asesor presidencial (EFE\/ Lenin Nolly)\n\">Santiago Caputo, asesor presidencial <\/p>\n\n\n\n<p>Desde Jerusal\u00e9n, donde se encuentra como parte de su gira internacional, que tambi\u00e9n lo llevar\u00e1 a Italia y al Vaticano,&nbsp;<strong>el Presidente dio la orden de que el bloque de La Libertad Avanza retirara la ley&nbsp;<\/strong>y que todo el texto vuelva a comisi\u00f3n, aunque algunos funcionarios no ten\u00edan claro, en ese momento, que la medida implicaba que el paquete se quedaba sin la aprobaci\u00f3n en general que hab\u00eda recibido la semana pasada.<\/p>\n\n\n\n<p>Este ser\u00eda el mismo camino que se recorrer\u00e1 para determinar qu\u00e9 pasar\u00e1 ahora con el conjunto de reformas:\u00a0<strong>Milei, en comunicaci\u00f3n desde el exterior, o cuando ya est\u00e9 de regreso en la Argentina, analizar\u00e1 junto a Caputo y a Posse qu\u00e9 har\u00e1<\/strong>\u00a0con el conjunto de reformas en el Estado, una definici\u00f3n que en el Congreso todav\u00eda\u00a0<strong>estaban esperando<\/strong>.<\/p>\n\n\n\n<p>Por su parte, el ministro del Interior,<strong>&nbsp;Guillermo Francos<\/strong>, se reuni\u00f3 este mi\u00e9rcoles al mediod\u00eda con el titular de la C\u00e1mara de Diputados,&nbsp;<strong>Mart\u00edn Menem<\/strong>, para hablar de lo sucedido en la fallida sesi\u00f3n y hacer un balance de las negociaciones con la oposici\u00f3n que se ven\u00edan llevando adelante desde hace semanas.<\/p>\n\n\n\n<p>En este sentido, de acuerdo con lo que revelaron a<strong>&nbsp;Infobae&nbsp;<\/strong>fuentes oficiales, ambos buscaron entender qu\u00e9 fue lo que fall\u00f3 para que algunos diputados que se hab\u00edan comprometido a acompa\u00f1ar algunos art\u00edculos claves para el Gobierno, como las facultades delegadas, terminaran votando en contra.<\/p>\n\n\n\n<p>Para el oficialismo, esa fue una primera revisi\u00f3n del contexto en el que se encuentran actualmente, para empezar a pensar si es conveniente insistir con el proyecto y tratarlo nuevamente en comisiones o si, por el contrario, es m\u00e1s oportuno para ellos ir por alguna alternativa.<a href=\"https:\/\/www.infobae.com\/politica\/2024\/02\/06\/ley-omnibus-el-oficialismo-llego-a-la-sesion-para-la-votacion-en-particular-sin-acuerdos-y-con-febriles-negociaciones-contra-reloj\/\" rel=\"noreferrer noopener\" target=\"_blank\"><\/a><\/p>\n\n\n\n<p>Incluso,&nbsp;<strong>Francos ten\u00eda previsto llamar en las pr\u00f3ximas horas al jefe de Estado&nbsp;<\/strong>para saber as\u00ed c\u00f3mo continuar. Se trata del funcionario nacional que sirve de nexo con los gobernadores, algunos de los cuales fueron acusados de traidores por la Casa Rosada, tras el rechazo en el Congreso.<\/p>\n\n\n\n<p>Incluso, el malestar con los mandatarios locales se extendi\u00f3 al Gabinete y ya se habla de la posible salida de funcionarios provenientes de otros partidos, como es el caso de&nbsp;<strong>Osvaldo Giordano<\/strong>, titular de la ANSeS, quien lleg\u00f3 a ese puesto por recomendaci\u00f3n del cordob\u00e9s&nbsp;<strong>Juan Schiaretti<\/strong>.<\/p>\n\n\n\n<p><strong>\u201cEl Presidente est\u00e1 convencido de que la Ley no vuelva a debatirse tal como estaba originalmente\u201d<\/strong>, se\u00f1al\u00f3 un importante referente de La Libertad Avanza, quien precis\u00f3 que una opci\u00f3n es que se env\u00eden a discusi\u00f3n parlamentaria solamente algunas reformas.<\/p>\n\n\n\n<p>Para el resto de las medidas, en tanto, el Poder Ejecutivo Nacional podr\u00eda dictar decretos, aunque ser\u00eda una herramienta muy limitada, ya que la normativa vigente impide que se utilicen los DNU para cuestiones vinculadas a lo fiscal, partidario y tributario.<\/p>\n\n\n\n<p>As\u00ed, otra de las alternativas que aparecen en el horizonte es el plebiscito, una medida que el propio Milei ya hab\u00eda insinuado en campa\u00f1a que iba a usar si encontraba resistencia en el Congreso para las pol\u00edticas que pretende en su gesti\u00f3n.<\/p>\n\n\n\n<p>En este punto, aparecen dos posibles procedimientos, el primero de ellos es la<strong>&nbsp;Consulta Popular Vinculante<\/strong>, que seg\u00fan la Ley 25.432, se puede aplicar a todo proyecto, \u201ccon excepci\u00f3n de aquellos cuyo procedimiento de sanci\u00f3n se encuentre especialmente reglado por la Constituci\u00f3n Nacional mediante la determinaci\u00f3n de la c\u00e1mara de origen o por la exigencia de una mayor\u00eda calificada para su aprobaci\u00f3n\u201d. Con esta medida, si el electorado aprueba el paquete de reformas, el mismo quedar\u00eda sancionado, pero para convocarla es necesario pasar por las dos C\u00e1maras.<\/p>\n\n\n\n<p class=\"has-text-align-center\"><strong><img decoding=\"async\" loading=\"lazy\" height=\"1080\" width=\"1920\" srcset=\"https:\/\/www.infobae.com\/new-resizer\/jlwJVd72QKW5WdLapimxMKccZwg=\/420x236\/filters:format(webp):quality(85)\/cloudfront-us-east-1.images.arcpublishing.com\/infobae\/MLRVZNNNMBCDLFAX3OIHI667SQ.jpg 420w,https:\/\/www.infobae.com\/new-resizer\/Y4IWUtLDWtnZMGVKMlx7A6pMtyE=\/768x432\/filters:format(webp):quality(85)\/cloudfront-us-east-1.images.arcpublishing.com\/infobae\/MLRVZNNNMBCDLFAX3OIHI667SQ.jpg 768w,https:\/\/www.infobae.com\/new-resizer\/BQ9fmisGtoncWliOYO8uM1eL838=\/1200x675\/filters:format(webp):quality(85)\/cloudfront-us-east-1.images.arcpublishing.com\/infobae\/MLRVZNNNMBCDLFAX3OIHI667SQ.jpg 1200w,https:\/\/www.infobae.com\/new-resizer\/Ss0BIoJUorlAz7nXk1NfqT4Yvfo=\/1440x810\/filters:format(webp):quality(85)\/cloudfront-us-east-1.images.arcpublishing.com\/infobae\/MLRVZNNNMBCDLFAX3OIHI667SQ.jpg 1440w\" src=\"https:\/\/www.infobae.com\/new-resizer\/jlwJVd72QKW5WdLapimxMKccZwg=\/420x236\/filters:format(webp):quality(85)\/cloudfront-us-east-1.images.arcpublishing.com\/infobae\/MLRVZNNNMBCDLFAX3OIHI667SQ.jpg%20420w\" alt=\"El Gobierno tiene la opci\u00f3n de convocar a una consulta popular (REUTERS\/Agustin Marcarian)\"><\/strong>El Gobierno tiene la opci\u00f3n de convocar a una consulta popular<\/p>\n\n\n\n<p>La siguiente herramienta es la&nbsp;<strong>Consulta Popular no vinculante<\/strong>, que funciona para \u201ctodo asunto de inter\u00e9s general para la Naci\u00f3n\u201d, con las mismas excepciones que las mencionadas anteriormente. En este caso, sin embargo, el voto no es obligatorio y su resultado solamente servir\u00e1 como term\u00f3metro social, aunque para llamar a una de estas consultas, el Poder Ejecutivo no requiere del aval del Congreso.<\/p>\n\n\n\n<p>As\u00ed las cosas,<strong>&nbsp;el Gobierno tiene tres opciones sobre la mesa para avanzar con las reformas del Estado que pretende<\/strong>: enviar el texto del proyecto -ya modificado- a comisi\u00f3n en Diputados; emitir decretos para las medidas en las que pueda, y gestionar el ajuste como pueda, y convocar a una Consulta Popular, ya sea o no vinculante.<\/p>\n\n\n\n<p>\u201cNo puedo adelantar cu\u00e1l va a ser la posici\u00f3n que tome el Presidente de aqu\u00ed en adelante, supongo que utilizar\u00e1 las herramientas constitucionales que le permitan continuar con su Gobierno, ll\u00e1mese refer\u00e9ndum, decreto de necesidad y urgencia, entre otros\u201d, reconoci\u00f3 Francos.<\/p>\n\n\n\n<p>Lo que por estas horas era seguro era que la iniciativa no iba a volver a ser debatida como estaba originalmente y, en principio, no se iba a extender el periodo de las sesiones extraordinarias, que vencen el pr\u00f3ximo 15 de febrero.<\/p>\n\n\n\n<p>Por este motivo, si bien no se descartaba que el Presidente tomara una decisi\u00f3n en medio de su gira internacional, el Gobierno esperar\u00eda a que el mandatario nacional est\u00e9 de regreso en la Argentina para analizar la situaci\u00f3n en fr\u00edo.<\/p>\n\n\n\n<p>Al t\u00e9rmino de una reuni\u00f3n del bloque de La Libertad Avanza, el jefe de la bancada en la C\u00e1mara de Diputados,<strong>&nbsp;Oscar Zago<\/strong>, coment\u00f3 a&nbsp;<strong>Infobae<\/strong>&nbsp;que entre este jueves y el viernes la Casa Rosada podr\u00eda informarles a sus legisladores cu\u00e1les ser\u00e1n los pasos a seguir. Sin embargo,&nbsp;<strong>la definici\u00f3n podr\u00eda tardar m\u00e1s<\/strong>.<\/p>\n","protected":false},"excerpt":{"rendered":"<p>El Presidente est\u00e1 convencido de que la ley \u00f3mnibus no vuelva a debatirse tal como estaba originalmente. Un importante referente de La Libertad Avanza precis\u00f3 que una opci\u00f3n es que se env\u00eden a discusi\u00f3n parlamentaria solamente algunas reformas El Presidente se encuentra en plena gira internacional Todas las opciones est\u00e1n sobre la mesa, pero tal [&hellip;]<\/p>\n","protected":false},"author":5,"featured_media":401842,"comment_status":"open","ping_status":"open","sticky":false,"template":"","format":"standard","meta":{"_stopmodifiedupdate":false,"_modified_date":"","inline_featured_image":false,"spay_email":"","jetpack_publicize_message":""},"categories":[501],"tags":[],"jetpack_featured_media_url":"https:\/\/notinor.com\/jujuy\/wp-content\/uploads\/2024\/02\/MILEI-6.jpg","jetpack_publicize_connections":[],"_links":{"self":[{"href":"https:\/\/notinor.com\/jujuy\/wp-json\/wp\/v2\/posts\/401841"}],"collection":[{"href":"https:\/\/notinor.com\/jujuy\/wp-json\/wp\/v2\/posts"}],"about":[{"href":"https:\/\/notinor.com\/jujuy\/wp-json\/wp\/v2\/types\/post"}],"author":[{"embeddable":true,"href":"https:\/\/notinor.com\/jujuy\/wp-json\/wp\/v2\/users\/5"}],"replies":[{"embeddable":true,"href":"https:\/\/notinor.com\/jujuy\/wp-json\/wp\/v2\/comments?post=401841"}],"version-history":[{"count":1,"href":"https:\/\/notinor.com\/jujuy\/wp-json\/wp\/v2\/posts\/401841\/revisions"}],"predecessor-version":[{"id":401843,"href":"https:\/\/notinor.com\/jujuy\/wp-json\/wp\/v2\/posts\/401841\/revisions\/401843"}],"wp:featuredmedia":[{"embeddable":true,"href":"https:\/\/notinor.com\/jujuy\/wp-json\/wp\/v2\/media\/401842"}],"wp:attachment":[{"href":"https:\/\/notinor.com\/jujuy\/wp-json\/wp\/v2\/media?parent=401841"}],"wp:term":[{"taxonomy":"category","embeddable":true,"href":"https:\/\/notinor.com\/jujuy\/wp-json\/wp\/v2\/categories?post=401841"},{"taxonomy":"post_tag","embeddable":true,"href":"https:\/\/notinor.com\/jujuy\/wp-json\/wp\/v2\/tags?post=401841"}],"curies":[{"name":"wp","href":"https:\/\/api.w.org\/{rel}","templated":true}]}}