{"id":401701,"date":"2024-02-06T17:42:43","date_gmt":"2024-02-06T20:42:43","guid":{"rendered":"https:\/\/notinor.com\/jujuy\/?p=401701"},"modified":"2024-02-06T17:45:32","modified_gmt":"2024-02-06T20:45:32","slug":"pymes-productoras-de-biodiesel-amenazan-con-un-tractorazo-a-la-francesa-en-la-ciudad-de-buenos-aires","status":"publish","type":"post","link":"https:\/\/notinor.com\/jujuy\/pymes-productoras-de-biodiesel-amenazan-con-un-tractorazo-a-la-francesa-en-la-ciudad-de-buenos-aires\/","title":{"rendered":"Pymes productoras de biodiesel amenazan con un tractorazo a la \u201cfrancesa\u201d en la Ciudad de Buenos Aires"},"content":{"rendered":"\n<p class=\"has-medium-font-size\"><strong><em>Rechazan que la Ley \u00f3mnibus las incluya en un pie de igualdad para competir con compa\u00f1\u00edas que son \"10 veces m\u00e1s grandes\". <\/em><\/strong><\/p>\n\n\n<div class=\"wp-block-image\">\n<figure class=\"aligncenter size-large\"><img decoding=\"async\" loading=\"lazy\" width=\"840\" height=\"473\" src=\"https:\/\/notinor.com\/jujuy\/wp-content\/uploads\/2024\/02\/tractorazo23a3-840x473.jpg\" alt=\"\" class=\"wp-image-401702\" srcset=\"https:\/\/notinor.com\/jujuy\/wp-content\/uploads\/2024\/02\/tractorazo23a3-840x473.jpg 840w, https:\/\/notinor.com\/jujuy\/wp-content\/uploads\/2024\/02\/tractorazo23a3-649x365.jpg 649w, https:\/\/notinor.com\/jujuy\/wp-content\/uploads\/2024\/02\/tractorazo23a3-768x432.jpg 768w, https:\/\/notinor.com\/jujuy\/wp-content\/uploads\/2024\/02\/tractorazo23a3-750x422.jpg 750w, https:\/\/notinor.com\/jujuy\/wp-content\/uploads\/2024\/02\/tractorazo23a3.jpg 1024w\" sizes=\"(max-width: 840px) 100vw, 840px\" \/><figcaption class=\"wp-element-caption\">Tractorazo<\/figcaption><\/figure><\/div>\n\n\n<p>Afirman que, de prosperar la Secci\u00f3n IV del proyecto, las industrias productoras de biocombustibles de menos escala ir\u00e1n a la quiebra.<\/p>\n\n\n\n<p>La <strong>C\u00e1mara de Empresas Pymes Regionales Elaboradoras de Biocombustibles (CEPREB), que engloba a las peque\u00f1as productoras de biodi\u00e9sel de Buenos Aires, Entre R\u00edos, La Pampa y San Luis, advirti\u00f3 que har\u00e1 una marcha de tractores al centro porte\u00f1o<\/strong> si prospera la intenci\u00f3n de obligar al sector a competir con compa\u00f1\u00edas \u201c10 veces m\u00e1s grandes\u201d, como lo prev\u00e9 la Ley \u00f3mnibus que trata el Congreso, se\u00f1al\u00f3 la agencia NA.<\/p>\n\n\n\n<blockquote class=\"wp-block-quote\">\n<p>La entidad manifest\u00f3 su firme oposici\u00f3n a la Secci\u00f3n IV del proyecto de ley \u201cBases y Puntos de partida para la libertad de los Argentinos\u201d, denominada com\u00fanmente como \u201cLey \u00d3mnibus\u201d.<\/p>\n<\/blockquote>\n\n\n\n<p><strong>Las pymes del sector anunciaron un posible \u00abtractorazo a la francesa\u201d hacia el centro porte\u00f1o si se concreta su inclusi\u00f3n junto a las \u201ccompa\u00f1\u00edas integradas<\/strong>\u201d, predominantemente grandes multinacionales aceiteras, dentro de la legislaci\u00f3n, temiendo que esto las conduzca a la quiebra.<\/p>\n\n\n\n<p>La movilizaci\u00f3n contemplar\u00eda el desplazamiento hacia la capital de camiones cisterna de biocombustibles, tractores y trabajadores de las plantas pymes de todo el pa\u00eds, en una clara muestra de descontento y rechazo a las modificaciones legislativas que consideran perjudiciales para su subsistencia.<\/p>\n\n\n\n<p class=\"has-medium-font-size\"><strong><em>Los reclamos y exigencias<\/em><\/strong><\/p>\n\n\n\n<p>Las pymes del sector biodi\u00e9sel exigen una segmentaci\u00f3n que contemple la capacidad de producci\u00f3n y la distancia al puerto de Rosario, crucial para su operatividad y supervivencia.<br><strong><br>Argumentan que la Ley 26.093 de 2006 favoreci\u00f3 la creaci\u00f3n de 27 pymes al establecer un \u201cl\u00edmite de escala\u201d y promover la \u201cradicaci\u00f3n en el interior\u201d, con el objetivo de desarrollar las econom\u00edas regionales.<\/strong><\/p>\n\n\n\n<p>Sin embargo, advierten que ser\u00eda imposible competir en igualdad de condiciones con las compa\u00f1\u00edas integradas, que adem\u00e1s de una escala superior, \u201ccontrolan la materia prima esencial para la producci\u00f3n\u201d.<\/p>\n\n\n\n<p>Desde la CEPREB se propone revisar el art\u00edculo actual para incrementar inmediatamente el corte obligatorio de biodiesel al 15% este a\u00f1o, y al 20% en los pr\u00f3ximos, junto con la creaci\u00f3n de cuatro segmentos diferenciados para su provisi\u00f3n.<\/p>\n\n\n\n<p>Asimismo, solicitan limitar la participaci\u00f3n de las grandes compa\u00f1\u00edas al 7% del volumen total, en contraposici\u00f3n al 9% estipulado en el proyecto oficial.<\/p>\n\n\n\n<p>FUENTE TODOAGRO.COM<\/p>\n","protected":false},"excerpt":{"rendered":"<p>Rechazan que la Ley \u00f3mnibus las incluya en un pie de igualdad para competir con compa\u00f1\u00edas que son \"10 veces m\u00e1s grandes\". Afirman que, de prosperar la Secci\u00f3n IV del proyecto, las industrias productoras de biocombustibles de menos escala ir\u00e1n a la quiebra. La C\u00e1mara de Empresas Pymes Regionales Elaboradoras de Biocombustibles (CEPREB), que engloba [&hellip;]<\/p>\n","protected":false},"author":53,"featured_media":401702,"comment_status":"open","ping_status":"open","sticky":false,"template":"","format":"standard","meta":{"_stopmodifiedupdate":false,"_modified_date":"","inline_featured_image":false,"spay_email":"","jetpack_publicize_message":""},"categories":[2542],"tags":[573,3573,3572,3571],"jetpack_featured_media_url":"https:\/\/notinor.com\/jujuy\/wp-content\/uploads\/2024\/02\/tractorazo23a3.jpg","jetpack_publicize_connections":[],"_links":{"self":[{"href":"https:\/\/notinor.com\/jujuy\/wp-json\/wp\/v2\/posts\/401701"}],"collection":[{"href":"https:\/\/notinor.com\/jujuy\/wp-json\/wp\/v2\/posts"}],"about":[{"href":"https:\/\/notinor.com\/jujuy\/wp-json\/wp\/v2\/types\/post"}],"author":[{"embeddable":true,"href":"https:\/\/notinor.com\/jujuy\/wp-json\/wp\/v2\/users\/53"}],"replies":[{"embeddable":true,"href":"https:\/\/notinor.com\/jujuy\/wp-json\/wp\/v2\/comments?post=401701"}],"version-history":[{"count":2,"href":"https:\/\/notinor.com\/jujuy\/wp-json\/wp\/v2\/posts\/401701\/revisions"}],"predecessor-version":[{"id":401705,"href":"https:\/\/notinor.com\/jujuy\/wp-json\/wp\/v2\/posts\/401701\/revisions\/401705"}],"wp:featuredmedia":[{"embeddable":true,"href":"https:\/\/notinor.com\/jujuy\/wp-json\/wp\/v2\/media\/401702"}],"wp:attachment":[{"href":"https:\/\/notinor.com\/jujuy\/wp-json\/wp\/v2\/media?parent=401701"}],"wp:term":[{"taxonomy":"category","embeddable":true,"href":"https:\/\/notinor.com\/jujuy\/wp-json\/wp\/v2\/categories?post=401701"},{"taxonomy":"post_tag","embeddable":true,"href":"https:\/\/notinor.com\/jujuy\/wp-json\/wp\/v2\/tags?post=401701"}],"curies":[{"name":"wp","href":"https:\/\/api.w.org\/{rel}","templated":true}]}}