{"id":401698,"date":"2024-02-06T16:57:51","date_gmt":"2024-02-06T19:57:51","guid":{"rendered":"https:\/\/notinor.com\/jujuy\/?p=401698"},"modified":"2024-02-06T16:57:53","modified_gmt":"2024-02-06T19:57:53","slug":"en-accidente-aereo-muere-el-ex-presidente-chileno-sebastian-pinera","status":"publish","type":"post","link":"https:\/\/notinor.com\/jujuy\/en-accidente-aereo-muere-el-ex-presidente-chileno-sebastian-pinera\/","title":{"rendered":"En accidente a\u00e9reo muere el ex presidente Chileno Sebasti\u00e1n Pi\u00f1era"},"content":{"rendered":"\n<p class=\"has-medium-font-size\"><strong><em>Este martes por la tarde muri\u00f3 el ex presidente de Chile Sebasti\u00e1n Pi\u00f1era luego de que cayera el helic\u00f3ptero en el que viajaba en la comuna de Lago Ranco, en la regi\u00f3n de Los R\u00edos, ubicada al sur del pa\u00eds<\/em><\/strong><\/p>\n\n\n<div class=\"wp-block-image\">\n<figure class=\"aligncenter size-full\"><img decoding=\"async\" loading=\"lazy\" width=\"790\" height=\"444\" src=\"https:\/\/notinor.com\/jujuy\/wp-content\/uploads\/2024\/02\/sebastian-pinera-presidente-chile.webp\" alt=\"\" class=\"wp-image-401699\" srcset=\"https:\/\/notinor.com\/jujuy\/wp-content\/uploads\/2024\/02\/sebastian-pinera-presidente-chile.webp 790w, https:\/\/notinor.com\/jujuy\/wp-content\/uploads\/2024\/02\/sebastian-pinera-presidente-chile-649x365.webp 649w, https:\/\/notinor.com\/jujuy\/wp-content\/uploads\/2024\/02\/sebastian-pinera-presidente-chile-500x280.webp 500w, https:\/\/notinor.com\/jujuy\/wp-content\/uploads\/2024\/02\/sebastian-pinera-presidente-chile-768x432.webp 768w, https:\/\/notinor.com\/jujuy\/wp-content\/uploads\/2024\/02\/sebastian-pinera-presidente-chile-750x422.webp 750w\" sizes=\"(max-width: 790px) 100vw, 790px\" \/><figcaption class=\"wp-element-caption\">Sebast\u00edan Pi\u00f1era<\/figcaption><\/figure><\/div>\n\n\n<p><strong>Tambi\u00e9n iban a bordo Magdalena Pi\u00f1era (hermana del ex presidente), el empresario Ignacio Guerrero y su hijo. <\/strong>Adem\u00e1s, fuentes de la Armada detallaron a este medio que el helic\u00f3ptero era pilotado por el ex jefe de Estado, quien no logr\u00f3 sacarse el cintur\u00f3n. Las otras tres personas, en tanto, lograron llegar a la orilla nadando.<\/p>\n\n\n\n<p>El medio local Ex-Ante informa que ven\u00edan de la casa del empresario Jos\u00e9 Cox, ubicada en el sector Illihue de Lago Ranco.<\/p>\n\n\n\n<blockquote class=\"wp-block-quote\">\n<p>Los primeros reportes se\u00f1alan que el helic\u00f3ptero despeg\u00f3 en medio de una jornada de lluvia y neblina que afecta a la zona.<\/p>\n<\/blockquote>\n\n\n\n<p>Tras lo sucedido, acudieron al lugar agentes de emergencia, la Armada, los bomberos, Carabineros, y el Servicio de Atenci\u00f3n M\u00e9dica de Urgencia (Samu).<\/p>\n\n\n\n<p><strong>Pi\u00f1era, dos veces presidente de Chile (2010-2014, y 2018-2022), ten\u00eda una casa en el Lago Rango y se encontraba de vacaciones.<\/strong><\/p>\n\n\n\n<p>En breve se espera un pronunciamiento oficial por parte del Gobierno. Mientras tanto, en el Palacio de La Moneda, en Santiago, se puede ver la bandera a media asta.<\/p>\n","protected":false},"excerpt":{"rendered":"<p>Este martes por la tarde muri\u00f3 el ex presidente de Chile Sebasti\u00e1n Pi\u00f1era luego de que cayera el helic\u00f3ptero en el que viajaba en la comuna de Lago Ranco, en la regi\u00f3n de Los R\u00edos, ubicada al sur del pa\u00eds Tambi\u00e9n iban a bordo Magdalena Pi\u00f1era (hermana del ex presidente), el empresario Ignacio Guerrero y [&hellip;]<\/p>\n","protected":false},"author":53,"featured_media":401699,"comment_status":"open","ping_status":"open","sticky":false,"template":"","format":"standard","meta":{"_stopmodifiedupdate":false,"_modified_date":"","inline_featured_image":false,"spay_email":"","jetpack_publicize_message":""},"categories":[2,6],"tags":[143,3569,3262,721,3570],"jetpack_featured_media_url":"https:\/\/notinor.com\/jujuy\/wp-content\/uploads\/2024\/02\/sebastian-pinera-presidente-chile.webp","jetpack_publicize_connections":[],"_links":{"self":[{"href":"https:\/\/notinor.com\/jujuy\/wp-json\/wp\/v2\/posts\/401698"}],"collection":[{"href":"https:\/\/notinor.com\/jujuy\/wp-json\/wp\/v2\/posts"}],"about":[{"href":"https:\/\/notinor.com\/jujuy\/wp-json\/wp\/v2\/types\/post"}],"author":[{"embeddable":true,"href":"https:\/\/notinor.com\/jujuy\/wp-json\/wp\/v2\/users\/53"}],"replies":[{"embeddable":true,"href":"https:\/\/notinor.com\/jujuy\/wp-json\/wp\/v2\/comments?post=401698"}],"version-history":[{"count":1,"href":"https:\/\/notinor.com\/jujuy\/wp-json\/wp\/v2\/posts\/401698\/revisions"}],"predecessor-version":[{"id":401700,"href":"https:\/\/notinor.com\/jujuy\/wp-json\/wp\/v2\/posts\/401698\/revisions\/401700"}],"wp:featuredmedia":[{"embeddable":true,"href":"https:\/\/notinor.com\/jujuy\/wp-json\/wp\/v2\/media\/401699"}],"wp:attachment":[{"href":"https:\/\/notinor.com\/jujuy\/wp-json\/wp\/v2\/media?parent=401698"}],"wp:term":[{"taxonomy":"category","embeddable":true,"href":"https:\/\/notinor.com\/jujuy\/wp-json\/wp\/v2\/categories?post=401698"},{"taxonomy":"post_tag","embeddable":true,"href":"https:\/\/notinor.com\/jujuy\/wp-json\/wp\/v2\/tags?post=401698"}],"curies":[{"name":"wp","href":"https:\/\/api.w.org\/{rel}","templated":true}]}}