{"id":401510,"date":"2024-02-02T08:00:00","date_gmt":"2024-02-02T11:00:00","guid":{"rendered":"https:\/\/notinor.com\/jujuy\/?p=401510"},"modified":"2024-02-01T19:27:32","modified_gmt":"2024-02-01T22:27:32","slug":"san-francisco-se-prepara-para-recibir-todolactea-2024","status":"publish","type":"post","link":"https:\/\/notinor.com\/jujuy\/san-francisco-se-prepara-para-recibir-todolactea-2024\/","title":{"rendered":"San Francisco se prepara para recibir TodoL\u00e1ctea 2024"},"content":{"rendered":"\n<p class=\"has-medium-font-size\"><strong>Actores p\u00fablicos, privados e institucionales toman dimensi\u00f3n sobre los aportes que la gran muestra lechera argentina traer\u00e1 a la ciudad y suman sus esfuerzos para hacerla inolvidable. Tendr\u00e1 lugar en la Sociedad Rural de San Francisco, los d\u00edas 7, 8 y 9 de mayo. Avances del programa de jornada y actividades<\/strong><\/p>\n\n\n<div class=\"wp-block-image\">\n<figure class=\"aligncenter size-large\"><img decoding=\"async\" loading=\"lazy\" width=\"763\" height=\"480\" src=\"https:\/\/notinor.com\/jujuy\/wp-content\/uploads\/2024\/02\/todolactea-general-grande-2-763x480.jpg\" alt=\"\" class=\"wp-image-401511\" srcset=\"https:\/\/notinor.com\/jujuy\/wp-content\/uploads\/2024\/02\/todolactea-general-grande-2-763x480.jpg 763w, https:\/\/notinor.com\/jujuy\/wp-content\/uploads\/2024\/02\/todolactea-general-grande-2-580x365.jpg 580w, https:\/\/notinor.com\/jujuy\/wp-content\/uploads\/2024\/02\/todolactea-general-grande-2-768x483.jpg 768w, https:\/\/notinor.com\/jujuy\/wp-content\/uploads\/2024\/02\/todolactea-general-grande-2-750x472.jpg 750w, https:\/\/notinor.com\/jujuy\/wp-content\/uploads\/2024\/02\/todolactea-general-grande-2.jpg 1024w\" sizes=\"(max-width: 763px) 100vw, 763px\" \/><figcaption class=\"wp-element-caption\">Muestra TodoL\u00e1ctea<\/figcaption><\/figure><\/div>\n\n\n<p>TodoL\u00e1ctea arribar\u00e1 con su tercera edici\u00f3n a C\u00f3rdoba, m\u00e1s precisamente a San Francisco, una moderna y pujante ciudad que es cabecera del departamento San Justo, que exhibe un notable crecimiento y es el v\u00e9rtice de una amplia regi\u00f3n productiva.<\/p>\n\n\n\n<p><strong>La ciudad de San Francisco est\u00e1 en el centro del mayor corredor lechero de la Rep\u00fablica Argentina y ser\u00e1 sede en mayo de 2024 de TodoL\u00e1ctea, evento que ha logrado convertirse en la mayor exposici\u00f3n de la cadena l\u00e1ctea de Argentina y del Cono Sur por su amplitud en la oferta de productos y servicios,<\/strong> por la nutrida agenda de capacitaci\u00f3n para todos los actores del sector de producci\u00f3n primaria y la industria l\u00e1ctea, por sus competencias estudiantiles, de ejemplares de Holando y Jersey, de forrajes conservados y por albergar en este a\u00f1o la Copa Argentina de Quesos con Ojos y la Copa Argentina del Dulce de Leche.<\/p>\n\n\n\n<p><strong>TodoL\u00e1ctea recoge en su seno las mejores tradiciones de las exposiciones lecheras argentinas y un lugar emblem\u00e1tico: la Sociedad Rural de San Francisco, epicentro del mayor corredor lechero del pa\u00eds.<\/strong> Ser\u00e1 el marco ideal para recibir a m\u00e1s de 15.000 asistentes que llegar\u00e1n desde todas las cuencas argentinas y desde el exterior, expectativas que tambi\u00e9n son acompa\u00f1adas por las empresas del sector, que ya han reservado a la fecha el 35% de los stands comerciales disponibles que se habilitar\u00e1n en el predio ferial.<\/p>\n\n\n\n<p><strong>A la muestra comercial, industrial y de servicios que conformar\u00e1n alrededor de 200 stands, distribuidos en el predio de la Sociedad Rural de San Francisco <\/strong>y que expondr\u00e1n toda la tecnolog\u00eda disponible en Argentina en materia de insumos, maquinarias, tecnolog\u00eda para el tambo y servicios vinculados; se le sumar\u00e1n importantes jornadas de capacitaci\u00f3n para productores, t\u00e9cnicos, veterinarios y estudiantes de carreras afines a la actividad lechera.<\/p>\n\n\n\n<blockquote class=\"wp-block-quote\">\n<p>Como en cada edici\u00f3n de TodoL\u00e1ctea, ser\u00e1n las Jornadas Lecheras Nacionales el primer plato fuerte de capacitaciones. Este evento se desarrollar\u00e1 durante la ma\u00f1ana de los d\u00edas martes 7 y mi\u00e9rcoles 8 de mayo en el sal\u00f3n auditorio principal.<\/p>\n<\/blockquote>\n\n\n\n<p>Aqu\u00ed se abordar\u00e1n temas referidos a la nutrici\u00f3n de la vaca lechera (como hacer m\u00e1s, con menos inversi\u00f3n), habr\u00e1 un espacio para analizar c\u00f3mo se est\u00e1 trabajando en el tambo argentino frente a los desaf\u00edos ambientales y del cambio clim\u00e1tico y tambi\u00e9n se incluir\u00e1 tecnolog\u00edas que est\u00e1n ayudando al tambo a convertirse en un lugar atractivo y de mayor precisi\u00f3n. Adem\u00e1s, se sumar\u00e1 un panel de sistemas disruptivos y novedades en gen\u00e9tica y reproducci\u00f3n lechera.<\/p>\n\n\n\n<p>Fuente Todoagro.com<\/p>\n","protected":false},"excerpt":{"rendered":"<p>Actores p\u00fablicos, privados e institucionales toman dimensi\u00f3n sobre los aportes que la gran muestra lechera argentina traer\u00e1 a la ciudad y suman sus esfuerzos para hacerla inolvidable. Tendr\u00e1 lugar en la Sociedad Rural de San Francisco, los d\u00edas 7, 8 y 9 de mayo. Avances del programa de jornada y actividades TodoL\u00e1ctea arribar\u00e1 con su [&hellip;]<\/p>\n","protected":false},"author":53,"featured_media":401511,"comment_status":"open","ping_status":"open","sticky":false,"template":"","format":"standard","meta":{"_stopmodifiedupdate":false,"_modified_date":"","inline_featured_image":false,"spay_email":"","jetpack_publicize_message":""},"categories":[2542],"tags":[3553,1376,3552],"jetpack_featured_media_url":"https:\/\/notinor.com\/jujuy\/wp-content\/uploads\/2024\/02\/todolactea-general-grande-2.jpg","jetpack_publicize_connections":[],"_links":{"self":[{"href":"https:\/\/notinor.com\/jujuy\/wp-json\/wp\/v2\/posts\/401510"}],"collection":[{"href":"https:\/\/notinor.com\/jujuy\/wp-json\/wp\/v2\/posts"}],"about":[{"href":"https:\/\/notinor.com\/jujuy\/wp-json\/wp\/v2\/types\/post"}],"author":[{"embeddable":true,"href":"https:\/\/notinor.com\/jujuy\/wp-json\/wp\/v2\/users\/53"}],"replies":[{"embeddable":true,"href":"https:\/\/notinor.com\/jujuy\/wp-json\/wp\/v2\/comments?post=401510"}],"version-history":[{"count":1,"href":"https:\/\/notinor.com\/jujuy\/wp-json\/wp\/v2\/posts\/401510\/revisions"}],"predecessor-version":[{"id":401512,"href":"https:\/\/notinor.com\/jujuy\/wp-json\/wp\/v2\/posts\/401510\/revisions\/401512"}],"wp:featuredmedia":[{"embeddable":true,"href":"https:\/\/notinor.com\/jujuy\/wp-json\/wp\/v2\/media\/401511"}],"wp:attachment":[{"href":"https:\/\/notinor.com\/jujuy\/wp-json\/wp\/v2\/media?parent=401510"}],"wp:term":[{"taxonomy":"category","embeddable":true,"href":"https:\/\/notinor.com\/jujuy\/wp-json\/wp\/v2\/categories?post=401510"},{"taxonomy":"post_tag","embeddable":true,"href":"https:\/\/notinor.com\/jujuy\/wp-json\/wp\/v2\/tags?post=401510"}],"curies":[{"name":"wp","href":"https:\/\/api.w.org\/{rel}","templated":true}]}}