{"id":401220,"date":"2024-01-29T09:33:54","date_gmt":"2024-01-29T12:33:54","guid":{"rendered":"https:\/\/notinor.com\/jujuy\/?p=401220"},"modified":"2024-01-29T09:33:55","modified_gmt":"2024-01-29T12:33:55","slug":"memorable-apertura-de-corsos-capitalinos-2024","status":"publish","type":"post","link":"https:\/\/notinor.com\/jujuy\/memorable-apertura-de-corsos-capitalinos-2024\/","title":{"rendered":"Memorable apertura de Corsos Capitalinos 2024"},"content":{"rendered":"\n<p class=\"has-medium-font-size\"><strong><em>Este s\u00e1bado tuvo lugar en avenida General Savio el esperado lanzamiento de Corsos Capitalinos 2024, tradicional evento que marca el inicio de las tan arraigadas festividades carnestolentas que caracterizan a la oferta cultural y tur\u00edstica de nuestra provincia y ciudad.<\/em><\/strong><\/p>\n\n\n<div class=\"wp-block-image\">\n<figure class=\"aligncenter size-large\"><img decoding=\"async\" loading=\"lazy\" width=\"723\" height=\"480\" src=\"https:\/\/notinor.com\/jujuy\/wp-content\/uploads\/2024\/01\/CORSO-2-723x480.jpg\" alt=\"\" class=\"wp-image-401222\" srcset=\"https:\/\/notinor.com\/jujuy\/wp-content\/uploads\/2024\/01\/CORSO-2-723x480.jpg 723w, https:\/\/notinor.com\/jujuy\/wp-content\/uploads\/2024\/01\/CORSO-2-550x365.jpg 550w, https:\/\/notinor.com\/jujuy\/wp-content\/uploads\/2024\/01\/CORSO-2-768x510.jpg 768w, https:\/\/notinor.com\/jujuy\/wp-content\/uploads\/2024\/01\/CORSO-2-750x498.jpg 750w, https:\/\/notinor.com\/jujuy\/wp-content\/uploads\/2024\/01\/CORSO-2.jpg 1024w\" sizes=\"(max-width: 723px) 100vw, 723px\" \/><\/figure><\/div>\n\n\n<p>En la principal avenida de acceso a nuestra ciudad acondicionada especialmente para el acontecimiento, una multitud de vecinos pudo disfrutar de una puesta en escena que quedar\u00e1 para el recuerdo, con m\u00e1s de 38 agrupaciones, fraternidades y comparsas de tinkus, caporales, indios, morenadas y murgas abocadas a la cultura carnavalera.<\/p>\n\n\n<div class=\"wp-block-image\">\n<figure class=\"aligncenter size-large\"><img decoding=\"async\" loading=\"lazy\" width=\"723\" height=\"480\" src=\"https:\/\/notinor.com\/jujuy\/wp-content\/uploads\/2024\/01\/CORSO-3-723x480.jpg\" alt=\"\" class=\"wp-image-401223\" srcset=\"https:\/\/notinor.com\/jujuy\/wp-content\/uploads\/2024\/01\/CORSO-3-723x480.jpg 723w, https:\/\/notinor.com\/jujuy\/wp-content\/uploads\/2024\/01\/CORSO-3-550x365.jpg 550w, https:\/\/notinor.com\/jujuy\/wp-content\/uploads\/2024\/01\/CORSO-3-768x510.jpg 768w, https:\/\/notinor.com\/jujuy\/wp-content\/uploads\/2024\/01\/CORSO-3-750x498.jpg 750w, https:\/\/notinor.com\/jujuy\/wp-content\/uploads\/2024\/01\/CORSO-3.jpg 1024w\" sizes=\"(max-width: 723px) 100vw, 723px\" \/><\/figure><\/div>\n\n\n<p>Al respecto, el presidente del Concejo Deliberante, Lisandro Aguiar, a cargo del ejecutivo municipal, manifest\u00f3, \u201cfue un gusto poder compartir en un d\u00eda como este, un d\u00eda realmente espectacular, ac\u00e1 en la Avenida General Savio, al ingreso de la ciudad, lo que fue la primera noche de Corsos Capitalinos y por supuesto el inicio de los carnavales, esta fiesta tan popular y tan tradicional de los juje\u00f1os que disfrutaron realmente una convocatoria incre\u00edble de este carnaval, organizado por la Municipalidad de San Salvador de Jujuy, por todo el equipo de la Secretar\u00eda de Turismo y Cultura\u201d, e invit\u00f3 a la comunidad a compartir los festejos recordando que se han programado 4 fechas, \u201cqueremos invitar a todos a acercarse, a compartir el paso de las comparsas en estos corsos que van a tener dos fechas en el Distrito Centro-, y dos fechas en Alto Comedero, en la Avenida Forestal\u201d.<\/p>\n\n\n<div class=\"wp-block-image\">\n<figure class=\"aligncenter size-large\"><img decoding=\"async\" loading=\"lazy\" width=\"699\" height=\"480\" src=\"https:\/\/notinor.com\/jujuy\/wp-content\/uploads\/2024\/01\/CORSO-4-699x480.jpg\" alt=\"\" class=\"wp-image-401224\" srcset=\"https:\/\/notinor.com\/jujuy\/wp-content\/uploads\/2024\/01\/CORSO-4-699x480.jpg 699w, https:\/\/notinor.com\/jujuy\/wp-content\/uploads\/2024\/01\/CORSO-4-532x365.jpg 532w, https:\/\/notinor.com\/jujuy\/wp-content\/uploads\/2024\/01\/CORSO-4-768x527.jpg 768w, https:\/\/notinor.com\/jujuy\/wp-content\/uploads\/2024\/01\/CORSO-4-750x515.jpg 750w, https:\/\/notinor.com\/jujuy\/wp-content\/uploads\/2024\/01\/CORSO-4.jpg 1024w\" sizes=\"(max-width: 699px) 100vw, 699px\" \/><\/figure><\/div>\n\n\n<p>En igual sentido, el secretario de Cultura y Turismo de la Municipalidad de San Salvador de Jujuy, Luciano C\u00f3rdoba, celebr\u00f3 la multitudinaria convocatoria, \u201cestamos muy felices de volver a la avenida Savio, la verdad que con todo el p\u00fablico que vino quedamos sorprendidos porque hubo much\u00edsima gente\u201d, y asimismo se refiri\u00f3 a la organizaci\u00f3n de la edici\u00f3n 2024 de Corsos Capitalinos, \u201cestos son Corsos populares, tradicionales de la ciudad de San Salvador de Jujuy; este a\u00f1o vamos a tener toda la noche pasando las 40 comparsas en todos los rubros con mucha m\u00fasica, con mucho baile, mucha alegr\u00eda y que ojal\u00e1 que los Corsos, estos carnavales, vuelvan a ser, como han sido en los \u00faltimos a\u00f1os, unos carnavales de mucha participaci\u00f3n, de mucha gente\u201d.&nbsp; Concluyendo, expres\u00f3 los correspondientes agradecimientos por \u201cla colaboraci\u00f3n, el aporte de lo que es el Ministerio de Turismo y Cultura de la provincia, que tambi\u00e9n trabajamos conjunto, en conjunto esta agenda.\u201d, y augur\u00f3 un eventual saldo positivo en materia de estad\u00edstica tur\u00edstica, \u201ctenemos altos porcentajes de reserva para el Carnaval de Los Tekis, que es tan promocionado y digamos ya es muy popular a nivel no solamente de Jujuy, sino de todo el pa\u00eds\u201d.<\/p>\n\n\n<div class=\"wp-block-image\">\n<figure class=\"aligncenter size-large\"><img decoding=\"async\" loading=\"lazy\" width=\"725\" height=\"480\" src=\"https:\/\/notinor.com\/jujuy\/wp-content\/uploads\/2024\/01\/CORSO-5-725x480.jpg\" alt=\"\" class=\"wp-image-401225\" srcset=\"https:\/\/notinor.com\/jujuy\/wp-content\/uploads\/2024\/01\/CORSO-5-725x480.jpg 725w, https:\/\/notinor.com\/jujuy\/wp-content\/uploads\/2024\/01\/CORSO-5-551x365.jpg 551w, https:\/\/notinor.com\/jujuy\/wp-content\/uploads\/2024\/01\/CORSO-5-768x509.jpg 768w, https:\/\/notinor.com\/jujuy\/wp-content\/uploads\/2024\/01\/CORSO-5-750x497.jpg 750w, https:\/\/notinor.com\/jujuy\/wp-content\/uploads\/2024\/01\/CORSO-5.jpg 1024w\" sizes=\"(max-width: 725px) 100vw, 725px\" \/><\/figure><\/div>\n\n\n<p>Con detalles sobre las noches de Corsos Capitalinos 2024, la directora general de Cultura, Alejandra Guti\u00e9rrez, coment\u00f3, \u201ctenemos 38 comparsas participando, muy contentos de poder participar, la apertura de los corsos de este a\u00f1o se han desarrollado sin problemas el Corso, y esta primera etapa en el Distrito Centro concluye el domingo 28, sin embargo, los d\u00edas 3 y 4 de febrero desplegaremos la segunda etapa en la avenida Forestal, en el Distrito de Alto Comedero, as\u00ed que all\u00ed los esperamos\u201d.<\/p>\n\n\n<div class=\"wp-block-image\">\n<figure class=\"aligncenter size-large\"><img decoding=\"async\" loading=\"lazy\" width=\"678\" height=\"480\" src=\"https:\/\/notinor.com\/jujuy\/wp-content\/uploads\/2024\/01\/CORSO-6-678x480.jpg\" alt=\"\" class=\"wp-image-401226\" srcset=\"https:\/\/notinor.com\/jujuy\/wp-content\/uploads\/2024\/01\/CORSO-6-678x480.jpg 678w, https:\/\/notinor.com\/jujuy\/wp-content\/uploads\/2024\/01\/CORSO-6-516x365.jpg 516w, https:\/\/notinor.com\/jujuy\/wp-content\/uploads\/2024\/01\/CORSO-6-768x544.jpg 768w, https:\/\/notinor.com\/jujuy\/wp-content\/uploads\/2024\/01\/CORSO-6-120x86.jpg 120w, https:\/\/notinor.com\/jujuy\/wp-content\/uploads\/2024\/01\/CORSO-6-750x531.jpg 750w, https:\/\/notinor.com\/jujuy\/wp-content\/uploads\/2024\/01\/CORSO-6.jpg 1024w\" sizes=\"(max-width: 678px) 100vw, 678px\" \/><\/figure><\/div>\n\n\n<p><strong>Operativos especiales<\/strong><\/p>\n\n\n\n<p>Como en todo mega evento, las distintas secretar\u00edas y direcciones de la Municipalidad de San Salvador de Jujuy desplegaron una serie de operativos para garantizar un normal desarrollo, brindar servicios, y realizar campa\u00f1as de difusi\u00f3n. As\u00ed pudo verse personal de Desarrollo Humano, del \u00e1rea de salud, en el cami\u00f3n de<em>&nbsp;La Muni Junto a Vos<\/em>, con profesionales realizando testeos gratuitos de VIH, y prestos a asistir ante eventuales emergencias.<\/p>\n\n\n<div class=\"wp-block-image\">\n<figure class=\"aligncenter size-large\"><img decoding=\"async\" loading=\"lazy\" width=\"723\" height=\"480\" src=\"https:\/\/notinor.com\/jujuy\/wp-content\/uploads\/2024\/01\/CORSO-7-723x480.jpg\" alt=\"\" class=\"wp-image-401227\" srcset=\"https:\/\/notinor.com\/jujuy\/wp-content\/uploads\/2024\/01\/CORSO-7-723x480.jpg 723w, https:\/\/notinor.com\/jujuy\/wp-content\/uploads\/2024\/01\/CORSO-7-550x365.jpg 550w, https:\/\/notinor.com\/jujuy\/wp-content\/uploads\/2024\/01\/CORSO-7-768x510.jpg 768w, https:\/\/notinor.com\/jujuy\/wp-content\/uploads\/2024\/01\/CORSO-7-750x498.jpg 750w, https:\/\/notinor.com\/jujuy\/wp-content\/uploads\/2024\/01\/CORSO-7.jpg 1024w\" sizes=\"(max-width: 723px) 100vw, 723px\" \/><\/figure><\/div>\n\n\n<p>De parte de la Secretar\u00eda de Servicios P\u00fablicos, cuyas direcciones dependientes realizan trabajos, que muchas veces pasan desapercibidos estuvieron Higiene Urbana, Servicios El\u00e9ctricos, y por supuesto la Direcci\u00f3n General de Tr\u00e1nsito y Transporte garantizando la seguridad vial y el orden vehicular en las adyacencias.&nbsp; Al respecto, el secretario Guillermo Marenco destac\u00f3, \u201cpara estas fechas de Corsos Capitalinos, se ha realizado un arduo trabajo de parte de la Secretar\u00eda de Servicios P\u00fablicos, apoyando todo lo que es el evento organizado por la Secretar\u00eda de Cultura y Turismo, con todo lo que signific\u00f3 en la previa trabajar en el acondicionamiento de avenida General Savio, y despu\u00e9s que terminan los corsos sigue el trabajo; adicionalmente en el marco carnestolendo, hemos procedido a terminar de sacar los adornos navide\u00f1os y empezamos la ornamentaci\u00f3n del carnaval; ya se pueden apreciar en la zona de Fuente Chacana y Fuente de Chijra los diablos que nos caracterizan durante todos los carnavales y que son los mismos que van a engalanar diferentes sectores de la ciudad y fundamentalmente el escenario del Carnaval de Los Tekis\u201d.<\/p>\n\n\n\n<p>En el caso de la Secretar\u00eda de Planificaci\u00f3n y Ambiente, se dispuso de un operativo de reciclaje, con los ya conocidos puntos verdes donde los vecinos pueden entregar material descartable de pl\u00e1stico.&nbsp; En este caso se canjearon 20 envases por un asiento en las tribunas especialmente dispuestas para disfrutar del desfile, a modo de campa\u00f1a de concientizaci\u00f3n ambiental.&nbsp; La secretaria Adriana D\u00edaz dijo en referencia, \u201cadem\u00e1s del canje de envases por un asiento en las tribunas, tuvimos a nuestros promotores ambientales trabajando en cada uno de los puntos verdes que tenemos; es parte de la educaci\u00f3n, parte de tomar conciencia de lo que implica cuidar el ambiente y cuidar estos espacios, estos espacios verdes que tenemos ac\u00e1 alrededor y que deben quedar en las mismas condiciones que los encontramos\u201d, y consider\u00f3, \u201ccreo que hay que tener en cuenta que todav\u00eda nos falta mucho en educaci\u00f3n ambiental por lo que les volvemos a recordar que para las siguientes fechas de Corsos Capitalinos todos aquellos que quieran un asiento en las tribunas pueden venir con sus envases descartables y obtener una&nbsp;<em>ecoentrada<\/em>&nbsp;para poder estar sentados y disfrutar de este carnaval\u201d.<\/p>\n\n\n<div class=\"wp-block-image\">\n<figure class=\"aligncenter size-large\"><img decoding=\"async\" loading=\"lazy\" width=\"723\" height=\"480\" src=\"https:\/\/notinor.com\/jujuy\/wp-content\/uploads\/2024\/01\/CORSO-8-723x480.jpg\" alt=\"\" class=\"wp-image-401228\" srcset=\"https:\/\/notinor.com\/jujuy\/wp-content\/uploads\/2024\/01\/CORSO-8-723x480.jpg 723w, https:\/\/notinor.com\/jujuy\/wp-content\/uploads\/2024\/01\/CORSO-8-550x365.jpg 550w, https:\/\/notinor.com\/jujuy\/wp-content\/uploads\/2024\/01\/CORSO-8-768x510.jpg 768w, https:\/\/notinor.com\/jujuy\/wp-content\/uploads\/2024\/01\/CORSO-8-750x498.jpg 750w, https:\/\/notinor.com\/jujuy\/wp-content\/uploads\/2024\/01\/CORSO-8.jpg 1024w\" sizes=\"(max-width: 723px) 100vw, 723px\" \/><\/figure><\/div>","protected":false},"excerpt":{"rendered":"<p>Este s\u00e1bado tuvo lugar en avenida General Savio el esperado lanzamiento de Corsos Capitalinos 2024, tradicional evento que marca el inicio de las tan arraigadas festividades carnestolentas que caracterizan a la oferta cultural y tur\u00edstica de nuestra provincia y ciudad. En la principal avenida de acceso a nuestra ciudad acondicionada especialmente para el acontecimiento, una [&hellip;]<\/p>\n","protected":false},"author":5,"featured_media":401221,"comment_status":"open","ping_status":"open","sticky":false,"template":"","format":"standard","meta":{"_stopmodifiedupdate":false,"_modified_date":"","inline_featured_image":false,"spay_email":"","jetpack_publicize_message":""},"categories":[514],"tags":[],"jetpack_featured_media_url":"https:\/\/notinor.com\/jujuy\/wp-content\/uploads\/2024\/01\/CORSO-1.jpg","jetpack_publicize_connections":[],"_links":{"self":[{"href":"https:\/\/notinor.com\/jujuy\/wp-json\/wp\/v2\/posts\/401220"}],"collection":[{"href":"https:\/\/notinor.com\/jujuy\/wp-json\/wp\/v2\/posts"}],"about":[{"href":"https:\/\/notinor.com\/jujuy\/wp-json\/wp\/v2\/types\/post"}],"author":[{"embeddable":true,"href":"https:\/\/notinor.com\/jujuy\/wp-json\/wp\/v2\/users\/5"}],"replies":[{"embeddable":true,"href":"https:\/\/notinor.com\/jujuy\/wp-json\/wp\/v2\/comments?post=401220"}],"version-history":[{"count":1,"href":"https:\/\/notinor.com\/jujuy\/wp-json\/wp\/v2\/posts\/401220\/revisions"}],"predecessor-version":[{"id":401230,"href":"https:\/\/notinor.com\/jujuy\/wp-json\/wp\/v2\/posts\/401220\/revisions\/401230"}],"wp:featuredmedia":[{"embeddable":true,"href":"https:\/\/notinor.com\/jujuy\/wp-json\/wp\/v2\/media\/401221"}],"wp:attachment":[{"href":"https:\/\/notinor.com\/jujuy\/wp-json\/wp\/v2\/media?parent=401220"}],"wp:term":[{"taxonomy":"category","embeddable":true,"href":"https:\/\/notinor.com\/jujuy\/wp-json\/wp\/v2\/categories?post=401220"},{"taxonomy":"post_tag","embeddable":true,"href":"https:\/\/notinor.com\/jujuy\/wp-json\/wp\/v2\/tags?post=401220"}],"curies":[{"name":"wp","href":"https:\/\/api.w.org\/{rel}","templated":true}]}}