{"id":401210,"date":"2024-01-29T08:39:17","date_gmt":"2024-01-29T11:39:17","guid":{"rendered":"https:\/\/notinor.com\/jujuy\/?p=401210"},"modified":"2024-01-29T08:52:26","modified_gmt":"2024-01-29T11:52:26","slug":"realizan-mesas-de-trabajo-en-hospitales-de-san-pedro-la-mendieta-y-la-esperanza","status":"publish","type":"post","link":"https:\/\/notinor.com\/jujuy\/realizan-mesas-de-trabajo-en-hospitales-de-san-pedro-la-mendieta-y-la-esperanza\/","title":{"rendered":"Realizan Mesas de trabajo en hospitales de San Pedro, La Mendieta y La Esperanza"},"content":{"rendered":"\n<p class=\"has-medium-font-size\"><strong><em>El titular de la cartera sanitaria y su equipo concretaron las reuniones en los efectores del Departamento San Pedro.<\/em><\/strong><\/p>\n\n\n<div class=\"wp-block-image\">\n<figure class=\"aligncenter size-large\"><img decoding=\"async\" loading=\"lazy\" width=\"720\" height=\"480\" src=\"https:\/\/notinor.com\/jujuy\/wp-content\/uploads\/2024\/01\/bohuid-san-pedro-720x480.webp\" alt=\"\" class=\"wp-image-401213\" srcset=\"https:\/\/notinor.com\/jujuy\/wp-content\/uploads\/2024\/01\/bohuid-san-pedro-720x480.webp 720w, https:\/\/notinor.com\/jujuy\/wp-content\/uploads\/2024\/01\/bohuid-san-pedro-548x365.webp 548w, https:\/\/notinor.com\/jujuy\/wp-content\/uploads\/2024\/01\/bohuid-san-pedro-768x512.webp 768w, https:\/\/notinor.com\/jujuy\/wp-content\/uploads\/2024\/01\/bohuid-san-pedro-750x500.webp 750w, https:\/\/notinor.com\/jujuy\/wp-content\/uploads\/2024\/01\/bohuid-san-pedro-1140x760.webp 1140w, https:\/\/notinor.com\/jujuy\/wp-content\/uploads\/2024\/01\/bohuid-san-pedro.webp 1200w\" sizes=\"(max-width: 720px) 100vw, 720px\" \/><figcaption class=\"wp-element-caption\">Mesa de Trabajo<\/figcaption><\/figure><\/div>\n\n\n<p>\u201cEstamos haciendo el recorrido que es parte de nuestra forma de trabajo, escuchando primero a la gente y a los trabajadores y ayudando a solucionar las problem\u00e1ticas todos juntos con la presencia del equipo de Nivel Central\u201d, explic\u00f3 el Ministro de Salud de Jujuy, Gustavo Bouhid, y sostuvo que \u201csi trabajamos todos juntos a la gente le va mejor, es un aprendizaje de los muchos que nos dej\u00f3 la fase m\u00e1s aguda de la pandemia\u201d.<\/p>\n\n\n\n<p>En la misma l\u00ednea, <strong>destac\u00f3 en la primera reuni\u00f3n la presencia del Intendente de San Pedro, Julio Bravo, y de las autoridades comunales de Santa Clara y Rode\u00edto, reiterando el agradecimiento a los municipios y a los trabajadores municipales para el desarrollo continuo de las acciones en materia de salud.<\/strong><\/p>\n\n\n\n<blockquote class=\"wp-block-quote\">\n<p>\u201cEstas mesas de trabajo con claves para la mejora entre todos porque aqu\u00ed contamos con la voz de los vecinos a trav\u00e9s de los centros vecinales, los centros de jubilados, las organizaciones locales, los gremios\u201d, indic\u00f3 Bouhid.<\/p>\n<\/blockquote>\n\n\n\n<p>Entre las situaciones relevadas,<strong> el Ministro afirm\u00f3 se presentan tareas por delante en materia edilicia por el impacto de las intensas lluvias as\u00ed como el fortalecimiento del trabajo puerta a puerta que sigue en todo el Departamento San Pedro <\/strong>en virtud de la epidemiologia por Covid, dengue, diabetes, tuberculosis y otras patolog\u00edas prevalentes en la poblaci\u00f3n.<\/p>\n\n\n\n<p> \u201cSeguimos yendo a tocar la puerta de la gente para evitar que se enferme o para detectar de manera temprana cualquier factor de riesgo. La epidemiologia es la que manda, hoy nos insta a reforzar este trabajo el brote de Covid a nivel pa\u00eds que estamos atravesando con mayor\u00eda de casos leves pero que, claro, con la proximidad del Carnaval, de los corsos y lo que resta de las vacaciones de verano, nos ocupa en fortalecer la vacunaci\u00f3n con dosis de refuerzo\u201d. <\/p>\n\n\n\n<p>Del mismo modo, remarc\u00f3 que \u201csi bien el dengue no est\u00e1 en situaci\u00f3n complicada, no tenemos a la fecha casos aut\u00f3ctonos y solo uno de car\u00e1cter importado, es siempre latente la posibilidad de brote mientras presenta sintomatolog\u00eda similar al coronavirus y por eso, insistimos a las familias en consultar y no automedicarse cuando aparece el cuadro gripal\u201d.<\/p>\n","protected":false},"excerpt":{"rendered":"<p>El titular de la cartera sanitaria y su equipo concretaron las reuniones en los efectores del Departamento San Pedro. \u201cEstamos haciendo el recorrido que es parte de nuestra forma de trabajo, escuchando primero a la gente y a los trabajadores y ayudando a solucionar las problem\u00e1ticas todos juntos con la presencia del equipo de Nivel [&hellip;]<\/p>\n","protected":false},"author":53,"featured_media":401213,"comment_status":"open","ping_status":"open","sticky":false,"template":"","format":"standard","meta":{"_stopmodifiedupdate":false,"_modified_date":"","inline_featured_image":false,"spay_email":"","jetpack_publicize_message":""},"categories":[2,4],"tags":[3080,2321,19,3520,1999],"jetpack_featured_media_url":"https:\/\/notinor.com\/jujuy\/wp-content\/uploads\/2024\/01\/bohuid-san-pedro.webp","jetpack_publicize_connections":[],"_links":{"self":[{"href":"https:\/\/notinor.com\/jujuy\/wp-json\/wp\/v2\/posts\/401210"}],"collection":[{"href":"https:\/\/notinor.com\/jujuy\/wp-json\/wp\/v2\/posts"}],"about":[{"href":"https:\/\/notinor.com\/jujuy\/wp-json\/wp\/v2\/types\/post"}],"author":[{"embeddable":true,"href":"https:\/\/notinor.com\/jujuy\/wp-json\/wp\/v2\/users\/53"}],"replies":[{"embeddable":true,"href":"https:\/\/notinor.com\/jujuy\/wp-json\/wp\/v2\/comments?post=401210"}],"version-history":[{"count":1,"href":"https:\/\/notinor.com\/jujuy\/wp-json\/wp\/v2\/posts\/401210\/revisions"}],"predecessor-version":[{"id":401214,"href":"https:\/\/notinor.com\/jujuy\/wp-json\/wp\/v2\/posts\/401210\/revisions\/401214"}],"wp:featuredmedia":[{"embeddable":true,"href":"https:\/\/notinor.com\/jujuy\/wp-json\/wp\/v2\/media\/401213"}],"wp:attachment":[{"href":"https:\/\/notinor.com\/jujuy\/wp-json\/wp\/v2\/media?parent=401210"}],"wp:term":[{"taxonomy":"category","embeddable":true,"href":"https:\/\/notinor.com\/jujuy\/wp-json\/wp\/v2\/categories?post=401210"},{"taxonomy":"post_tag","embeddable":true,"href":"https:\/\/notinor.com\/jujuy\/wp-json\/wp\/v2\/tags?post=401210"}],"curies":[{"name":"wp","href":"https:\/\/api.w.org\/{rel}","templated":true}]}}