{"id":401203,"date":"2024-01-29T08:14:15","date_gmt":"2024-01-29T11:14:15","guid":{"rendered":"https:\/\/notinor.com\/jujuy\/?p=401203"},"modified":"2024-01-29T08:20:00","modified_gmt":"2024-01-29T11:20:00","slug":"sadir-recorrio-el-barrio-el-milagro-de-alto-comedero","status":"publish","type":"post","link":"https:\/\/notinor.com\/jujuy\/sadir-recorrio-el-barrio-el-milagro-de-alto-comedero\/","title":{"rendered":"Sadir recorri\u00f3 el barrio \"El Milagro\" de Alto Comedero"},"content":{"rendered":"\n<p class=\"has-medium-font-size\"><strong><em>El Gobernador Carlos Sadir recorre distintos puntos de la provincia para tomar contacto directo con la comunidad.<\/em><\/strong><\/p>\n\n\n<div class=\"wp-block-image\">\n<figure class=\"aligncenter size-large\"><img decoding=\"async\" loading=\"lazy\" width=\"720\" height=\"480\" src=\"https:\/\/notinor.com\/jujuy\/wp-content\/uploads\/2024\/01\/sadir-recorre-alto-comedero-720x480.webp\" alt=\"\" class=\"wp-image-401204\" srcset=\"https:\/\/notinor.com\/jujuy\/wp-content\/uploads\/2024\/01\/sadir-recorre-alto-comedero-720x480.webp 720w, https:\/\/notinor.com\/jujuy\/wp-content\/uploads\/2024\/01\/sadir-recorre-alto-comedero-548x365.webp 548w, https:\/\/notinor.com\/jujuy\/wp-content\/uploads\/2024\/01\/sadir-recorre-alto-comedero-768x512.webp 768w, https:\/\/notinor.com\/jujuy\/wp-content\/uploads\/2024\/01\/sadir-recorre-alto-comedero-750x500.webp 750w, https:\/\/notinor.com\/jujuy\/wp-content\/uploads\/2024\/01\/sadir-recorre-alto-comedero-1140x760.webp 1140w, https:\/\/notinor.com\/jujuy\/wp-content\/uploads\/2024\/01\/sadir-recorre-alto-comedero.webp 1200w\" sizes=\"(max-width: 720px) 100vw, 720px\" \/><figcaption class=\"wp-element-caption\">Sadir recorre Alto Comedero<\/figcaption><\/figure><\/div>\n\n\n<p>En este sentido el Mandatario Provincial dialog\u00f3 con los vecinos de Alto Comedero, quienes sufrieron da\u00f1os debido a las \u00faltimas lluvias que padeci\u00f3 la Provincia.<\/p>\n\n\n\n<p><strong>El gobernador, Carlos Sadir, visit\u00f3 a los vecinos del barrio \u201cEl Milagro\u201d un sector de Alto Comedero, quienes reciben contenci\u00f3n por parte del gobierno al ser afectados por las continuas lluvias que padeci\u00f3 la capital juje\u00f1a, hace unas semanas atr\u00e1s.<\/strong><\/p>\n\n\n\n<p>En la ocasi\u00f3n, el gobernador dialog\u00f3 con los vecinos y le ratific\u00f3 el acompa\u00f1amiento del estado provincial para superar esta situaci\u00f3n.<\/p>\n","protected":false},"excerpt":{"rendered":"<p>El Gobernador Carlos Sadir recorre distintos puntos de la provincia para tomar contacto directo con la comunidad. En este sentido el Mandatario Provincial dialog\u00f3 con los vecinos de Alto Comedero, quienes sufrieron da\u00f1os debido a las \u00faltimas lluvias que padeci\u00f3 la Provincia. El gobernador, Carlos Sadir, visit\u00f3 a los vecinos del barrio \u201cEl Milagro\u201d un [&hellip;]<\/p>\n","protected":false},"author":53,"featured_media":401204,"comment_status":"open","ping_status":"open","sticky":false,"template":"","format":"standard","meta":{"_stopmodifiedupdate":false,"_modified_date":"","inline_featured_image":false,"spay_email":"","jetpack_publicize_message":""},"categories":[2,514],"tags":[293,2886,19],"jetpack_featured_media_url":"https:\/\/notinor.com\/jujuy\/wp-content\/uploads\/2024\/01\/sadir-recorre-alto-comedero.webp","jetpack_publicize_connections":[],"_links":{"self":[{"href":"https:\/\/notinor.com\/jujuy\/wp-json\/wp\/v2\/posts\/401203"}],"collection":[{"href":"https:\/\/notinor.com\/jujuy\/wp-json\/wp\/v2\/posts"}],"about":[{"href":"https:\/\/notinor.com\/jujuy\/wp-json\/wp\/v2\/types\/post"}],"author":[{"embeddable":true,"href":"https:\/\/notinor.com\/jujuy\/wp-json\/wp\/v2\/users\/53"}],"replies":[{"embeddable":true,"href":"https:\/\/notinor.com\/jujuy\/wp-json\/wp\/v2\/comments?post=401203"}],"version-history":[{"count":2,"href":"https:\/\/notinor.com\/jujuy\/wp-json\/wp\/v2\/posts\/401203\/revisions"}],"predecessor-version":[{"id":401207,"href":"https:\/\/notinor.com\/jujuy\/wp-json\/wp\/v2\/posts\/401203\/revisions\/401207"}],"wp:featuredmedia":[{"embeddable":true,"href":"https:\/\/notinor.com\/jujuy\/wp-json\/wp\/v2\/media\/401204"}],"wp:attachment":[{"href":"https:\/\/notinor.com\/jujuy\/wp-json\/wp\/v2\/media?parent=401203"}],"wp:term":[{"taxonomy":"category","embeddable":true,"href":"https:\/\/notinor.com\/jujuy\/wp-json\/wp\/v2\/categories?post=401203"},{"taxonomy":"post_tag","embeddable":true,"href":"https:\/\/notinor.com\/jujuy\/wp-json\/wp\/v2\/tags?post=401203"}],"curies":[{"name":"wp","href":"https:\/\/api.w.org\/{rel}","templated":true}]}}