{"id":401183,"date":"2024-01-28T12:37:04","date_gmt":"2024-01-28T15:37:04","guid":{"rendered":"https:\/\/notinor.com\/jujuy\/?p=401183"},"modified":"2024-01-28T12:42:00","modified_gmt":"2024-01-28T15:42:00","slug":"ley-omnibus-ya-sin-la-suba-de-retenciones-el-campo-discutira-los-derechos-en-materia-de-semillas","status":"publish","type":"post","link":"https:\/\/notinor.com\/jujuy\/ley-omnibus-ya-sin-la-suba-de-retenciones-el-campo-discutira-los-derechos-en-materia-de-semillas\/","title":{"rendered":"Ley \u00d3mnibus: ya sin la suba de retenciones, el campo discutir\u00e1 los derechos en materia de semillas"},"content":{"rendered":"\n<p class=\"has-medium-font-size\"><strong><em>Est\u00e1 en juego la adhesi\u00f3n de la Argentina a una convenci\u00f3n internacional sobre la propiedad intelectual en la materia. Una mayor protecci\u00f3n en materia de mejoramiento permitir\u00eda aumentar los rendimientos y el valor de las cosechas<\/em><\/strong>.<\/p>\n\n\n<div class=\"wp-block-image\">\n<figure class=\"aligncenter size-large\"><img decoding=\"async\" loading=\"lazy\" width=\"720\" height=\"480\" src=\"https:\/\/notinor.com\/jujuy\/wp-content\/uploads\/2024\/01\/image-153-720x480.png\" alt=\"\" class=\"wp-image-401184\" srcset=\"https:\/\/notinor.com\/jujuy\/wp-content\/uploads\/2024\/01\/image-153-720x480.png 720w, https:\/\/notinor.com\/jujuy\/wp-content\/uploads\/2024\/01\/image-153-548x365.png 548w, https:\/\/notinor.com\/jujuy\/wp-content\/uploads\/2024\/01\/image-153-750x500.png 750w, https:\/\/notinor.com\/jujuy\/wp-content\/uploads\/2024\/01\/image-153.png 768w\" sizes=\"(max-width: 720px) 100vw, 720px\" \/><\/figure><\/div>\n\n\n<p><\/p>\n\n\n\n<p><strong>Despejada, por ahora, la suba de retenciones, queda en la Ley \u00d3mnibus<\/strong> un art\u00edculo, el 210, que el Gobierno impulsa junto a mas de 30 c\u00e1maras e instituciones de la agroindustria. <strong>La normativa pretende adherir la UPOV 91, una convenci\u00f3n internacional sobre la propiedad intelectual en semillas.<\/strong> Cient\u00edficos, industria y entidades argumentan sobre ella.<\/p>\n\n\n\n<p>Entre tantas de las cuestiones que la Argentina tiene pendientes para insertarse en el mundo y cuya definici\u00f3n se dilata hace d\u00e9cadas,<strong> la actualizaci\u00f3n de la legislaci\u00f3n sobre semillas es una de las que afecta m\u00e1s claramente el desarrollo del sector semillero y la expresi\u00f3n del potencial del pa\u00eds como productor<\/strong> de alimentos, fibras y bioenerg\u00edas.<\/p>\n\n\n\n<p><strong> Esto frena inversiones en el rubro, <\/strong>mientras en pa\u00edses con mercados similares pero m\u00e1s desarrollados y estrictos en materia de propiedad intelectual, como Brasil y los Estados Unidos, crece la inversi\u00f3n privada, los rendimientos de los cultivos acompa\u00f1an y se genera un ciclo virtuoso que en la Argentina a\u00fan no logra.<\/p>\n\n\n\n<p><\/p>\n\n\n<div class=\"wp-block-image\">\n<figure class=\"aligncenter size-large\"><img decoding=\"async\" loading=\"lazy\" width=\"840\" height=\"467\" src=\"https:\/\/notinor.com\/jujuy\/wp-content\/uploads\/2024\/01\/image-156-840x467.png\" alt=\"\" class=\"wp-image-401191\" srcset=\"https:\/\/notinor.com\/jujuy\/wp-content\/uploads\/2024\/01\/image-156-840x467.png 840w, https:\/\/notinor.com\/jujuy\/wp-content\/uploads\/2024\/01\/image-156-657x365.png 657w, https:\/\/notinor.com\/jujuy\/wp-content\/uploads\/2024\/01\/image-156-768x427.png 768w, https:\/\/notinor.com\/jujuy\/wp-content\/uploads\/2024\/01\/image-156-750x417.png 750w, https:\/\/notinor.com\/jujuy\/wp-content\/uploads\/2024\/01\/image-156.png 1013w\" sizes=\"(max-width: 840px) 100vw, 840px\" \/><\/figure><\/div>\n\n\n<p><\/p>\n\n\n\n<p>El proyecto de Ley \u00d3mnibus -del cual el viernes el Gobierno retir\u00f3 el cap\u00edtulo fiscal y, con \u00e9l, la suba de retenciones- incluye el art\u00edculo 241 que<strong> dispone que \u201cLa Rep\u00fablica Argentina adhiere a la Convenci\u00f3n Internacional sobre la Protecci\u00f3n de Nuevas Variedades Vegetales (UPOV),<\/strong> ACTA 1991\u2033.<\/p>\n\n\n\n<p>La Uni\u00f3n Internacional para la Protecci\u00f3n de las Obtenciones Vegetales (UPOV) <strong>es una organizaci\u00f3n intergubernamental (no perteneciente a la ONU) con sede en Ginebra, Suiza,<\/strong> cuyo objetivo es proteger m\u00e1s eficazmente las obtenciones vegetales. La Convenci\u00f3n de 1991, a la que la Argentina adherir\u00eda si se aprueba ese art\u00edculo, se discute intensamente en el \u00e1mbito agropecuario.<\/p>\n\n\n\n<p>Daniel Ploper, director t\u00e9cnico de la Estaci\u00f3n Experimental Agroindustrial Obispo Colombres (EEAOC), de Tucum\u00e1n, e investigador principal de la EEAOC y del Conicet, es un ingeniero agr\u00f3nomo argentino reconocido internacionalmente por mejoramientos de ca\u00f1a de az\u00facar, soja, trigo, poroto, garbanzo, mungo y portainjertos. Explic\u00f3 que <strong>desarrollar una variedad de ca\u00f1a \u201cdemanda entre 11 y 12 a\u00f1os, incluidos los ensayos comparativos de rendimiento, aunque con las legumbres se pueden tardar algo menos\u201d.<\/strong><\/p>\n\n\n\n<p><\/p>\n\n\n<div class=\"wp-block-image\">\n<figure class=\"aligncenter size-full is-resized\"><img decoding=\"async\" loading=\"lazy\" src=\"https:\/\/notinor.com\/jujuy\/wp-content\/uploads\/2024\/01\/image-155.png\" alt=\"\" class=\"wp-image-401190\" width=\"790\" height=\"478\" srcset=\"https:\/\/notinor.com\/jujuy\/wp-content\/uploads\/2024\/01\/image-155.png 620w, https:\/\/notinor.com\/jujuy\/wp-content\/uploads\/2024\/01\/image-155-603x365.png 603w\" sizes=\"(max-width: 790px) 100vw, 790px\" \/><\/figure><\/div>\n\n\n<p><\/p>\n\n\n\n<p>Desde C\u00f3rdoba, la tambi\u00e9n agr\u00f3noma\u00a0Julia Carreras\u00a0agreg\u00f3 que <strong>en el caso espec\u00edfico de garbanzos \u201ccomo m\u00ednimo se invierten 10 a\u00f1os en la mejora gen\u00e9tica de variedades\u201d. Ese lapso puede acortarse a 7 u 8, <\/strong>\u201cpero es muy dif\u00edcil lograr una variedad en menos tiempo aunque se puede disminuir utilizando diferentes estrategias, como son las siembras en contra estaci\u00f3n, dentro o fuera del pa\u00eds, y realizando ensayos comparativos de rendimiento en muchas localidades\u201d.<\/p>\n\n\n\n<p>Tambi\u00e9n desde C\u00f3rdoba, pero en General Cabrera,\u00a0Juan Soave, titular del semillero El Carmen, dedicado al mejoramiento de semilla de man\u00ed, se\u00f1al\u00f3 que <strong>el productor puede utilizar las semillas de man\u00ed todos los a\u00f1os que quiera<\/strong> y si bien est\u00e1 la ley de semillas vieja (1973), que habla de los derechos del obtentor, \u201ceso realmente no se cumple, salvo en mi caso particular que, como el mercado es tan peque\u00f1o y est\u00e1 tan concentrado, hemos logrado -hablando con las mayores 20 empresas que siembran el 80% del man\u00ed de la Argentina- que paguen algo de regal\u00edas para poder seguir adelante\u201d.<\/p>\n\n\n\n<p>Tambi\u00e9n <strong>la industria percibe \u201cun atraso en materia de tecnolog\u00eda en el \u00e1mbito agr\u00edcola,<\/strong> denunciado por los distintos sectores y fundamentado en la falta de practicidad de la normativa  porque no contempla por su fecha de sanci\u00f3n la evoluci\u00f3n en el campo del mejoramiento, ni de los avances tecnol\u00f3gicos\u201d. <\/p>\n\n\n\n<p>Concretamente se refiere a que al sancionarse esa norma, <strong>no exist\u00edan las semillas gen\u00e9ticamente modificadas ni los eventos biotecnol\u00f3gicos que introducen resistencias de las semillas a insectos, herbicidas y \u00faltimamente tambi\u00e9n a sequ\u00edas.<\/strong><\/p>\n","protected":false},"excerpt":{"rendered":"<p>Est\u00e1 en juego la adhesi\u00f3n de la Argentina a una convenci\u00f3n internacional sobre la propiedad intelectual en la materia. Una mayor protecci\u00f3n en materia de mejoramiento permitir\u00eda aumentar los rendimientos y el valor de las cosechas. Despejada, por ahora, la suba de retenciones, queda en la Ley \u00d3mnibus un art\u00edculo, el 210, que el Gobierno [&hellip;]<\/p>\n","protected":false},"author":51,"featured_media":401184,"comment_status":"open","ping_status":"open","sticky":false,"template":"","format":"standard","meta":{"_stopmodifiedupdate":false,"_modified_date":"","inline_featured_image":false,"spay_email":"","jetpack_publicize_message":""},"categories":[2542],"tags":[],"jetpack_featured_media_url":"https:\/\/notinor.com\/jujuy\/wp-content\/uploads\/2024\/01\/image-153.png","jetpack_publicize_connections":[],"_links":{"self":[{"href":"https:\/\/notinor.com\/jujuy\/wp-json\/wp\/v2\/posts\/401183"}],"collection":[{"href":"https:\/\/notinor.com\/jujuy\/wp-json\/wp\/v2\/posts"}],"about":[{"href":"https:\/\/notinor.com\/jujuy\/wp-json\/wp\/v2\/types\/post"}],"author":[{"embeddable":true,"href":"https:\/\/notinor.com\/jujuy\/wp-json\/wp\/v2\/users\/51"}],"replies":[{"embeddable":true,"href":"https:\/\/notinor.com\/jujuy\/wp-json\/wp\/v2\/comments?post=401183"}],"version-history":[{"count":3,"href":"https:\/\/notinor.com\/jujuy\/wp-json\/wp\/v2\/posts\/401183\/revisions"}],"predecessor-version":[{"id":401192,"href":"https:\/\/notinor.com\/jujuy\/wp-json\/wp\/v2\/posts\/401183\/revisions\/401192"}],"wp:featuredmedia":[{"embeddable":true,"href":"https:\/\/notinor.com\/jujuy\/wp-json\/wp\/v2\/media\/401184"}],"wp:attachment":[{"href":"https:\/\/notinor.com\/jujuy\/wp-json\/wp\/v2\/media?parent=401183"}],"wp:term":[{"taxonomy":"category","embeddable":true,"href":"https:\/\/notinor.com\/jujuy\/wp-json\/wp\/v2\/categories?post=401183"},{"taxonomy":"post_tag","embeddable":true,"href":"https:\/\/notinor.com\/jujuy\/wp-json\/wp\/v2\/tags?post=401183"}],"curies":[{"name":"wp","href":"https:\/\/api.w.org\/{rel}","templated":true}]}}