{"id":401171,"date":"2024-01-28T12:28:17","date_gmt":"2024-01-28T15:28:17","guid":{"rendered":"https:\/\/notinor.com\/jujuy\/?p=401171"},"modified":"2024-01-28T12:28:18","modified_gmt":"2024-01-28T15:28:18","slug":"comienzan-las-honras-a-la-virgen-de-la-candelaria-en-humahuaca","status":"publish","type":"post","link":"https:\/\/notinor.com\/jujuy\/comienzan-las-honras-a-la-virgen-de-la-candelaria-en-humahuaca\/","title":{"rendered":"Comienzan las honras a la Virgen de la Candelaria en Humahuaca"},"content":{"rendered":"\n<p class=\"has-medium-font-size\"><strong><em>Este domingo a las 19 horas, se recibir\u00e1n las intenciones y ofrendas de agricultores y comerciantes de los barrios Alto Independencia, 23 de Agosto, Virgen de la Candelaria y San Jorge.<\/em><\/strong><\/p>\n\n\n<div class=\"wp-block-image\">\n<figure class=\"aligncenter size-large\"><img decoding=\"async\" loading=\"lazy\" width=\"840\" height=\"473\" src=\"https:\/\/notinor.com\/jujuy\/wp-content\/uploads\/2024\/01\/image-151-840x473.png\" alt=\"\" class=\"wp-image-401178\" srcset=\"https:\/\/notinor.com\/jujuy\/wp-content\/uploads\/2024\/01\/image-151-840x473.png 840w, https:\/\/notinor.com\/jujuy\/wp-content\/uploads\/2024\/01\/image-151-648x365.png 648w, https:\/\/notinor.com\/jujuy\/wp-content\/uploads\/2024\/01\/image-151-768x432.png 768w, https:\/\/notinor.com\/jujuy\/wp-content\/uploads\/2024\/01\/image-151-750x422.png 750w, https:\/\/notinor.com\/jujuy\/wp-content\/uploads\/2024\/01\/image-151.png 970w\" sizes=\"(max-width: 840px) 100vw, 840px\" \/><\/figure><\/div>\n\n\n<p><\/p>\n\n\n\n<p><strong>Un grupo de gauchos y paisanas juje\u00f1as emprendieron el s\u00e1bado la tradicional Marcha Evocativa y Patri\u00f3tica a caballo <\/strong>desde San Salvador de Jujuy hasta la localidad de Humahuaca, donde se congregar\u00e1n <strong>para rendir honores a la patrona del pueblo, la Virgen de la Candelaria.<\/strong><\/p>\n\n\n\n<p><strong>La movilizaci\u00f3n fue encabezada por agrupaciones tradicionalistas de la regi\u00f3n de los Valles,<\/strong> que recorrer\u00e1n al menos 100 kil\u00f3metros hacia el norte y a la vera de la ruta nacional 9, donde a lo largo del camino se realizar\u00e1n paradas y se sumar\u00e1n lugare\u00f1os de la Quebrada.<\/p>\n\n\n\n<p>Reeditando la traves\u00eda a caballo que se realiza hace 40 a\u00f1os,<strong> los gauchos y paisanas fueron recibidos el s\u00e1bado al mediod\u00eda por las autoridades del municipio de Yala,<\/strong> a 10 kil\u00f3metros de San Salvador, donde con un peque\u00f1o acto despidieron a los fieles y le expresaron sus buenos augurios.<\/p>\n\n\n\n<p>\"Muchas gracias a las autoridades presentes y a todos los compa\u00f1eros y compa\u00f1eras que <strong>se sumaron a esta cabalgata a Humahuaca para llegar a agradecer a la Virgen de la Candelaria\"<\/strong>, expresaron los jinetes.<\/p>\n\n\n\n<p><\/p>\n\n\n<div class=\"wp-block-image\">\n<figure class=\"aligncenter size-large\"><img decoding=\"async\" loading=\"lazy\" width=\"840\" height=\"473\" src=\"https:\/\/notinor.com\/jujuy\/wp-content\/uploads\/2024\/01\/image-152-840x473.png\" alt=\"\" class=\"wp-image-401179\" srcset=\"https:\/\/notinor.com\/jujuy\/wp-content\/uploads\/2024\/01\/image-152-840x473.png 840w, https:\/\/notinor.com\/jujuy\/wp-content\/uploads\/2024\/01\/image-152-649x365.png 649w, https:\/\/notinor.com\/jujuy\/wp-content\/uploads\/2024\/01\/image-152-768x432.png 768w, https:\/\/notinor.com\/jujuy\/wp-content\/uploads\/2024\/01\/image-152-750x422.png 750w, https:\/\/notinor.com\/jujuy\/wp-content\/uploads\/2024\/01\/image-152-1140x642.png 1140w, https:\/\/notinor.com\/jujuy\/wp-content\/uploads\/2024\/01\/image-152.png 1155w\" sizes=\"(max-width: 840px) 100vw, 840px\" \/><\/figure><\/div>\n\n\n<p><\/p>\n\n\n\n<p><strong>El recorrido durar\u00e1 al menos cinco d\u00edas <\/strong>en los cuales los fieles<strong> ser\u00e1n recibidos por sus pares en las localidades B\u00e1rcena, Volc\u00e1n, Tumbaya, Purmamarca, Posta de Hornillos, Maimar\u00e1, Tilcara, Huacalera, Chucalezna y Uqu\u00eda<\/strong>, todas a la vera de la ruta nacional 9, hasta arribar a Humahuaca, y en cada sitio compartir\u00e1n encuentros de camarader\u00eda.<\/p>\n\n\n\n<p><strong>El 1\u00b0 de febrero est\u00e1 prevista la llegada a la \"Ciudad Hist\u00f3rica\",<\/strong> donde frente al Monumento a la Independencia y, luego, en la plazoleta General Manuel Eduardo Arias se realizar\u00e1 un homenaje a este pr\u00f3cer.<\/p>\n\n\n\n<p>Finalmente, <strong>el 2 de febrero, d\u00eda de la Virgen de la Candelaria, la hueste har\u00e1 una guardia de honor a la patrona y participar\u00e1 luego de la misa, la procesi\u00f3n y del tradicional desfile,<\/strong> tras lo cual se realizar\u00e1 un almuerzo criollo para regresar finalmente a San Salvador.<\/p>\n\n\n\n<p class=\"has-medium-font-size\"><strong>Bendici\u00f3n a las familias<\/strong><\/p>\n\n\n\n<p>Como parte de las honras a la Virgen de la Candelaria en Humahuaca, <strong>este domingo la Pastoral Familiar invit\u00f3 a todas las familias para la bendici\u00f3n <\/strong>y en especial a los matrimonios a participar y renovar sus promesas en la misa de las 10.30 en el Complejo Juvenil.<\/p>\n\n\n\n<p><strong>En las misas de las 7.30 y 9.30 se pedir\u00e1 por las intenciones de las comunidades<\/strong> de Chorrillos, Churcal, Hornaditas y la banda de sikuris \"Santa Rosa de Lima\" y por \"Cruz del Sur Omaguaca\". <\/p>\n\n\n\n<p><strong>A las 19, se recibir\u00e1n las intenciones y ofrendas de agricultores, comerciantes y barrios<\/strong> Alto Independencia, 23 de Agosto, Virgen de la Candelaria y San Jorge. Tambi\u00e9n por la banda de sikuris \"Peregrino\" de Chucalezna y guardia de honor gaucha.<\/p>\n","protected":false},"excerpt":{"rendered":"<p>Este domingo a las 19 horas, se recibir\u00e1n las intenciones y ofrendas de agricultores y comerciantes de los barrios Alto Independencia, 23 de Agosto, Virgen de la Candelaria y San Jorge. Un grupo de gauchos y paisanas juje\u00f1as emprendieron el s\u00e1bado la tradicional Marcha Evocativa y Patri\u00f3tica a caballo desde San Salvador de Jujuy hasta [&hellip;]<\/p>\n","protected":false},"author":51,"featured_media":401178,"comment_status":"open","ping_status":"open","sticky":false,"template":"","format":"standard","meta":{"_stopmodifiedupdate":false,"_modified_date":"","inline_featured_image":false,"spay_email":"","jetpack_publicize_message":""},"categories":[4],"tags":[],"jetpack_featured_media_url":"https:\/\/notinor.com\/jujuy\/wp-content\/uploads\/2024\/01\/image-151.png","jetpack_publicize_connections":[],"_links":{"self":[{"href":"https:\/\/notinor.com\/jujuy\/wp-json\/wp\/v2\/posts\/401171"}],"collection":[{"href":"https:\/\/notinor.com\/jujuy\/wp-json\/wp\/v2\/posts"}],"about":[{"href":"https:\/\/notinor.com\/jujuy\/wp-json\/wp\/v2\/types\/post"}],"author":[{"embeddable":true,"href":"https:\/\/notinor.com\/jujuy\/wp-json\/wp\/v2\/users\/51"}],"replies":[{"embeddable":true,"href":"https:\/\/notinor.com\/jujuy\/wp-json\/wp\/v2\/comments?post=401171"}],"version-history":[{"count":1,"href":"https:\/\/notinor.com\/jujuy\/wp-json\/wp\/v2\/posts\/401171\/revisions"}],"predecessor-version":[{"id":401180,"href":"https:\/\/notinor.com\/jujuy\/wp-json\/wp\/v2\/posts\/401171\/revisions\/401180"}],"wp:featuredmedia":[{"embeddable":true,"href":"https:\/\/notinor.com\/jujuy\/wp-json\/wp\/v2\/media\/401178"}],"wp:attachment":[{"href":"https:\/\/notinor.com\/jujuy\/wp-json\/wp\/v2\/media?parent=401171"}],"wp:term":[{"taxonomy":"category","embeddable":true,"href":"https:\/\/notinor.com\/jujuy\/wp-json\/wp\/v2\/categories?post=401171"},{"taxonomy":"post_tag","embeddable":true,"href":"https:\/\/notinor.com\/jujuy\/wp-json\/wp\/v2\/tags?post=401171"}],"curies":[{"name":"wp","href":"https:\/\/api.w.org\/{rel}","templated":true}]}}