{"id":401163,"date":"2024-01-28T12:13:55","date_gmt":"2024-01-28T15:13:55","guid":{"rendered":"https:\/\/notinor.com\/jujuy\/?p=401163"},"modified":"2024-01-28T12:22:24","modified_gmt":"2024-01-28T15:22:24","slug":"advierten-sobre-estafas-y-sitios-falsos-de-venta-de-entradas-para-el-carnaval-de-los-tekis","status":"publish","type":"post","link":"https:\/\/notinor.com\/jujuy\/advierten-sobre-estafas-y-sitios-falsos-de-venta-de-entradas-para-el-carnaval-de-los-tekis\/","title":{"rendered":"Advierten sobre estafas y sitios falsos de venta de entradas para el Carnaval de Los Tekis"},"content":{"rendered":"\n<p class=\"has-medium-font-size\"><em><strong>La organizaci\u00f3n del evento inform\u00f3 que fueron notificados sobre presuntos hechos de defraudaci\u00f3n y recalcaron que ellos no env\u00edan enlaces solicitando informaci\u00f3n personal.<\/strong><\/em><\/p>\n\n\n<div class=\"wp-block-image\">\n<figure class=\"aligncenter size-large\"><img decoding=\"async\" loading=\"lazy\" width=\"781\" height=\"480\" src=\"https:\/\/notinor.com\/jujuy\/wp-content\/uploads\/2024\/01\/image-145-781x480.png\" alt=\"\" class=\"wp-image-401164\" srcset=\"https:\/\/notinor.com\/jujuy\/wp-content\/uploads\/2024\/01\/image-145-781x480.png 781w, https:\/\/notinor.com\/jujuy\/wp-content\/uploads\/2024\/01\/image-145-594x365.png 594w, https:\/\/notinor.com\/jujuy\/wp-content\/uploads\/2024\/01\/image-145-768x472.png 768w, https:\/\/notinor.com\/jujuy\/wp-content\/uploads\/2024\/01\/image-145-750x461.png 750w, https:\/\/notinor.com\/jujuy\/wp-content\/uploads\/2024\/01\/image-145.png 993w\" sizes=\"(max-width: 781px) 100vw, 781px\" \/><\/figure><\/div>\n\n\n<p><\/p>\n\n\n\n<p><strong>La organizaci\u00f3n del Carnaval de Los Tekis en Jujuy advirti\u00f3 a la comunidad por hechos de defraudaci\u00f3n<\/strong> que se registraron en las \u00faltimas horas, a trav\u00e9s de sitios web truchos\u00a0que simulan pertenecer de forma oficial al festival.<\/p>\n\n\n\n<p><strong>Este llamado a la precauci\u00f3n busca proteger a los entusiastas seguidores de posibles fraudes<\/strong> y garantizar un entorno de compra seguro para todos.<\/p>\n\n\n\n<p><strong>\u201cHemos recibido m\u00faltiples reportes sobre una presunta estafa<\/strong> en la que una p\u00e1gina fraudulenta est\u00e1 haci\u00e9ndose pasar por el Carnaval de Los Tekis\u201d, indicaron a trav\u00e9s de las redes.<\/p>\n\n\n\n<p><\/p>\n\n\n<div class=\"wp-block-image\">\n<figure class=\"aligncenter size-large is-resized\"><img decoding=\"async\" loading=\"lazy\" src=\"https:\/\/notinor.com\/jujuy\/wp-content\/uploads\/2024\/01\/image-150-274x480.png\" alt=\"\" class=\"wp-image-401174\" width=\"526\" height=\"921\" srcset=\"https:\/\/notinor.com\/jujuy\/wp-content\/uploads\/2024\/01\/image-150-274x480.png 274w, https:\/\/notinor.com\/jujuy\/wp-content\/uploads\/2024\/01\/image-150-208x365.png 208w\" sizes=\"(max-width: 526px) 100vw, 526px\" \/><\/figure><\/div>\n\n\n<p><\/p>\n\n\n\n<p>\u201cQueremos ser enf\u00e1ticos al comunicar que <strong>nosotros NO estamos enviando enlaces o solicitando informaci\u00f3n personal,<\/strong> como n\u00fameros de tarjetas de cr\u00e9dito\u201d, recalcaron y sumaron: \u201cPor su seguridad, instamos a que <strong>revisen detenidamente la autenticidad de cualquier mensaje que reciban<\/strong> en nombre del Carnaval de Los Tekis\u201d.<\/p>\n\n\n\n<p>Este a\u00f1o, <strong>el Carnaval de los Tekis se celebrar\u00e1 el fin de semana largo de Carnaval<\/strong>, el 9, 10, 11 y 12 de febrero.<\/p>\n\n\n\n<p><strong>Este a\u00f1o, dir\u00e1n presentes en Ciudad Cultural:<\/strong>\u00a0Los Tekis, La Mosca, L\u00e1zaro Caballero, Q' Lokura, Los Nocheros, La Beriso, Sergio Galleguillo, Duo Coplanacu, Dale Que Va, Tambo Tambo, Franco Barrionuevo y Coroico.<\/p>\n\n\n\n<p><strong>Adem\u00e1s, estar\u00e1n presentes:\u00a0<\/strong>Sabor Canela, Los de Portezuelo, Diableros, Cesar y su grupo Felicidad, Tunay, Lu Araya, Bandi2, Carlita Celeste, La Kostumbre, Tupac7, Dj Treekoo y Djs extras.<\/p>\n\n\n\n<p><\/p>\n\n\n<div class=\"wp-block-image\">\n<figure class=\"aligncenter size-large\"><img decoding=\"async\" loading=\"lazy\" width=\"384\" height=\"480\" src=\"https:\/\/notinor.com\/jujuy\/wp-content\/uploads\/2024\/01\/image-146-384x480.png\" alt=\"\" class=\"wp-image-401165\" srcset=\"https:\/\/notinor.com\/jujuy\/wp-content\/uploads\/2024\/01\/image-146-384x480.png 384w, https:\/\/notinor.com\/jujuy\/wp-content\/uploads\/2024\/01\/image-146-292x365.png 292w, https:\/\/notinor.com\/jujuy\/wp-content\/uploads\/2024\/01\/image-146-768x960.png 768w, https:\/\/notinor.com\/jujuy\/wp-content\/uploads\/2024\/01\/image-146-750x938.png 750w, https:\/\/notinor.com\/jujuy\/wp-content\/uploads\/2024\/01\/image-146.png 864w\" sizes=\"(max-width: 384px) 100vw, 384px\" \/><\/figure><\/div>\n\n<div class=\"wp-block-image\">\n<figure class=\"aligncenter size-large\"><img decoding=\"async\" loading=\"lazy\" width=\"384\" height=\"480\" src=\"https:\/\/notinor.com\/jujuy\/wp-content\/uploads\/2024\/01\/image-147-384x480.png\" alt=\"\" class=\"wp-image-401166\" srcset=\"https:\/\/notinor.com\/jujuy\/wp-content\/uploads\/2024\/01\/image-147-384x480.png 384w, https:\/\/notinor.com\/jujuy\/wp-content\/uploads\/2024\/01\/image-147-292x365.png 292w, https:\/\/notinor.com\/jujuy\/wp-content\/uploads\/2024\/01\/image-147-768x960.png 768w, https:\/\/notinor.com\/jujuy\/wp-content\/uploads\/2024\/01\/image-147-750x938.png 750w, https:\/\/notinor.com\/jujuy\/wp-content\/uploads\/2024\/01\/image-147.png 864w\" sizes=\"(max-width: 384px) 100vw, 384px\" \/><\/figure><\/div>\n\n<div class=\"wp-block-image\">\n<figure class=\"aligncenter size-large\"><img decoding=\"async\" loading=\"lazy\" width=\"384\" height=\"480\" src=\"https:\/\/notinor.com\/jujuy\/wp-content\/uploads\/2024\/01\/image-148-384x480.png\" alt=\"\" class=\"wp-image-401167\" srcset=\"https:\/\/notinor.com\/jujuy\/wp-content\/uploads\/2024\/01\/image-148-384x480.png 384w, https:\/\/notinor.com\/jujuy\/wp-content\/uploads\/2024\/01\/image-148-292x365.png 292w, https:\/\/notinor.com\/jujuy\/wp-content\/uploads\/2024\/01\/image-148-768x960.png 768w, https:\/\/notinor.com\/jujuy\/wp-content\/uploads\/2024\/01\/image-148-750x938.png 750w, https:\/\/notinor.com\/jujuy\/wp-content\/uploads\/2024\/01\/image-148.png 864w\" sizes=\"(max-width: 384px) 100vw, 384px\" \/><\/figure><\/div>\n\n<div class=\"wp-block-image\">\n<figure class=\"aligncenter size-large\"><img decoding=\"async\" loading=\"lazy\" width=\"384\" height=\"480\" src=\"https:\/\/notinor.com\/jujuy\/wp-content\/uploads\/2024\/01\/image-149-384x480.png\" alt=\"\" class=\"wp-image-401168\" srcset=\"https:\/\/notinor.com\/jujuy\/wp-content\/uploads\/2024\/01\/image-149-384x480.png 384w, https:\/\/notinor.com\/jujuy\/wp-content\/uploads\/2024\/01\/image-149-292x365.png 292w, https:\/\/notinor.com\/jujuy\/wp-content\/uploads\/2024\/01\/image-149-768x960.png 768w, https:\/\/notinor.com\/jujuy\/wp-content\/uploads\/2024\/01\/image-149-750x938.png 750w, https:\/\/notinor.com\/jujuy\/wp-content\/uploads\/2024\/01\/image-149.png 864w\" sizes=\"(max-width: 384px) 100vw, 384px\" \/><\/figure><\/div>\n\n\n<p><\/p>\n\n\n\n<p class=\"has-medium-font-size\"><strong>D\u00f3nde comprar entradas para el Carnaval de los Tekis<\/strong><\/p>\n\n\n\n<p>En la cuenta regresiva para el evento,<strong>\u00a0ya se pueden comprar entradas de forma online y en distintos puntos fijos. Residentes de diferentes localidades de Jujuy y otras provincias pueden comprar los tickets de forma virtual o acercarse a las boleter\u00edas fijas<\/strong>\u00a0ubicadas en:<\/p>\n\n\n\n<p><strong>Jujuy:<\/strong><\/p>\n\n\n\n<ul>\n<li>E y M - Belgrano 969 - Local Pago F\u00e1cil<\/li>\n\n\n\n<li>Las Vicu\u00f1as 587 - Local Pago F\u00e1cil<\/li>\n\n\n\n<li>Almirante Brown 1380 - Local Pago F\u00e1cil<\/li>\n\n\n\n<li>Hip\u00f3lito Yrigoyen 1070 - Local Pago F\u00e1cil<\/li>\n<\/ul>\n\n\n\n<p><strong>Salta:<\/strong><\/p>\n\n\n\n<ul>\n<li>Alvarado 690<\/li>\n\n\n\n<li>Atipiko - Zuvir\u00eda 408<\/li>\n<\/ul>\n\n\n\n<p><strong>Tucum\u00e1n:<\/strong><\/p>\n\n\n\n<ul>\n<li>La Rockeria - Buenos Aires 39 - Local 6<\/li>\n<\/ul>\n\n\n\n<p><strong>C\u00f3rdoba:<\/strong><\/p>\n\n\n\n<ul>\n<li>Patio Olmos - 2do piso - Local 314<\/li>\n\n\n\n<li>Elias Yofre 1050 (al lado de casa de comidas r\u00e1pidas)<\/li>\n\n\n\n<li>Villa Carlos Paz: Gral. Paz 254 - Local 3<\/li>\n\n\n\n<li>R\u00edo Cuarto: Constituci\u00f3n 700<\/li>\n<\/ul>\n\n\n\n<p><strong>Posadas:<\/strong><\/p>\n\n\n\n<ul>\n<li>Avenida Santa Catalina 2310<\/li>\n<\/ul>\n\n\n\n<p><strong>San Luis:<\/strong><\/p>\n\n\n\n<ul>\n<li>Ayacucho 985 esquina San Mart\u00edn<\/li>\n<\/ul>\n\n\n\n<p><strong>Santiago del Estero:<\/strong><\/p>\n\n\n\n<ul>\n<li>Avenida Belgrano sud 3375 - Local Pago F\u00e1cil<\/li>\n<\/ul>\n\n\n\n<p class=\"has-medium-font-size\"><strong>Cu\u00e1nto cuestan las entradas para el Recital de los Tekis<\/strong><\/p>\n\n\n\n<p>Las entradas generales se venden por tramos hasta agotar la tanda.<strong>&nbsp;Los precios del primer tramo son:<\/strong><\/p>\n\n\n\n<ul>\n<li>Viernes 9 de febrero:&nbsp;<strong>$ 8.000<\/strong><\/li>\n\n\n\n<li>10, 11 y 12 de febrero:&nbsp;<strong>$ 10.000 (tramo 1) - $ 12.000 (tramo 2)<\/strong><\/li>\n\n\n\n<li>Espacio \"No somos nada\":<strong>&nbsp;$ 25.000<\/strong><\/li>\n\n\n\n<li>Vip Diablo:&nbsp;<strong>$ 140.000<\/strong><\/li>\n<\/ul>\n","protected":false},"excerpt":{"rendered":"<p>La organizaci\u00f3n del evento inform\u00f3 que fueron notificados sobre presuntos hechos de defraudaci\u00f3n y recalcaron que ellos no env\u00edan enlaces solicitando informaci\u00f3n personal. La organizaci\u00f3n del Carnaval de Los Tekis en Jujuy advirti\u00f3 a la comunidad por hechos de defraudaci\u00f3n que se registraron en las \u00faltimas horas, a trav\u00e9s de sitios web truchos\u00a0que simulan pertenecer [&hellip;]<\/p>\n","protected":false},"author":51,"featured_media":401164,"comment_status":"open","ping_status":"open","sticky":false,"template":"","format":"standard","meta":{"_stopmodifiedupdate":false,"_modified_date":"","inline_featured_image":false,"spay_email":"","jetpack_publicize_message":""},"categories":[21],"tags":[],"jetpack_featured_media_url":"https:\/\/notinor.com\/jujuy\/wp-content\/uploads\/2024\/01\/image-145.png","jetpack_publicize_connections":[],"_links":{"self":[{"href":"https:\/\/notinor.com\/jujuy\/wp-json\/wp\/v2\/posts\/401163"}],"collection":[{"href":"https:\/\/notinor.com\/jujuy\/wp-json\/wp\/v2\/posts"}],"about":[{"href":"https:\/\/notinor.com\/jujuy\/wp-json\/wp\/v2\/types\/post"}],"author":[{"embeddable":true,"href":"https:\/\/notinor.com\/jujuy\/wp-json\/wp\/v2\/users\/51"}],"replies":[{"embeddable":true,"href":"https:\/\/notinor.com\/jujuy\/wp-json\/wp\/v2\/comments?post=401163"}],"version-history":[{"count":5,"href":"https:\/\/notinor.com\/jujuy\/wp-json\/wp\/v2\/posts\/401163\/revisions"}],"predecessor-version":[{"id":401177,"href":"https:\/\/notinor.com\/jujuy\/wp-json\/wp\/v2\/posts\/401163\/revisions\/401177"}],"wp:featuredmedia":[{"embeddable":true,"href":"https:\/\/notinor.com\/jujuy\/wp-json\/wp\/v2\/media\/401164"}],"wp:attachment":[{"href":"https:\/\/notinor.com\/jujuy\/wp-json\/wp\/v2\/media?parent=401163"}],"wp:term":[{"taxonomy":"category","embeddable":true,"href":"https:\/\/notinor.com\/jujuy\/wp-json\/wp\/v2\/categories?post=401163"},{"taxonomy":"post_tag","embeddable":true,"href":"https:\/\/notinor.com\/jujuy\/wp-json\/wp\/v2\/tags?post=401163"}],"curies":[{"name":"wp","href":"https:\/\/api.w.org\/{rel}","templated":true}]}}