{"id":401155,"date":"2024-01-28T12:06:50","date_gmt":"2024-01-28T15:06:50","guid":{"rendered":"https:\/\/notinor.com\/jujuy\/?p=401155"},"modified":"2024-01-28T12:06:51","modified_gmt":"2024-01-28T15:06:51","slug":"uno-por-uno-los-lugares-habilitados-en-jujuy-para-vacunarse-contra-el-covid-19","status":"publish","type":"post","link":"https:\/\/notinor.com\/jujuy\/uno-por-uno-los-lugares-habilitados-en-jujuy-para-vacunarse-contra-el-covid-19\/","title":{"rendered":"Uno por uno, los lugares habilitados en Jujuy para vacunarse contra el Covid-19"},"content":{"rendered":"\n<p class=\"has-medium-font-size\"><strong><em>Ante el repunte casos en el pa\u00eds y Jujuy, con un total de 1.369 casos la provincia, llaman a colocarse la vacuna como medida fundamental para mitigar los casos severos y graves, reduciendo as\u00ed las hospitalizaciones y los desenlaces fatales. <\/em><\/strong><\/p>\n\n\n<div class=\"wp-block-image\">\n<figure class=\"aligncenter size-large is-resized\"><img decoding=\"async\" loading=\"lazy\" src=\"https:\/\/notinor.com\/jujuy\/wp-content\/uploads\/2024\/01\/image-144-707x480.png\" alt=\"\" class=\"wp-image-401160\" width=\"801\" height=\"544\" srcset=\"https:\/\/notinor.com\/jujuy\/wp-content\/uploads\/2024\/01\/image-144-707x480.png 707w, https:\/\/notinor.com\/jujuy\/wp-content\/uploads\/2024\/01\/image-144-538x365.png 538w, https:\/\/notinor.com\/jujuy\/wp-content\/uploads\/2024\/01\/image-144-768x521.png 768w, https:\/\/notinor.com\/jujuy\/wp-content\/uploads\/2024\/01\/image-144-750x509.png 750w, https:\/\/notinor.com\/jujuy\/wp-content\/uploads\/2024\/01\/image-144.png 865w\" sizes=\"(max-width: 801px) 100vw, 801px\" \/><\/figure><\/div>\n\n\n<p><\/p>\n\n\n\n<p><\/p>\n\n\n\n<p>En el contexto de repunte de casos de Covid-19 en el pa\u00eds y Jujuy, con un total de 1.369 casos la provincia hasta el cierre de la tercera semana epidemiol\u00f3gica de 2024, es decir, hasta el 20 de enero, <strong>llaman a colocarse la vacuna como medida fundamental para mitigar los casos severos y graves<\/strong>, reduciendo as\u00ed las hospitalizaciones y los desenlaces fatales. <\/p>\n\n\n\n<p>L<strong>a vacuna es gratuita y est\u00e1 destinada a personas de todas las edades,<\/strong> <strong>desde los seis meses<\/strong>, abarcando a ni\u00f1os, adolescentes, adultos y adultos mayores. <\/p>\n\n\n\n<p><strong>Se administra seg\u00fan intervalos espec\u00edficos<\/strong> de acuerdo al grupo priorizado correspondiente. Incluso para aquellos que completaron el esquema primario, <strong>se destaca la importancia de la estrategia de refuerzo<\/strong> para mantener una protecci\u00f3n adecuada en el tiempo. <\/p>\n\n\n\n<p><strong>Grupos con alto riesgo de desarrollar formas graves de la infecci\u00f3n,<\/strong> como personas a partir de los 50 a\u00f1os, individuos inmunocomprometidos y mujeres gestantes, <strong>deben recibir dosis de refuerzo seis meses despu\u00e9s de la \u00faltima aplicaci\u00f3n.<\/strong> Esto se aplica independientemente de la cantidad de refuerzos previos y respetando un intervalo m\u00ednimo de al menos cuatro meses desde la \u00faltima dosis. <\/p>\n\n\n\n<p><\/p>\n\n\n<div class=\"wp-block-image\">\n<figure class=\"aligncenter size-full\"><img decoding=\"async\" loading=\"lazy\" width=\"750\" height=\"422\" src=\"https:\/\/notinor.com\/jujuy\/wp-content\/uploads\/2024\/01\/image-143.png\" alt=\"\" class=\"wp-image-401159\" srcset=\"https:\/\/notinor.com\/jujuy\/wp-content\/uploads\/2024\/01\/image-143.png 750w, https:\/\/notinor.com\/jujuy\/wp-content\/uploads\/2024\/01\/image-143-649x365.png 649w, https:\/\/notinor.com\/jujuy\/wp-content\/uploads\/2024\/01\/image-143-500x280.png 500w\" sizes=\"(max-width: 750px) 100vw, 750px\" \/><\/figure><\/div>\n\n\n<p><\/p>\n\n\n\n<p>Por su parte, <strong>menores de 50 a\u00f1os con comorbilidades<\/strong> (enfermedades cr\u00f3nicas y obesidad)<strong> y grupos de riesgo con mayor exposici\u00f3n<\/strong>, como el personal de salud, <strong>deben recibir un refuerzo a los seis meses de la \u00faltima dosis aplicada<\/strong>, seguido de refuerzos anuales. <\/p>\n\n\n\n<p>En tanto,<strong> personas consideradas de bajo riesgo de complicaciones, <\/strong>es decir, menores de 50 a\u00f1os sin comorbilidades,<strong> deben recibir dosis de refuerzo una vez al a\u00f1o<\/strong>. <\/p>\n\n\n\n<p><strong>Es crucial que la poblaci\u00f3n tome conciencia de la relevancia de la vacunaci\u00f3n <\/strong>como herramienta clave para enfrentar la pandemia y contribuir a la salud general de la comunidad. <\/p>\n\n\n\n<p><\/p>\n\n\n\n<p class=\"has-medium-font-size\"><strong>D\u00f3nde vacunarse contra el Covid-19 en Jujuy<\/strong> <\/p>\n\n\n\n<p><strong>Nueva Terminal (Acceso Sur) de San Salvador de Jujuy<\/strong>: lunes a viernes de 7 a 15 y s\u00e1bados de 8 a 12 horas.<\/p>\n\n\n\n<p><strong>CEPAM (Alvear 1152):<\/strong> lunes a viernes de 8 a 21 y s\u00e1bados de 8 a 14 horas.<\/p>\n\n\n\n<p><strong>Delegaci\u00f3n ISJ San Pedrito (Almirante Brown 914): <\/strong>lunes a jueves de 8 a 16.30 y viernes de 8 a 14.30 horas.<\/p>\n\n\n\n<p><strong>Nodos y CAPS de toda la provincia<\/strong>: todos los hospitales de la provincia (\u00e1rea vacunatorio).<\/p>\n\n\n\n<p><\/p>\n\n\n<div class=\"wp-block-image\">\n<figure class=\"aligncenter size-large\"><img decoding=\"async\" loading=\"lazy\" width=\"757\" height=\"480\" src=\"https:\/\/notinor.com\/jujuy\/wp-content\/uploads\/2024\/01\/image-142-757x480.png\" alt=\"\" class=\"wp-image-401158\" srcset=\"https:\/\/notinor.com\/jujuy\/wp-content\/uploads\/2024\/01\/image-142-757x480.png 757w, https:\/\/notinor.com\/jujuy\/wp-content\/uploads\/2024\/01\/image-142-575x365.png 575w, https:\/\/notinor.com\/jujuy\/wp-content\/uploads\/2024\/01\/image-142-768x487.png 768w, https:\/\/notinor.com\/jujuy\/wp-content\/uploads\/2024\/01\/image-142-750x476.png 750w, https:\/\/notinor.com\/jujuy\/wp-content\/uploads\/2024\/01\/image-142.png 946w\" sizes=\"(max-width: 757px) 100vw, 757px\" \/><\/figure><\/div>\n\n\n<p><\/p>\n\n\n\n<p class=\"has-medium-font-size\"><strong>Medidas de cuidado ante el Covid-19<\/strong> <\/p>\n\n\n\n<p><strong>Las pautas de cuidado que deben seguirse son las mismas que se adoptan ante una enfermedad respiratoria<\/strong>: <\/p>\n\n\n\n<p><strong>-Mantener completos los esquemas de vacunaci\u00f3n <\/strong>frente a SARS CoV-2 y tambi\u00e9n ante influenza y antineumoc\u00f3cica.<\/p>\n\n\n\n<p><strong>-Ventilar de manera adecuada de los ambientes<\/strong>. <\/p>\n\n\n\n<p><strong>-Lavado frecuente y adecuado de manos <\/strong>y si no es posible, desinfecci\u00f3n con alcohol.<\/p>\n\n\n\n<p><strong>-Cubrir la boca y la nariz al toser y estornudar <\/strong>y lavarse las manos inmediatamente. <\/p>\n\n\n\n<p><strong>-Desechar pa\u00f1uelos descartables<\/strong> inmediatamente despu\u00e9s de usarlos.<\/p>\n\n\n\n<p><strong>-No compartir art\u00edculos personales <\/strong>como vasos, cubiertos y utensilios.<\/p>\n\n\n\n<p>En todos los casos, en personas de todas las edades <strong>cuando se presentan s\u00edntomas se debe evitar la automedicaci\u00f3n y realizar la consulta de forma inmediata<\/strong>. <\/p>\n\n\n\n<p>Adem\u00e1s, a modo preventivo, <strong>es importante reducir salidas a espacios cerrados con alta concurrencia<\/strong> hasta la mejora sintom\u00e1tica, esto significa por ejemplo no concurrir al trabajo o evitar asistencia a la colonia de vacaciones o eventos sociales.<\/p>\n\n\n\n<p>Si esto no es posible, en el caso de personas que viven solas o asisten al cuidado de otra\/s por ejemplo, <strong>se recomienda usar barbijo de forma permanente y lavar o desinfectar de manera frecuente las manos.<\/strong><\/p>\n","protected":false},"excerpt":{"rendered":"<p>Ante el repunte casos en el pa\u00eds y Jujuy, con un total de 1.369 casos la provincia, llaman a colocarse la vacuna como medida fundamental para mitigar los casos severos y graves, reduciendo as\u00ed las hospitalizaciones y los desenlaces fatales. En el contexto de repunte de casos de Covid-19 en el pa\u00eds y Jujuy, con [&hellip;]<\/p>\n","protected":false},"author":51,"featured_media":401160,"comment_status":"open","ping_status":"open","sticky":false,"template":"","format":"standard","meta":{"_stopmodifiedupdate":false,"_modified_date":"","inline_featured_image":false,"spay_email":"","jetpack_publicize_message":""},"categories":[2,13],"tags":[],"jetpack_featured_media_url":"https:\/\/notinor.com\/jujuy\/wp-content\/uploads\/2024\/01\/image-144.png","jetpack_publicize_connections":[],"_links":{"self":[{"href":"https:\/\/notinor.com\/jujuy\/wp-json\/wp\/v2\/posts\/401155"}],"collection":[{"href":"https:\/\/notinor.com\/jujuy\/wp-json\/wp\/v2\/posts"}],"about":[{"href":"https:\/\/notinor.com\/jujuy\/wp-json\/wp\/v2\/types\/post"}],"author":[{"embeddable":true,"href":"https:\/\/notinor.com\/jujuy\/wp-json\/wp\/v2\/users\/51"}],"replies":[{"embeddable":true,"href":"https:\/\/notinor.com\/jujuy\/wp-json\/wp\/v2\/comments?post=401155"}],"version-history":[{"count":3,"href":"https:\/\/notinor.com\/jujuy\/wp-json\/wp\/v2\/posts\/401155\/revisions"}],"predecessor-version":[{"id":401161,"href":"https:\/\/notinor.com\/jujuy\/wp-json\/wp\/v2\/posts\/401155\/revisions\/401161"}],"wp:featuredmedia":[{"embeddable":true,"href":"https:\/\/notinor.com\/jujuy\/wp-json\/wp\/v2\/media\/401160"}],"wp:attachment":[{"href":"https:\/\/notinor.com\/jujuy\/wp-json\/wp\/v2\/media?parent=401155"}],"wp:term":[{"taxonomy":"category","embeddable":true,"href":"https:\/\/notinor.com\/jujuy\/wp-json\/wp\/v2\/categories?post=401155"},{"taxonomy":"post_tag","embeddable":true,"href":"https:\/\/notinor.com\/jujuy\/wp-json\/wp\/v2\/tags?post=401155"}],"curies":[{"name":"wp","href":"https:\/\/api.w.org\/{rel}","templated":true}]}}