{"id":401150,"date":"2024-01-28T11:51:03","date_gmt":"2024-01-28T14:51:03","guid":{"rendered":"https:\/\/notinor.com\/jujuy\/?p=401150"},"modified":"2024-01-28T11:51:04","modified_gmt":"2024-01-28T14:51:04","slug":"milei-afirmo-que-habra-una-relacion-adulta-con-el-reino-unido-para-negociar-las-islas-malvinas","status":"publish","type":"post","link":"https:\/\/notinor.com\/jujuy\/milei-afirmo-que-habra-una-relacion-adulta-con-el-reino-unido-para-negociar-las-islas-malvinas\/","title":{"rendered":"Milei afirm\u00f3 que habr\u00e1 \u201cuna relaci\u00f3n adulta\u201d con el Reino Unido para negociar las Islas Malvinas"},"content":{"rendered":"\n<p class=\"has-medium-font-size\"><strong><em>En una entrevista con The Wall Street Journal, el Presidente indic\u00f3 que le propuso a David Cameron entablar una conversaci\u00f3n sobre las diferencias territoriales y explic\u00f3 los inconvenientes econ\u00f3micos por los que atraviesa el pa\u00eds<\/em><\/strong>.<\/p>\n\n\n<div class=\"wp-block-image\">\n<figure class=\"aligncenter size-large is-resized\"><img decoding=\"async\" loading=\"lazy\" src=\"https:\/\/notinor.com\/jujuy\/wp-content\/uploads\/2024\/01\/image-140-640x480.png\" alt=\"\" class=\"wp-image-401152\" width=\"703\" height=\"527\" srcset=\"https:\/\/notinor.com\/jujuy\/wp-content\/uploads\/2024\/01\/image-140-640x480.png 640w, https:\/\/notinor.com\/jujuy\/wp-content\/uploads\/2024\/01\/image-140-487x365.png 487w, https:\/\/notinor.com\/jujuy\/wp-content\/uploads\/2024\/01\/image-140-768x576.png 768w, https:\/\/notinor.com\/jujuy\/wp-content\/uploads\/2024\/01\/image-140-750x563.png 750w, https:\/\/notinor.com\/jujuy\/wp-content\/uploads\/2024\/01\/image-140.png 800w\" sizes=\"(max-width: 703px) 100vw, 703px\" \/><\/figure><\/div>\n\n\n<p><\/p>\n\n\n\n<p>Luego de que Javier Milei participar\u00e1 por primera vez en el Foro Econ\u00f3mico Mundial celebrado en la ciudad suiza de Davos, <strong>el Presidente aprovech\u00f3 el evento que reuni\u00f3 a los l\u00edderes mundiales para acercarse al ministro de Exteriores del Reino Unido, David Cameron,<\/strong> <strong>con la intenci\u00f3n de reabrir el di\u00e1logo sobre la soberan\u00eda de las Islas Malvinas. <\/strong><\/p>\n\n\n\n<p><strong>\u201cHemos decidido tener una relaci\u00f3n adulta\u201d, <\/strong>asegur\u00f3 ahora sobre c\u00f3mo enfrentar\u00e1 las negociaciones por la cuesti\u00f3n en el Atl\u00e1ntico Sur. As\u00ed lo declar\u00f3 en una entrevista con el diario <em>The Wall Street Journal.<\/em><\/p>\n\n\n\n<p>En medio de su primer viaje como representante nacional ante el mundo, <strong>el jefe de Estado admiti\u00f3 haberse reunido con el canciller brit\u00e1nico, con el objetivo de plantearle resolver el conflicto diplom\u00e1tico por los a\u00f1os de reclamos de la Argentina sobre el territorio.<\/strong> En este sentido, el mandatario remarc\u00f3 <strong>su intenci\u00f3n de trabajar en conjunto con el Gobierno brit\u00e1nico<\/strong> para ponerle un fin a la problem\u00e1tica.<\/p>\n\n\n\n<p><\/p>\n\n\n<div class=\"wp-block-image\">\n<figure class=\"aligncenter size-large is-resized\"><img decoding=\"async\" loading=\"lazy\" src=\"https:\/\/notinor.com\/jujuy\/wp-content\/uploads\/2024\/01\/image-125-720x480.png\" alt=\"\" class=\"wp-image-401112\" width=\"792\" height=\"528\" srcset=\"https:\/\/notinor.com\/jujuy\/wp-content\/uploads\/2024\/01\/image-125-720x480.png 720w, https:\/\/notinor.com\/jujuy\/wp-content\/uploads\/2024\/01\/image-125-548x365.png 548w, https:\/\/notinor.com\/jujuy\/wp-content\/uploads\/2024\/01\/image-125-750x500.png 750w, https:\/\/notinor.com\/jujuy\/wp-content\/uploads\/2024\/01\/image-125.png 768w\" sizes=\"(max-width: 792px) 100vw, 792px\" \/><\/figure><\/div>\n\n\n<p><\/p>\n\n\n\n<p>\u201c<strong>Hemos decidido tener una relaci\u00f3n adulta,<\/strong> en la cual justamente podamos participar y trabajar de manera conjunta en la agenda internacional y empezar a tener una charla sobre nuestra diferencia territorial\u201d, se\u00f1al\u00f3 Milei, y no descart\u00f3 que la v\u00eda de comunicaci\u00f3n pueda transformarse en un espacio de negociaci\u00f3n econ\u00f3mica.<\/p>\n\n\n\n<p><strong>\u201cVos pod\u00e9s tener distintas diferencias, nosotros podemos tener diferencias con el Reino Unido respecto a las islas Malvinas<\/strong>. Sin embargo, eso no imposibilita que podamos tener un conjunto de relaciones comerciales adultas\u201d, plante\u00f3 el mandatario durante la charla con los periodistas\u00a0Ryan Dub\u00e9\u00a0y\u00a0Emma Tucker, de<em>\u00a0The Wall Street Journal,<\/em>\u00a0luego de haber sido consultado por su postura de cortar relaciones con los pa\u00edses comunistas.<\/p>\n\n\n\n<p>\u201cEn cuanto a las Islas Malvinas, el Secretario de Relaciones Exteriores y el Presidente Milei dijeron que aceptar\u00edan estar en desacuerdo y que lo har\u00edan cort\u00e9smente. <strong>La posici\u00f3n del Reino Unido y su continuo apoyo al derecho de los habitantes de las Islas Malvinas a la autodeterminaci\u00f3n se mantienen sin cambios<\/strong>\u201d, expresaron las autoridades brit\u00e1nicas al respecto.<\/p>\n\n\n\n<p><\/p>\n\n\n<div class=\"wp-block-image\">\n<figure class=\"aligncenter size-large\"><img decoding=\"async\" loading=\"lazy\" width=\"840\" height=\"462\" src=\"https:\/\/notinor.com\/jujuy\/wp-content\/uploads\/2024\/01\/image-141-840x462.png\" alt=\"\" class=\"wp-image-401153\" srcset=\"https:\/\/notinor.com\/jujuy\/wp-content\/uploads\/2024\/01\/image-141-840x462.png 840w, https:\/\/notinor.com\/jujuy\/wp-content\/uploads\/2024\/01\/image-141-660x363.png 660w, https:\/\/notinor.com\/jujuy\/wp-content\/uploads\/2024\/01\/image-141-768x422.png 768w, https:\/\/notinor.com\/jujuy\/wp-content\/uploads\/2024\/01\/image-141-750x412.png 750w, https:\/\/notinor.com\/jujuy\/wp-content\/uploads\/2024\/01\/image-141.png 1033w\" sizes=\"(max-width: 840px) 100vw, 840px\" \/><\/figure><\/div>\n\n\n<p><\/p>\n\n\n\n<p>Por otro lado, el mandatario ratific\u00f3 que <strong>buscar\u00e1 reforzar las relaciones exteriores con los pa\u00edses occidentales<\/strong>. \u201cLa Argentina tiene que retornar al Oeste, un camino del que se hab\u00eda extraviado\u201d, se\u00f1al\u00f3. <\/p>\n\n\n\n<p>Asimismo, puso como ejemplo de medida el discurso que ofreci\u00f3 en el Foro Econ\u00f3mico Mundial, el cual gener\u00f3 que<strong> el empresario\u00a0Elon Musk\u00a0y el candidato a presidente y antiguo mandatario de Estados Unidos,\u00a0Donald Trump, le manifestaran su apoyo a trav\u00e9s de las redes sociales.<\/strong><a rel=\"noreferrer noopener\" href=\"https:\/\/www.infobae.com\/politica\/2024\/01\/28\/argentina-descarto-a-china-como-proveedor-militar-y-comprara-24-aviones-de-combate-a-dinamarca-con-el-aval-de-eeuu\/\" target=\"_blank\"><\/a><\/p>\n","protected":false},"excerpt":{"rendered":"<p>En una entrevista con The Wall Street Journal, el Presidente indic\u00f3 que le propuso a David Cameron entablar una conversaci\u00f3n sobre las diferencias territoriales y explic\u00f3 los inconvenientes econ\u00f3micos por los que atraviesa el pa\u00eds. Luego de que Javier Milei participar\u00e1 por primera vez en el Foro Econ\u00f3mico Mundial celebrado en la ciudad suiza de [&hellip;]<\/p>\n","protected":false},"author":51,"featured_media":401152,"comment_status":"open","ping_status":"open","sticky":false,"template":"","format":"standard","meta":{"_stopmodifiedupdate":false,"_modified_date":"","inline_featured_image":false,"spay_email":"","jetpack_publicize_message":""},"categories":[6],"tags":[],"jetpack_featured_media_url":"https:\/\/notinor.com\/jujuy\/wp-content\/uploads\/2024\/01\/image-140.png","jetpack_publicize_connections":[],"_links":{"self":[{"href":"https:\/\/notinor.com\/jujuy\/wp-json\/wp\/v2\/posts\/401150"}],"collection":[{"href":"https:\/\/notinor.com\/jujuy\/wp-json\/wp\/v2\/posts"}],"about":[{"href":"https:\/\/notinor.com\/jujuy\/wp-json\/wp\/v2\/types\/post"}],"author":[{"embeddable":true,"href":"https:\/\/notinor.com\/jujuy\/wp-json\/wp\/v2\/users\/51"}],"replies":[{"embeddable":true,"href":"https:\/\/notinor.com\/jujuy\/wp-json\/wp\/v2\/comments?post=401150"}],"version-history":[{"count":2,"href":"https:\/\/notinor.com\/jujuy\/wp-json\/wp\/v2\/posts\/401150\/revisions"}],"predecessor-version":[{"id":401154,"href":"https:\/\/notinor.com\/jujuy\/wp-json\/wp\/v2\/posts\/401150\/revisions\/401154"}],"wp:featuredmedia":[{"embeddable":true,"href":"https:\/\/notinor.com\/jujuy\/wp-json\/wp\/v2\/media\/401152"}],"wp:attachment":[{"href":"https:\/\/notinor.com\/jujuy\/wp-json\/wp\/v2\/media?parent=401150"}],"wp:term":[{"taxonomy":"category","embeddable":true,"href":"https:\/\/notinor.com\/jujuy\/wp-json\/wp\/v2\/categories?post=401150"},{"taxonomy":"post_tag","embeddable":true,"href":"https:\/\/notinor.com\/jujuy\/wp-json\/wp\/v2\/tags?post=401150"}],"curies":[{"name":"wp","href":"https:\/\/api.w.org\/{rel}","templated":true}]}}