{"id":401000,"date":"2024-01-25T08:00:00","date_gmt":"2024-01-25T11:00:00","guid":{"rendered":"https:\/\/notinor.com\/jujuy\/?p=401000"},"modified":"2024-01-24T21:43:31","modified_gmt":"2024-01-25T00:43:31","slug":"establecen-la-vacunacion-obligatoria-contra-la-encefalomielitis-equina","status":"publish","type":"post","link":"https:\/\/notinor.com\/jujuy\/establecen-la-vacunacion-obligatoria-contra-la-encefalomielitis-equina\/","title":{"rendered":"Establecen la vacunaci\u00f3n obligatoria contra la encefalomielitis equina"},"content":{"rendered":"\n<p class=\"has-medium-font-size\"><strong><em>La medida fue anunciada por el Senasa y alcanza a todos los \u00e9quidos a partir de los dos meses de vida. Se exigir\u00e1 certificado de vacunaci\u00f3n emitido por profesional veterinario.<\/em><\/strong><\/p>\n\n\n<div class=\"wp-block-image\">\n<figure class=\"aligncenter size-large\"><img decoding=\"async\" loading=\"lazy\" width=\"840\" height=\"473\" src=\"https:\/\/notinor.com\/jujuy\/wp-content\/uploads\/2024\/01\/equinos-4-840x473.jpg\" alt=\"\" class=\"wp-image-401001\" srcset=\"https:\/\/notinor.com\/jujuy\/wp-content\/uploads\/2024\/01\/equinos-4-840x473.jpg 840w, https:\/\/notinor.com\/jujuy\/wp-content\/uploads\/2024\/01\/equinos-4-649x365.jpg 649w, https:\/\/notinor.com\/jujuy\/wp-content\/uploads\/2024\/01\/equinos-4-768x432.jpg 768w, https:\/\/notinor.com\/jujuy\/wp-content\/uploads\/2024\/01\/equinos-4-750x422.jpg 750w, https:\/\/notinor.com\/jujuy\/wp-content\/uploads\/2024\/01\/equinos-4.jpg 1024w\" sizes=\"(max-width: 840px) 100vw, 840px\" \/><figcaption class=\"wp-element-caption\">Vacuna equina<\/figcaption><\/figure><\/div>\n\n\n<p>El Servicio Nacional de Sanidad y Calidad Agroalimentaria (VSenasa) estableci\u00f3 la vacunaci\u00f3n obligatoria contra la encefalomielitis equinas del Este y del Oeste para todos los \u00e9quidos que tengan al menos dos meses de vida, en el marco de la emergencia sanitaria por la enfermedad establecido mediante la Resoluci\u00f3n 1219\/2023.<\/p>\n\n\n\n<p><strong>La medida, que se encuentra contemplada en la Resoluci\u00f3n Senasa 115\/2024 publicada este mi\u00e9rcoles en el Bolet\u00edn Oficial, determina que la totalidad de los \u00e9quidos deber\u00e1n tener vigente la vacuna <\/strong>y que aquellos que no hubieran recibido la primera dosis de la vacunaci\u00f3n, deber\u00e1n hacerlo dentro del plazo de diez d\u00edas luego de publicada la norma.<\/p>\n\n\n\n<p>Asimismo, la nueva normativa establece que cada equino deber\u00e1 contar con el certificado de vacunaci\u00f3n a fin de acreditar la vacuna, que deber\u00e1 ser emitido con firma y sello de un veterinario matriculado que act\u00fae de forma particular o a trav\u00e9s de un ente sanitario registrado en el Senasa. <\/p>\n\n\n\n<blockquote class=\"wp-block-quote\">\n<p>Adem\u00e1s, el certificado tendr\u00e1 que expresar los datos de inter\u00e9s que identifiquen al animal involucrado y la informaci\u00f3n de la vacuna aplicada.<\/p>\n<\/blockquote>\n\n\n\n<p><strong>Con respecto a las condiciones de inoculaci\u00f3n, en los primovacunados se deber\u00e1 implementar un refuerzo en los plazos estipulados, seg\u00fan prescripci\u00f3n del laboratorio elaborador. <\/strong>Una vez completado el esquema de primovacunaci\u00f3n y refuerzo, la revacunaci\u00f3n se efect\u00faa de forma anual.<\/p>\n\n\n\n<p>Cabe destacar que esta nueva medida tiene como objetivo evitar los efectos negativos del virus, preservando el bienestar animal y minimizando las p\u00e9rdidas productivas para el sector implicado.<\/p>\n","protected":false},"excerpt":{"rendered":"<p>La medida fue anunciada por el Senasa y alcanza a todos los \u00e9quidos a partir de los dos meses de vida. Se exigir\u00e1 certificado de vacunaci\u00f3n emitido por profesional veterinario. El Servicio Nacional de Sanidad y Calidad Agroalimentaria (VSenasa) estableci\u00f3 la vacunaci\u00f3n obligatoria contra la encefalomielitis equinas del Este y del Oeste para todos los [&hellip;]<\/p>\n","protected":false},"author":53,"featured_media":401001,"comment_status":"open","ping_status":"open","sticky":false,"template":"","format":"standard","meta":{"_stopmodifiedupdate":false,"_modified_date":"","inline_featured_image":false,"spay_email":"","jetpack_publicize_message":""},"categories":[2542],"tags":[573,3502],"jetpack_featured_media_url":"https:\/\/notinor.com\/jujuy\/wp-content\/uploads\/2024\/01\/equinos-4.jpg","jetpack_publicize_connections":[],"_links":{"self":[{"href":"https:\/\/notinor.com\/jujuy\/wp-json\/wp\/v2\/posts\/401000"}],"collection":[{"href":"https:\/\/notinor.com\/jujuy\/wp-json\/wp\/v2\/posts"}],"about":[{"href":"https:\/\/notinor.com\/jujuy\/wp-json\/wp\/v2\/types\/post"}],"author":[{"embeddable":true,"href":"https:\/\/notinor.com\/jujuy\/wp-json\/wp\/v2\/users\/53"}],"replies":[{"embeddable":true,"href":"https:\/\/notinor.com\/jujuy\/wp-json\/wp\/v2\/comments?post=401000"}],"version-history":[{"count":1,"href":"https:\/\/notinor.com\/jujuy\/wp-json\/wp\/v2\/posts\/401000\/revisions"}],"predecessor-version":[{"id":401002,"href":"https:\/\/notinor.com\/jujuy\/wp-json\/wp\/v2\/posts\/401000\/revisions\/401002"}],"wp:featuredmedia":[{"embeddable":true,"href":"https:\/\/notinor.com\/jujuy\/wp-json\/wp\/v2\/media\/401001"}],"wp:attachment":[{"href":"https:\/\/notinor.com\/jujuy\/wp-json\/wp\/v2\/media?parent=401000"}],"wp:term":[{"taxonomy":"category","embeddable":true,"href":"https:\/\/notinor.com\/jujuy\/wp-json\/wp\/v2\/categories?post=401000"},{"taxonomy":"post_tag","embeddable":true,"href":"https:\/\/notinor.com\/jujuy\/wp-json\/wp\/v2\/tags?post=401000"}],"curies":[{"name":"wp","href":"https:\/\/api.w.org\/{rel}","templated":true}]}}