{"id":400092,"date":"2024-01-09T08:54:17","date_gmt":"2024-01-09T11:54:17","guid":{"rendered":"https:\/\/notinor.com\/jujuy\/?p=400092"},"modified":"2024-01-09T08:54:18","modified_gmt":"2024-01-09T11:54:18","slug":"recomendaciones-para-viajeros-la-vacunacion-frente-a-la-fiebre-amarilla-es-gratuita-y-se-realiza-por-demanda-espontanea","status":"publish","type":"post","link":"https:\/\/notinor.com\/jujuy\/recomendaciones-para-viajeros-la-vacunacion-frente-a-la-fiebre-amarilla-es-gratuita-y-se-realiza-por-demanda-espontanea\/","title":{"rendered":"Recomendaciones para viajeros: la vacunaci\u00f3n frente a la fiebre amarilla es gratuita y se realiza por demanda espont\u00e1nea"},"content":{"rendered":"\n<p class=\"has-medium-font-size\"><strong><em>Es requisito para quienes realizan viajes a zonas end\u00e9micas localizadas fuera del pa\u00eds. Se aplica de manera gratuita y brinda protecci\u00f3n de por vida.<\/em><\/strong><\/p>\n\n\n<div class=\"wp-block-image\">\n<figure class=\"aligncenter\"><img decoding=\"async\" src=\"https:\/\/media.prensa.jujuy.gob.ar\/p\/59a81034eb64c19ce3030ebd0e41616a\/adjuntos\/301\/imagenes\/000\/391\/0000391750\/1200x0\/smart\/1jpg.jpg\" alt=\"Recomendaciones para viajeros: la vacunaci\u00f3n frente a la fiebre amarilla es gratuita y se realiza por demanda espont\u00e1nea\" title=\"Recomendaciones para viajeros: la vacunaci\u00f3n frente a la fiebre amarilla es gratuita y se realiza por demanda espont\u00e1nea\"\/><figcaption class=\"wp-element-caption\">Ministerio de Salud de Jujuy<\/figcaption><\/figure><\/div>\n\n\n<p>Iniciada la temporada de verano y vacaciones, el Ministerio de Salud de&nbsp;<strong>Jujuy&nbsp;<\/strong>inform\u00f3 a la comunidad que se encuentra a disposici\u00f3n la&nbsp;<strong>vacunaci\u00f3n<\/strong>&nbsp;frente a&nbsp;<strong>fiebre amarilla<\/strong>, requisito indispensable para quienes realizan viajes a zonas end\u00e9micas incluyendo 33 pa\u00edses de \u00c1frica y zonas rurales y selv\u00e1ticas de Brasil, Bolivia, Ecuador, Per\u00fa, Colombia, Venezuela, Trinidad y Tobago, Guyana, Surinam y Guyana francesa.<\/p>\n\n\n\n<p>La vacunaci\u00f3n frente a fiebre amarilla es gratuita y se realiza por demanda espont\u00e1nea, es decir, a quienes la soliciten preferentemente 10 d\u00edas antes de la fecha de viaje. Se aplica a personas de todas las edades a partir de los 18 meses y hasta los 59 a\u00f1os, 11 meses y 29 d\u00edas, sin necesidad de dosis de refuerzo.<\/p>\n\n\n\n<p>En tanto, para el caso de personas mayores de 60 a\u00f1os de edad se desaconseja la aplicaci\u00f3n de la dosis por posibilidad frecuente de efectos adversos graves, pudiendo solicitar en ocasi\u00f3n de viaje el certificado de exenci\u00f3n de la vacuna en efectores de salud.<\/p>\n\n\n\n<p>\u201cLa fiebre amarilla es una enfermedad transmitida por vectores que tiene como reservorio a los monos y por ello, debe contar con esta dosis toda persona que vive en regiones selv\u00e1ticas donde hay poblaci\u00f3n de estos animales, como es el caso de la provincia de Misiones\u201d, explic\u00f3 la responsable de Inmunizaciones, Roxana Fatum, y agreg\u00f3 que \u201cen otras provincias como Corrientes, Formosa, Salta y Jujuy corresponde solamente para quienes residen en algunos departamentos, en nuestro caso San Pedro, Santa B\u00e1rbara, Libertador y Valle Grande\u201d.&nbsp;<\/p>\n\n\n\n<p>Sobre las recomendaciones a los viajeros, especialmente quienes se trasladan a zonas end\u00e9micas o con brote, la profesional precis\u00f3 que \u201cdeben contar con la vacuna, una \u00fanica dosis que se aplica una sola vez en la vida y guardar el carnet que se entrega, de color amarillo, para futuros viajes\u201d.&nbsp;<\/p>\n\n\n\n<h3>\u00bfD\u00f3nde se aplica la vacuna para fiebre amarilla?<\/h3>\n\n\n\n<p>En la presente temporada, la dosis podr\u00e1 solicitarse en los siguientes establecimientos de salud:&nbsp;<\/p>\n\n\n\n<p><strong>San Salvador de Jujuy<\/strong><\/p>\n\n\n\n<ul>\n<li>Vacunatorio Hospital Pablo Soria: martes de 7 A 13 horas<\/li>\n<\/ul>\n\n\n\n<ul>\n<li>Vacunatorio Centro de Especialidades Norte (CEN): martes de 7 a 15 horas<\/li>\n<\/ul>\n\n\n\n<ul>\n<li>Vacunatorio Hospital Snopek: jueves de 10 a 16 horas<\/li>\n<\/ul>\n\n\n\n<p><strong>Tilcara<\/strong><\/p>\n\n\n\n<ul>\n<li>APS Hospital Dr. Salvador Mazza: jueves de 8 a 18 horas<\/li>\n<\/ul>\n\n\n\n<p><strong>Palpal\u00e1<\/strong><\/p>\n\n\n\n<ul>\n<li>CAPS Belgrano: lunes 8 a 13 y 14.30 a 20 horas<\/li>\n<\/ul>\n\n\n\n<p><strong>La Quiaca<\/strong><\/p>\n\n\n\n<ul>\n<li>APS Hospital Dr. Jorge Uro: martes y jueves de 8 a 15 horas<\/li>\n<\/ul>\n\n\n\n<p><strong>El Carmen<\/strong><\/p>\n\n\n\n<ul>\n<li>APS Hospital Ntra. Se\u00f1ora del Carmen: mi\u00e9rcoles 10 a 17 horas<\/li>\n<\/ul>\n\n\n\n<p><strong>Perico<\/strong><\/p>\n\n\n\n<ul>\n<li>Hospital Dr. Arturo Zabala: mi\u00e9rcoles 8 a 12 horas<\/li>\n<\/ul>\n\n\n\n<p><strong>Fraile Pintado<\/strong><\/p>\n\n\n\n<ul>\n<li>APS Hospital Presb\u00edtero Zegada: jueves de 8 A 17 horas<\/li>\n<\/ul>\n\n\n\n<p><strong>San Pedro<\/strong><\/p>\n\n\n\n<ul>\n<li>APS Hospital Guillermo Paterson: todos los d\u00edas de 7 a 14 horas<\/li>\n<\/ul>\n\n\n\n<p><strong>El Talar<\/strong><\/p>\n\n\n\n<ul>\n<li>APS Hospital Ntra. Sra. del Pilar: todos los d\u00edas 8 a 15 horas<\/li>\n<\/ul>\n\n\n\n<p><strong>La Esperanza<\/strong><\/p>\n\n\n\n<ul>\n<li>APS Hospital La Esperanza: mi\u00e9rcoles 8 a 18 horas<\/li>\n<\/ul>\n\n\n\n<p><strong>Yuto<\/strong><\/p>\n\n\n\n<ul>\n<li>CAPS Guaran\u00ed: lunes 8 a 14 horas<\/li>\n<\/ul>\n\n\n\n<ul>\n<li>CIC 23 de Agosto: mi\u00e9rcoles 8 a 13 horas<\/li>\n<\/ul>\n\n\n\n<ul>\n<li>Vacunatorio Hospital San Miguel: viernes 8 a 14 horas<\/li>\n<\/ul>\n\n\n\n<p><strong>Calilegua<\/strong><\/p>\n\n\n\n<ul>\n<li>APS Hospital Calilegua: mi\u00e9rcoles 9 a 15 horas<\/li>\n<\/ul>\n\n\n\n<p><strong>Caimancito<\/strong><\/p>\n\n\n\n<ul>\n<li>CAPS Caimancito: jueves 9 a 15 horas<\/li>\n<\/ul>\n\n\n\n<p><strong>Humahuaca<\/strong><\/p>\n\n\n\n<ul>\n<li>APS Hospital Gral. Belgrano: martes 8 a 16 horas<\/li>\n<\/ul>\n\n\n\n<p><strong>Libertador<\/strong><\/p>\n\n\n\n<ul>\n<li>CAPS Carrillo: lunes 8 a 14 horas<\/li>\n<\/ul>\n\n\n\n<ul>\n<li>CIC Dr. N\u00e9stor Kirchner y CAPS Eva Per\u00f3n: martes 8 a 14 horas<\/li>\n<\/ul>\n\n\n\n<ul>\n<li>CAPS Rivetti y CAPS Aredez: mi\u00e9rcoles 8 a 14 horas<\/li>\n<\/ul>\n\n\n\n<ul>\n<li>CAPS Alvarado y CAPS Santa Rosa: jueves 8 a 14 horas<\/li>\n<\/ul>\n\n\n\n<ul>\n<li>CAPS Campero: viernes 8 a 13 horas<\/li>\n<\/ul>\n","protected":false},"excerpt":{"rendered":"<p>Es requisito para quienes realizan viajes a zonas end\u00e9micas localizadas fuera del pa\u00eds. Se aplica de manera gratuita y brinda protecci\u00f3n de por vida. Iniciada la temporada de verano y vacaciones, el Ministerio de Salud de&nbsp;Jujuy&nbsp;inform\u00f3 a la comunidad que se encuentra a disposici\u00f3n la&nbsp;vacunaci\u00f3n&nbsp;frente a&nbsp;fiebre amarilla, requisito indispensable para quienes realizan viajes a zonas [&hellip;]<\/p>\n","protected":false},"author":5,"featured_media":400093,"comment_status":"open","ping_status":"open","sticky":false,"template":"","format":"standard","meta":{"_stopmodifiedupdate":false,"_modified_date":"","inline_featured_image":false,"spay_email":"","jetpack_publicize_message":""},"categories":[13],"tags":[],"jetpack_featured_media_url":"https:\/\/notinor.com\/jujuy\/wp-content\/uploads\/2024\/01\/ministerio.jpg","jetpack_publicize_connections":[],"_links":{"self":[{"href":"https:\/\/notinor.com\/jujuy\/wp-json\/wp\/v2\/posts\/400092"}],"collection":[{"href":"https:\/\/notinor.com\/jujuy\/wp-json\/wp\/v2\/posts"}],"about":[{"href":"https:\/\/notinor.com\/jujuy\/wp-json\/wp\/v2\/types\/post"}],"author":[{"embeddable":true,"href":"https:\/\/notinor.com\/jujuy\/wp-json\/wp\/v2\/users\/5"}],"replies":[{"embeddable":true,"href":"https:\/\/notinor.com\/jujuy\/wp-json\/wp\/v2\/comments?post=400092"}],"version-history":[{"count":1,"href":"https:\/\/notinor.com\/jujuy\/wp-json\/wp\/v2\/posts\/400092\/revisions"}],"predecessor-version":[{"id":400094,"href":"https:\/\/notinor.com\/jujuy\/wp-json\/wp\/v2\/posts\/400092\/revisions\/400094"}],"wp:featuredmedia":[{"embeddable":true,"href":"https:\/\/notinor.com\/jujuy\/wp-json\/wp\/v2\/media\/400093"}],"wp:attachment":[{"href":"https:\/\/notinor.com\/jujuy\/wp-json\/wp\/v2\/media?parent=400092"}],"wp:term":[{"taxonomy":"category","embeddable":true,"href":"https:\/\/notinor.com\/jujuy\/wp-json\/wp\/v2\/categories?post=400092"},{"taxonomy":"post_tag","embeddable":true,"href":"https:\/\/notinor.com\/jujuy\/wp-json\/wp\/v2\/tags?post=400092"}],"curies":[{"name":"wp","href":"https:\/\/api.w.org\/{rel}","templated":true}]}}