{"id":399747,"date":"2024-01-06T10:01:39","date_gmt":"2024-01-06T13:01:39","guid":{"rendered":"https:\/\/notinor.com\/jujuy\/?p=399747"},"modified":"2024-01-06T10:01:40","modified_gmt":"2024-01-06T13:01:40","slug":"el-intendente-jorge-recibio-al-nuevo-jefe-de-la-policia-y-al-titular-de-emergencias-de-la-provincia","status":"publish","type":"post","link":"https:\/\/notinor.com\/jujuy\/el-intendente-jorge-recibio-al-nuevo-jefe-de-la-policia-y-al-titular-de-emergencias-de-la-provincia\/","title":{"rendered":"El intendente Jorge recibi\u00f3 al nuevo jefe de la Polic\u00eda y al titular de Emergencias de la provincia"},"content":{"rendered":"\n<ul><\/ul>\n\n\n\n<p class=\"has-medium-font-size\"><strong><em>En una muestra de compromiso con la seguridad y el bienestar de la comunidad, el intendente Ra\u00fal \u201cChuli\u201d Jorge se reuni\u00f3 de manera fruct\u00edfera con las recientes autoridades de la Polic\u00eda de la provincia, Comisario General, Javier Tejerina; y de la Coordinaci\u00f3n de Emergencia, Ariel Maman\u00ed. El encuentro tuvo como objetivo principal unificar criterios y estrategias para trabajar de manera conjunta en temas de contingencia y seguridad cotidiana.<\/em><\/strong><\/p>\n\n\n<div class=\"wp-block-image\">\n<figure class=\"aligncenter size-large\"><img decoding=\"async\" loading=\"lazy\" width=\"840\" height=\"418\" src=\"https:\/\/notinor.com\/jujuy\/wp-content\/uploads\/2024\/01\/reunion-4-840x418.jpg\" alt=\"\" class=\"wp-image-399750\" srcset=\"https:\/\/notinor.com\/jujuy\/wp-content\/uploads\/2024\/01\/reunion-4-840x418.jpg 840w, https:\/\/notinor.com\/jujuy\/wp-content\/uploads\/2024\/01\/reunion-4-660x328.jpg 660w, https:\/\/notinor.com\/jujuy\/wp-content\/uploads\/2024\/01\/reunion-4-768x382.jpg 768w, https:\/\/notinor.com\/jujuy\/wp-content\/uploads\/2024\/01\/reunion-4-360x180.jpg 360w, https:\/\/notinor.com\/jujuy\/wp-content\/uploads\/2024\/01\/reunion-4-750x373.jpg 750w, https:\/\/notinor.com\/jujuy\/wp-content\/uploads\/2024\/01\/reunion-4-1140x567.jpg 1140w, https:\/\/notinor.com\/jujuy\/wp-content\/uploads\/2024\/01\/reunion-4.jpg 1536w\" sizes=\"(max-width: 840px) 100vw, 840px\" \/><\/figure><\/div>\n\n\n<p>Durante la reuni\u00f3n, el intendente Jorge expres\u00f3 su satisfacci\u00f3n por la voluntad demostrada por el Ministro Corro y su equipo, destacando la importancia de coordinar esfuerzos entre el municipio y la provincia, \u201chay una voluntad con el Ministro Corro, con todo su equipo que est\u00e1 aqu\u00ed presente, coordinando con todo el equipo municipal todo aquello que tiene que ver con tener presente que somos un gran equipo entre municipio y provincia para trabajar con los temas de contingencia, pero tambi\u00e9n con los temas de todos los d\u00edas, que no nos deben sorprender, sino que debemos estar preparados, ya que hay cuestiones que se pueden prevenir, y se pueden hacer acciones conjuntas\u201d.<\/p>\n\n\n\n<p>El secretario de Servicios P\u00fablicos, Guillermo Marenco, resalt\u00f3 la importancia de la colaboraci\u00f3n interinstitucional en la gesti\u00f3n municipal, \u201cmuy gratificante tener la visita del nuevo director de emergencias y su equipo, y mucho m\u00e1s importante la visita del nuevo jefe de polic\u00eda, porque esto nos va a permitir seguir trabajando en forma conjunta, en forma mancomunada, como siempre lo vinimos haciendo a lo largo de estos 16 a\u00f1os de gesti\u00f3n que lleva el Intendente Jorge\u201d.<\/p>\n\n\n\n<p>Agreg\u00f3 que, \u201cla predisposici\u00f3n del Intendente, de todo su gabinete, y de todo el personal de la municipalidad, tiene que ver con una mejor calidad de vida de nuestros habitantes, y el hecho de poder interrelacionarnos con cada una de las m\u00e1ximas autoridades de los diferentes organismos estatales, y fundamentalmente en materia de seguridad, hacen un valor agregado, sobre todo en las circunstancias en las que nos est\u00e1 tocando atravesar, problemas climatol\u00f3gicos, problemas de seguridad\u201d.<\/p>\n\n\n\n<p>Marenco, se refiri\u00f3 al arduo trabajo que se realiza en conjunto entre la Fuerza de Seguridad y la Direcci\u00f3n de Tr\u00e1nsito de la Municipalidad, \u201cel hecho de que haya habido un peque\u00f1o e incipiente crecimiento en materia delictiva, amerita que tengamos que empezar a trabajar en forma conjunta porque la modalidad que se han dado en los \u00faltimos d\u00edas de los denominados \u2018motochorros\u2019 significa un accionar muy en conjunto por parte de la Fuerza de Seguridad y del personal de la Direcci\u00f3n de Tr\u00e1nsito de la Municipalidad, los efectos de intensificar los controles y los cerrojos dentro del \u00e1mbito del ejido municipal\u201d.<\/p>\n\n\n\n<p>Por su parte, el nuevo Jefe de Polic\u00eda, Comisario General Javier Tejerina, subray\u00f3 la relevancia de estas reuniones para coordinar esfuerzos tanto en situaciones naturales como en cuestiones de seguridad, \u201cestas reuniones de trabajo son siempre importantes para lograr la coordinaci\u00f3n entre lo que es el municipio de San Salvador y la Direcci\u00f3n de Emergencia, en cuestiones tanto de situaciones naturales como las que est\u00e1n ocurriendo actualmente o de seguridad tambi\u00e9n\u201d.<\/p>\n\n\n\n<p>Finalmente, Ariel Mamani, director General de la Coordinaci\u00f3n Provincial de Emergencias, explic\u00f3 la labor de su direcci\u00f3n en coordinar respuestas y asistencias en toda la provincia, haciendo hincapi\u00e9 en la importancia de la formaci\u00f3n de defensa civil a nivel municipal, \u201dnuestro trabajo dentro de la Direcci\u00f3n es coordinar todo lo que tenga que ver a cualquier evento donde tengamos que hacer una respuesta y tambi\u00e9n una asistencia en toda la provincia, es conectarnos con cada municipio y saber c\u00f3mo est\u00e1n formados y ayudarlos tambi\u00e9n a formar su propia defensa civil porque tiene que haber algo a nivel municipal que se llama Junta Vecinal. Esto es lo preventivo, lo que pas\u00f3 ahora es que nos sorprendi\u00f3 la emergencia clim\u00e1tica y ya hemos estado trabajando fuertemente\u201d.<\/p>\n\n\n\n<p><strong>Nota audiovisual:&nbsp;<\/strong><a href=\"https:\/\/youtu.be\/thzgf_cZLrM\" target=\"_blank\" rel=\"noreferrer noopener\">https:\/\/youtu.be\/thzgf_cZLrM<\/a><\/p>\n","protected":false},"excerpt":{"rendered":"<p>En una muestra de compromiso con la seguridad y el bienestar de la comunidad, el intendente Ra\u00fal \u201cChuli\u201d Jorge se reuni\u00f3 de manera fruct\u00edfera con las recientes autoridades de la Polic\u00eda de la provincia, Comisario General, Javier Tejerina; y de la Coordinaci\u00f3n de Emergencia, Ariel Maman\u00ed. El encuentro tuvo como objetivo principal unificar criterios y [&hellip;]<\/p>\n","protected":false},"author":5,"featured_media":399751,"comment_status":"open","ping_status":"open","sticky":false,"template":"","format":"standard","meta":{"_stopmodifiedupdate":false,"_modified_date":"","inline_featured_image":false,"spay_email":"","jetpack_publicize_message":""},"categories":[514],"tags":[],"jetpack_featured_media_url":"https:\/\/notinor.com\/jujuy\/wp-content\/uploads\/2024\/01\/reunion-5.jpg","jetpack_publicize_connections":[],"_links":{"self":[{"href":"https:\/\/notinor.com\/jujuy\/wp-json\/wp\/v2\/posts\/399747"}],"collection":[{"href":"https:\/\/notinor.com\/jujuy\/wp-json\/wp\/v2\/posts"}],"about":[{"href":"https:\/\/notinor.com\/jujuy\/wp-json\/wp\/v2\/types\/post"}],"author":[{"embeddable":true,"href":"https:\/\/notinor.com\/jujuy\/wp-json\/wp\/v2\/users\/5"}],"replies":[{"embeddable":true,"href":"https:\/\/notinor.com\/jujuy\/wp-json\/wp\/v2\/comments?post=399747"}],"version-history":[{"count":1,"href":"https:\/\/notinor.com\/jujuy\/wp-json\/wp\/v2\/posts\/399747\/revisions"}],"predecessor-version":[{"id":399752,"href":"https:\/\/notinor.com\/jujuy\/wp-json\/wp\/v2\/posts\/399747\/revisions\/399752"}],"wp:featuredmedia":[{"embeddable":true,"href":"https:\/\/notinor.com\/jujuy\/wp-json\/wp\/v2\/media\/399751"}],"wp:attachment":[{"href":"https:\/\/notinor.com\/jujuy\/wp-json\/wp\/v2\/media?parent=399747"}],"wp:term":[{"taxonomy":"category","embeddable":true,"href":"https:\/\/notinor.com\/jujuy\/wp-json\/wp\/v2\/categories?post=399747"},{"taxonomy":"post_tag","embeddable":true,"href":"https:\/\/notinor.com\/jujuy\/wp-json\/wp\/v2\/tags?post=399747"}],"curies":[{"name":"wp","href":"https:\/\/api.w.org\/{rel}","templated":true}]}}