{"id":398818,"date":"2023-12-19T12:51:54","date_gmt":"2023-12-19T15:51:54","guid":{"rendered":"https:\/\/notinor.com\/jujuy\/?p=398818"},"modified":"2023-12-19T12:51:56","modified_gmt":"2023-12-19T15:51:56","slug":"el-gobierno-afirma-que-la-suba-de-la-carne-no-esta-vinculada-con-las-medidas-economicas","status":"publish","type":"post","link":"https:\/\/notinor.com\/jujuy\/el-gobierno-afirma-que-la-suba-de-la-carne-no-esta-vinculada-con-las-medidas-economicas\/","title":{"rendered":"El Gobierno afirma que la suba de la carne no est\u00e1 vinculada con las medidas econ\u00f3micas"},"content":{"rendered":"\n<p class=\"has-medium-font-size\"><strong><em>El secretario de Agricultura, Fernando Vilella, reconoci\u00f3 que la carne est\u00e1 \u201cen un momento de muy altos precios por una suma de circunstancias\u201d, pero remarc\u00f3 que \u201cninguna\u201d de ellas est\u00e1 obedece a las decisiones gubernamentales.<\/em><\/strong><\/p>\n\n\n<div class=\"wp-block-image\">\n<figure class=\"aligncenter size-large\"><img decoding=\"async\" loading=\"lazy\" width=\"840\" height=\"472\" src=\"https:\/\/notinor.com\/jujuy\/wp-content\/uploads\/2023\/12\/carne-840x472.webp\" alt=\"\" class=\"wp-image-398819\" srcset=\"https:\/\/notinor.com\/jujuy\/wp-content\/uploads\/2023\/12\/carne-840x472.webp 840w, https:\/\/notinor.com\/jujuy\/wp-content\/uploads\/2023\/12\/carne-650x365.webp 650w, https:\/\/notinor.com\/jujuy\/wp-content\/uploads\/2023\/12\/carne-500x280.webp 500w, https:\/\/notinor.com\/jujuy\/wp-content\/uploads\/2023\/12\/carne-768x431.webp 768w, https:\/\/notinor.com\/jujuy\/wp-content\/uploads\/2023\/12\/carne-750x421.webp 750w, https:\/\/notinor.com\/jujuy\/wp-content\/uploads\/2023\/12\/carne-1140x640.webp 1140w, https:\/\/notinor.com\/jujuy\/wp-content\/uploads\/2023\/12\/carne.webp 1200w\" sizes=\"(max-width: 840px) 100vw, 840px\" \/><figcaption class=\"wp-element-caption\">Suba del precio de la carne<\/figcaption><\/figure><\/div>\n\n\n<p>El secretario de Agricultura, Fernando Vilella, se\u00f1al\u00f3 que el reciente incremento en los precios de la carne se debe a una \u201csuma de circunstancias\u201d que no est\u00e1n vinculadas con las medidas tomadas por el Gobierno, y destac\u00f3 que \u201cbuena parte de las econom\u00edas regionales fueron tomadas en consideraci\u00f3n\u201d a la hora de decidir que sigan con 0% de retenciones.<\/p>\n\n\n\n<p><strong>\u201cEl problema que estamos visualizando en estos d\u00edas fue que la carne fue el producto que menos aument\u00f3 durante los \u00faltimos dos a\u00f1os. Adem\u00e1s, la sequ\u00eda fue muy impactante y se perdi\u00f3 una parte del rodeo, lo que genera que vamos a tener unos meses con menos cantidad de oferta\u201d<\/strong>, manifest\u00f3 Vilella esta ma\u00f1ana en di\u00e1logo con FM Urbana Play.<\/p>\n\n\n\n<blockquote class=\"wp-block-quote\">\n<p>El funcionario reconoci\u00f3 que la carne est\u00e1 \u201cen un momento de muy altos precios por una suma de circunstancias\u201d, pero remarc\u00f3 que \u201cninguna\u201d de ellas est\u00e1 \u201cvinculada con las medidas que recientemente se tomaron\u201d.<\/p>\n<\/blockquote>\n\n\n\n<p>\u201cEl precio que est\u00e1 hoy es un precio que dif\u00edcilmente se sostenga. Me da la impresi\u00f3n que la disminuci\u00f3n del poder adquisitivo va a hacer que se deprima la demanda y esa depresi\u00f3n afectar\u00e1 los precios\u201d, estim\u00f3.<\/p>\n\n\n\n<p><strong>\u201cEl precio que est\u00e1 hoy es un precio que dif\u00edcilmente se sostenga. Me da la impresi\u00f3n que la disminuci\u00f3n del poder adquisitivo va a hacer que se deprima la demanda y esa depresi\u00f3n afectar\u00e1 los precios\u201d<\/strong><\/p>\n\n\n\n<p>Del mismo modo, sostuvo que la suba de retenciones a la carne del 8% al 15% \u201cva a favor de menores costos hacia el (mercado) interior\".<\/p>\n\n\n\n<p><strong>En ese sentido, Vilella destac\u00f3 la decisi\u00f3n de mantener sin retenciones a 18 complejos exportadores de econom\u00edas regionales, que originalmente iban a resultar comprendidos por el proyecto de ley anunciado la semana pasada por el ministro de Econom\u00eda, Luis Caputo.<\/strong><\/p>\n\n\n\n<p>Producciones como la oliv\u00edcola, arrocera, de cueros bovinos, l\u00e1ctea, frut\u00edcola -con excepci\u00f3n del lim\u00f3n-, hort\u00edcola, del poroto, papa, ajo, arvejas, garbanzos, lenteja, miel, az\u00facar, yerba mate, t\u00e9, equinos y lana seguir\u00e1n excluidos del pago de retenciones.<\/p>\n\n\n\n<p>En tanto, en el proyecto de ley que ser\u00e1 enviado al Congreso, est\u00e1 previsto un aumento del 0% al 8% para los derechos a las explotaciones del sector vitivin\u00edcola, y una suba de 31% a 33% las retenciones a los subproductos de soja (aceite y harina).<\/p>\n\n\n\n<p>En la misma l\u00ednea, la retenci\u00f3n del ma\u00edz, trigo, cebada, girasol y sorgo subir\u00e1 de 12% a 15%.<\/p>\n\n\n\n<p>\u201cFrente a econom\u00edas regionales que est\u00e1n fuertemente afectadas por esta decisi\u00f3n y que tienen un impacto en la mano de obra y el desarrollo de las \u00e1reas donde muchas veces son los \u00fanicos puntos de ingreso, estuvimos trabajando durante estos d\u00edas para formular algunas excepciones y, dentro de ellas, una buena parte de las econom\u00edas regionales fueron tomadas en consideraci\u00f3n\u201d, explic\u00f3 Vilella.<\/p>\n","protected":false},"excerpt":{"rendered":"<p>El secretario de Agricultura, Fernando Vilella, reconoci\u00f3 que la carne est\u00e1 \u201cen un momento de muy altos precios por una suma de circunstancias\u201d, pero remarc\u00f3 que \u201cninguna\u201d de ellas est\u00e1 obedece a las decisiones gubernamentales. El secretario de Agricultura, Fernando Vilella, se\u00f1al\u00f3 que el reciente incremento en los precios de la carne se debe a [&hellip;]<\/p>\n","protected":false},"author":53,"featured_media":398819,"comment_status":"open","ping_status":"open","sticky":false,"template":"","format":"standard","meta":{"_stopmodifiedupdate":false,"_modified_date":"","inline_featured_image":false,"spay_email":"","jetpack_publicize_message":""},"categories":[5],"tags":[573,2120,696,3369],"jetpack_featured_media_url":"https:\/\/notinor.com\/jujuy\/wp-content\/uploads\/2023\/12\/carne.webp","jetpack_publicize_connections":[],"_links":{"self":[{"href":"https:\/\/notinor.com\/jujuy\/wp-json\/wp\/v2\/posts\/398818"}],"collection":[{"href":"https:\/\/notinor.com\/jujuy\/wp-json\/wp\/v2\/posts"}],"about":[{"href":"https:\/\/notinor.com\/jujuy\/wp-json\/wp\/v2\/types\/post"}],"author":[{"embeddable":true,"href":"https:\/\/notinor.com\/jujuy\/wp-json\/wp\/v2\/users\/53"}],"replies":[{"embeddable":true,"href":"https:\/\/notinor.com\/jujuy\/wp-json\/wp\/v2\/comments?post=398818"}],"version-history":[{"count":1,"href":"https:\/\/notinor.com\/jujuy\/wp-json\/wp\/v2\/posts\/398818\/revisions"}],"predecessor-version":[{"id":398820,"href":"https:\/\/notinor.com\/jujuy\/wp-json\/wp\/v2\/posts\/398818\/revisions\/398820"}],"wp:featuredmedia":[{"embeddable":true,"href":"https:\/\/notinor.com\/jujuy\/wp-json\/wp\/v2\/media\/398819"}],"wp:attachment":[{"href":"https:\/\/notinor.com\/jujuy\/wp-json\/wp\/v2\/media?parent=398818"}],"wp:term":[{"taxonomy":"category","embeddable":true,"href":"https:\/\/notinor.com\/jujuy\/wp-json\/wp\/v2\/categories?post=398818"},{"taxonomy":"post_tag","embeddable":true,"href":"https:\/\/notinor.com\/jujuy\/wp-json\/wp\/v2\/tags?post=398818"}],"curies":[{"name":"wp","href":"https:\/\/api.w.org\/{rel}","templated":true}]}}