{"id":398814,"date":"2023-12-19T12:06:47","date_gmt":"2023-12-19T15:06:47","guid":{"rendered":"https:\/\/notinor.com\/jujuy\/?p=398814"},"modified":"2023-12-19T12:07:19","modified_gmt":"2023-12-19T15:07:19","slug":"bajan-a-cero-retenciones-para-economias-regionales-y-suben-a-33-las-de-soja","status":"publish","type":"post","link":"https:\/\/notinor.com\/jujuy\/bajan-a-cero-retenciones-para-economias-regionales-y-suben-a-33-las-de-soja\/","title":{"rendered":"Bajan a cero retenciones para econom\u00edas regionales y suben a 33% las de soja"},"content":{"rendered":"\n<p class=\"has-medium-font-size\"><strong><em>Lo anunci\u00f3 el secretario de Bieconom\u00eda Fernando Vilella, tras comunicarlo previamente a la mesa de Enlace y representantes de l sector. Los l\u00e1cteos tendr\u00e1n retenciones cero, al igual que producciones frutihort\u00edcolas (excepto el lim\u00f3n), la miel, legumbres, az\u00facar y arroz, entre otras. En el caso del vino, baja a 8%.<\/em><\/strong><\/p>\n\n\n<div class=\"wp-block-image\">\n<figure class=\"aligncenter size-large\"><img decoding=\"async\" loading=\"lazy\" width=\"840\" height=\"360\" src=\"https:\/\/notinor.com\/jujuy\/wp-content\/uploads\/2023\/12\/harina-de-soja-840x360.jpg\" alt=\"\" class=\"wp-image-398815\" srcset=\"https:\/\/notinor.com\/jujuy\/wp-content\/uploads\/2023\/12\/harina-de-soja-840x360.jpg 840w, https:\/\/notinor.com\/jujuy\/wp-content\/uploads\/2023\/12\/harina-de-soja-660x283.jpg 660w, https:\/\/notinor.com\/jujuy\/wp-content\/uploads\/2023\/12\/harina-de-soja-768x329.jpg 768w, https:\/\/notinor.com\/jujuy\/wp-content\/uploads\/2023\/12\/harina-de-soja-750x322.jpg 750w, https:\/\/notinor.com\/jujuy\/wp-content\/uploads\/2023\/12\/harina-de-soja-1140x489.jpg 1140w, https:\/\/notinor.com\/jujuy\/wp-content\/uploads\/2023\/12\/harina-de-soja.jpg 1280w\" sizes=\"(max-width: 840px) 100vw, 840px\" \/><figcaption class=\"wp-element-caption\">Producci\u00f3n de harina de Soja<\/figcaption><\/figure><\/div>\n\n\n<p>El secretario de Bioeconom\u00eda, Fernando Villela,<strong> anunci\u00f3 que unas 20 econom\u00edas regionales quedar\u00e1n exceptuadas de la generalizaci\u00f3n de retenciones, una reducci\u00f3n de la al\u00edcuota a 8% para el caso de la vitivinicultura, y un alza para los subproductos de la soja (harinas y aceites) para compensar la ca\u00edda de ingresos, que ir\u00e1 del 31% al 33%, dando as\u00ed marcha atr\u00e1s a la idea previa de subir retenciones al 15% para la mayor\u00eda de estas actividades productivas.<\/strong><\/p>\n\n\n\n<p>As\u00ed lo inform\u00f3 el funcionario luego de una reuni\u00f3n que mantuvo esta ma\u00f1ana con representantes de la Mesa de Enlace en la sede de la cartera, y de la que tambi\u00e9n participaron representantes de la cadena Agroindustrial.<\/p>\n\n\n\n<p>La medida es tomada como un alivio por parte de las producciones primarias beneficiadas, entendiendo que, por ser econom\u00edas de menor escala y grandes generadoras de empleo, les posibilita no afectar en demas\u00eda las fuentes laborales y la competitividad de sus producciones tanto en el mercado interno como externo.<\/p>\n\n\n\n<p><strong>Como contrapartida, desde la C\u00e1mara de la Industria Aceitera de la Rep\u00fablica Argentina emitieron sus consideraciones, criticando la medida.<\/strong> \u201cLa principal industria exportadora ser\u00e1 castigada por la suba de impuestos y eso va a limitar severamente el flujo de divisas y atentar\u00e1 contra el empleo industrial de la soja\u201d, agregaron desde Ciara.<\/p>\n\n\n\n<blockquote class=\"wp-block-quote\">\n<p>\u00abLa industria pidi\u00f3 igualdad tributaria y esos dos puntos eran un reconocimiento de esa condici\u00f3n fiscal que ahora el gobierno rompe\u201d, se\u00f1alaron.<\/p>\n<\/blockquote>\n\n\n\n<p>Por su parte desde El Consejo Agroindustrial Argentino expresaron que \u201cmas all\u00e1 de la comprensi\u00f3n por la delicada situaci\u00f3n de las cuentas p\u00fablicas reiteramos la necesidad de adoptar una pol\u00edtica exportadora que contemple un esquema impositivo que fomente la producci\u00f3n y el agregado de valor para lo cual es necesario desarrollar un cronograma de eliminaci\u00f3n de DEX a los complejos Oleaginoso y Cerealero, como as\u00ed tambi\u00e9n considerar la delicada situaci\u00f3n de las EE.RR\u201d.<\/p>\n\n\n\n<p>Las cadenas que quedan afuera de la suba de retenciones que se implementar\u00e1n desde el 1\u00b0 de enero son: <strong>arrocero, oliv\u00edcola, cueros l\u00e1cteos, bovinos, frut\u00edcola (excluido lim\u00f3n), porotos, hort\u00edcola, papa, ajo, garbanzo, arveja, lenteja, az\u00facar, miel, yerba mate, t\u00e9, equinos y lana.<\/strong><\/p>\n","protected":false},"excerpt":{"rendered":"<p>Lo anunci\u00f3 el secretario de Bieconom\u00eda Fernando Vilella, tras comunicarlo previamente a la mesa de Enlace y representantes de l sector. Los l\u00e1cteos tendr\u00e1n retenciones cero, al igual que producciones frutihort\u00edcolas (excepto el lim\u00f3n), la miel, legumbres, az\u00facar y arroz, entre otras. En el caso del vino, baja a 8%. El secretario de Bioeconom\u00eda, Fernando [&hellip;]<\/p>\n","protected":false},"author":53,"featured_media":398815,"comment_status":"open","ping_status":"open","sticky":false,"template":"","format":"standard","meta":{"_stopmodifiedupdate":false,"_modified_date":"","inline_featured_image":false,"spay_email":"","jetpack_publicize_message":""},"categories":[2542],"tags":[573,1382,3346,2053],"jetpack_featured_media_url":"https:\/\/notinor.com\/jujuy\/wp-content\/uploads\/2023\/12\/harina-de-soja.jpg","jetpack_publicize_connections":[],"_links":{"self":[{"href":"https:\/\/notinor.com\/jujuy\/wp-json\/wp\/v2\/posts\/398814"}],"collection":[{"href":"https:\/\/notinor.com\/jujuy\/wp-json\/wp\/v2\/posts"}],"about":[{"href":"https:\/\/notinor.com\/jujuy\/wp-json\/wp\/v2\/types\/post"}],"author":[{"embeddable":true,"href":"https:\/\/notinor.com\/jujuy\/wp-json\/wp\/v2\/users\/53"}],"replies":[{"embeddable":true,"href":"https:\/\/notinor.com\/jujuy\/wp-json\/wp\/v2\/comments?post=398814"}],"version-history":[{"count":2,"href":"https:\/\/notinor.com\/jujuy\/wp-json\/wp\/v2\/posts\/398814\/revisions"}],"predecessor-version":[{"id":398817,"href":"https:\/\/notinor.com\/jujuy\/wp-json\/wp\/v2\/posts\/398814\/revisions\/398817"}],"wp:featuredmedia":[{"embeddable":true,"href":"https:\/\/notinor.com\/jujuy\/wp-json\/wp\/v2\/media\/398815"}],"wp:attachment":[{"href":"https:\/\/notinor.com\/jujuy\/wp-json\/wp\/v2\/media?parent=398814"}],"wp:term":[{"taxonomy":"category","embeddable":true,"href":"https:\/\/notinor.com\/jujuy\/wp-json\/wp\/v2\/categories?post=398814"},{"taxonomy":"post_tag","embeddable":true,"href":"https:\/\/notinor.com\/jujuy\/wp-json\/wp\/v2\/tags?post=398814"}],"curies":[{"name":"wp","href":"https:\/\/api.w.org\/{rel}","templated":true}]}}