{"id":398510,"date":"2023-12-15T08:54:49","date_gmt":"2023-12-15T11:54:49","guid":{"rendered":"https:\/\/notinor.com\/jujuy\/?p=398510"},"modified":"2023-12-15T08:58:40","modified_gmt":"2023-12-15T11:58:40","slug":"el-gobierno-ratifico-a-la-mesa-de-enlace-su-intencion-de-subir-retenciones","status":"publish","type":"post","link":"https:\/\/notinor.com\/jujuy\/el-gobierno-ratifico-a-la-mesa-de-enlace-su-intencion-de-subir-retenciones\/","title":{"rendered":"El Gobierno ratific\u00f3 a la Mesa de Enlace su intenci\u00f3n de subir retenciones"},"content":{"rendered":"\n<p class=\"has-medium-font-size\"><strong><em>La medida no se limitar\u00e1 al sector agropecuario, sino a todos los exportadores de la Argentina, seg\u00fan inform\u00f3 el titular de la Sociedad Rural, Nicol\u00e1s Pino, tras el encuentro que mantuvieron con el secretario de Bioeconom\u00eda, Fernando Vilella.<\/em><\/strong><\/p>\n\n\n<div class=\"wp-block-image\">\n<figure class=\"aligncenter size-large\"><img decoding=\"async\" loading=\"lazy\" width=\"840\" height=\"473\" src=\"https:\/\/notinor.com\/jujuy\/wp-content\/uploads\/2023\/12\/gobierno-mesa-enlace-840x473.jpg\" alt=\"\" class=\"wp-image-398511\" srcset=\"https:\/\/notinor.com\/jujuy\/wp-content\/uploads\/2023\/12\/gobierno-mesa-enlace-840x473.jpg 840w, https:\/\/notinor.com\/jujuy\/wp-content\/uploads\/2023\/12\/gobierno-mesa-enlace-649x365.jpg 649w, https:\/\/notinor.com\/jujuy\/wp-content\/uploads\/2023\/12\/gobierno-mesa-enlace-768x432.jpg 768w, https:\/\/notinor.com\/jujuy\/wp-content\/uploads\/2023\/12\/gobierno-mesa-enlace-750x422.jpg 750w, https:\/\/notinor.com\/jujuy\/wp-content\/uploads\/2023\/12\/gobierno-mesa-enlace-1140x641.jpg 1140w, https:\/\/notinor.com\/jujuy\/wp-content\/uploads\/2023\/12\/gobierno-mesa-enlace.jpg 1200w\" sizes=\"(max-width: 840px) 100vw, 840px\" \/><figcaption class=\"wp-element-caption\">Reuni\u00f3n del gobierno con la mesa de enlace<\/figcaption><\/figure><\/div>\n\n\n<p><strong>El secretario de Bioeconom\u00eda, Fernando Vilella, junto a representantes del equipo econ\u00f3mico del Palacio de Hacienda, ratificaron este mi\u00e9rcoles a las autoridades de la Mesa de Enlace su intenci\u00f3n de elevar las retenciones hasta un 15%<\/strong> para el conjunto de los complejos exportadores, entre ellos los del agro, y acordaron trabajar de manera conjunta para analizar la medida en diferentes cadenas productivas.<\/p>\n\n\n\n<p>\"Fue una reuni\u00f3n muy positiva, donde se pudo generar una mesa de di\u00e1logo. <strong>Hay objetivos de largo plazo en conjunto y vale destacar que Vilella coincide con la Mesa de Enlace en la preocupaci\u00f3n de este aumento al 15% de los derechos de exportaci\u00f3n<\/strong>, como as\u00ed tambi\u00e9n en el concepto de que es el peor impuesto para el sector productivo\", dijo la vocera de titular de la cartera agropecuaria, Jorgelina Traut, en una conferencia brindada horas despu\u00e9s de la reuni\u00f3n.<\/p>\n\n\n\n<blockquote class=\"wp-block-quote\">\n<p>Seg\u00fan asegur\u00f3 Traut, desde Bioeconom\u00eda consideran que el 80% de las producciones \"se van a encontrar en mejores condiciones que hasta hace una semana\" por la devaluaci\u00f3n, pero que \"hay una preocupaci\u00f3n puntual por econom\u00edas regionales y lecher\u00eda\".<\/p>\n<\/blockquote>\n\n\n\n<p>\"En este punto vale destacar que hay un compromiso con las entidades de trabajar en conjunto en una mesa t\u00e9cnica para evaluar caso por caso qu\u00e9 sucede y con el objetivo de crear un mecanismo para modificar en aquel caso que lo amerite\", aunque no especific\u00f3 en qu\u00e9 consistir\u00eda ese mecanismo o cu\u00e1les ser\u00edan las herramientas a adoptarse.<\/p>\n\n\n\n<p><strong>Durante la semana trascendi\u00f3 la intenci\u00f3n del Gobierno nacional de aumentar las retenciones del conjunto de los complejos exportadores hasta un 15%, entre ellas, las producciones agroindustriales.<\/strong><\/p>\n\n\n\n<p>As\u00ed, de concretarse esta iniciativa, el ma\u00edz y el trigo pasar\u00edan a pagar tres puntos porcentuales m\u00e1s de derechos de exportaci\u00f3n, mientras que la carne vacuna aumentar\u00eda su contribuci\u00f3n en 6 puntos y la mayor\u00eda de las econom\u00edas regionales en 15 puntos.<\/p>\n","protected":false},"excerpt":{"rendered":"<p>La medida no se limitar\u00e1 al sector agropecuario, sino a todos los exportadores de la Argentina, seg\u00fan inform\u00f3 el titular de la Sociedad Rural, Nicol\u00e1s Pino, tras el encuentro que mantuvieron con el secretario de Bioeconom\u00eda, Fernando Vilella. El secretario de Bioeconom\u00eda, Fernando Vilella, junto a representantes del equipo econ\u00f3mico del Palacio de Hacienda, ratificaron [&hellip;]<\/p>\n","protected":false},"author":53,"featured_media":398511,"comment_status":"open","ping_status":"open","sticky":false,"template":"","format":"standard","meta":{"_stopmodifiedupdate":false,"_modified_date":"","inline_featured_image":false,"spay_email":"","jetpack_publicize_message":""},"categories":[2542],"tags":[573,2074,3346],"jetpack_featured_media_url":"https:\/\/notinor.com\/jujuy\/wp-content\/uploads\/2023\/12\/gobierno-mesa-enlace.jpg","jetpack_publicize_connections":[],"_links":{"self":[{"href":"https:\/\/notinor.com\/jujuy\/wp-json\/wp\/v2\/posts\/398510"}],"collection":[{"href":"https:\/\/notinor.com\/jujuy\/wp-json\/wp\/v2\/posts"}],"about":[{"href":"https:\/\/notinor.com\/jujuy\/wp-json\/wp\/v2\/types\/post"}],"author":[{"embeddable":true,"href":"https:\/\/notinor.com\/jujuy\/wp-json\/wp\/v2\/users\/53"}],"replies":[{"embeddable":true,"href":"https:\/\/notinor.com\/jujuy\/wp-json\/wp\/v2\/comments?post=398510"}],"version-history":[{"count":1,"href":"https:\/\/notinor.com\/jujuy\/wp-json\/wp\/v2\/posts\/398510\/revisions"}],"predecessor-version":[{"id":398512,"href":"https:\/\/notinor.com\/jujuy\/wp-json\/wp\/v2\/posts\/398510\/revisions\/398512"}],"wp:featuredmedia":[{"embeddable":true,"href":"https:\/\/notinor.com\/jujuy\/wp-json\/wp\/v2\/media\/398511"}],"wp:attachment":[{"href":"https:\/\/notinor.com\/jujuy\/wp-json\/wp\/v2\/media?parent=398510"}],"wp:term":[{"taxonomy":"category","embeddable":true,"href":"https:\/\/notinor.com\/jujuy\/wp-json\/wp\/v2\/categories?post=398510"},{"taxonomy":"post_tag","embeddable":true,"href":"https:\/\/notinor.com\/jujuy\/wp-json\/wp\/v2\/tags?post=398510"}],"curies":[{"name":"wp","href":"https:\/\/api.w.org\/{rel}","templated":true}]}}