{"id":398201,"date":"2023-12-12T08:24:30","date_gmt":"2023-12-12T11:24:30","guid":{"rendered":"https:\/\/notinor.com\/jujuy\/?p=398201"},"modified":"2023-12-12T08:24:31","modified_gmt":"2023-12-12T11:24:31","slug":"milei-resolvio-cerrar-los-registros-para-exportar-granos-y-subproductos-agricolas","status":"publish","type":"post","link":"https:\/\/notinor.com\/jujuy\/milei-resolvio-cerrar-los-registros-para-exportar-granos-y-subproductos-agricolas\/","title":{"rendered":"Milei resolvi\u00f3 cerrar los registros para exportar granos y subproductos agr\u00edcolas"},"content":{"rendered":"\n<p class=\"has-medium-font-size\"><strong><em>La medida se tom\u00f3 para evitar una especulaci\u00f3n ya que en el mercado se descuenta que habr\u00e1 una devaluaci\u00f3n del peso. Se busca que no se anote una venta al exterior con el pago de retenciones con precios m\u00e1s bajos de los granos.<\/em><\/strong><\/p>\n\n\n<div class=\"wp-block-image\">\n<figure class=\"aligncenter size-large\"><img decoding=\"async\" loading=\"lazy\" width=\"840\" height=\"480\" src=\"https:\/\/notinor.com\/jujuy\/wp-content\/uploads\/2023\/12\/soja-brasil-granos-cosecha-john-deere-840x480.jpg\" alt=\"\" class=\"wp-image-398204\" srcset=\"https:\/\/notinor.com\/jujuy\/wp-content\/uploads\/2023\/12\/soja-brasil-granos-cosecha-john-deere-840x480.jpg 840w, https:\/\/notinor.com\/jujuy\/wp-content\/uploads\/2023\/12\/soja-brasil-granos-cosecha-john-deere-640x365.jpg 640w, https:\/\/notinor.com\/jujuy\/wp-content\/uploads\/2023\/12\/soja-brasil-granos-cosecha-john-deere-768x438.jpg 768w, https:\/\/notinor.com\/jujuy\/wp-content\/uploads\/2023\/12\/soja-brasil-granos-cosecha-john-deere-750x428.jpg 750w, https:\/\/notinor.com\/jujuy\/wp-content\/uploads\/2023\/12\/soja-brasil-granos-cosecha-john-deere.jpg 1000w\" sizes=\"(max-width: 840px) 100vw, 840px\" \/><figcaption class=\"wp-element-caption\">Cosecha de granos<\/figcaption><\/figure><\/div>\n\n\n<p>\u201cDe conformidad con los t\u00e9rminos del art\u00edculo 18 de la resoluci\u00f3n N\u00b0 RESOL-2019-128- APN-MAGYP de fecha 14 de noviembre de 2019 del ex-Ministerio de Agricultura, Ganader\u00eda y Pesca, y habiendo recibido las correspondientes instrucciones del se\u00f1or Secretario de Bioeconom\u00eda; esta Subsecretar\u00eda de Mercados Agroalimentarios y Negociaciones Internacionales pone en conocimiento del Sector Exportador de los productos agr\u00edcolas comprendidos en el r\u00e9gimen creado por la ley N\u00b0 21.453, que a partir de las 17.00 del d\u00eda 11 de diciembre de 2023 se procede al cierre del registro de las Declaraciones Juradas de Venta al Exterior hasta nuevo aviso\u201d, dice la comunicaci\u00f3n oficial de esa cartera.<\/p>\n\n\n\n<p><strong>Seg\u00fan trascendi\u00f3 de fuentes del sector comercial, la decisi\u00f3n se adopt\u00f3 para \u201cevitar que se anoten con retenciones a precios [de los granos] m\u00e1s baratos\u201d.<\/strong> Sucede que podr\u00eda haber una diferencia con los derechos de exportaci\u00f3n abonados.<\/p>\n\n\n\n<p><strong>De acuerdo a una fuente de la actividad, en medio de la expectativa de una pronta devaluaci\u00f3n el ritmo de registro de declaraciones juradas por parte de los exportadores se ven\u00eda acelerando en los \u00faltimos d\u00edas<\/strong>. \u201cEn lo que va de diciembre hicieron DJVE por 6,7 millones de toneladas de ma\u00edz [1,6 millones de toneladas correspondientes a la pasada campa\u00f1a 2022\/23 y 5,1 millones de toneladas del ciclo pr\u00f3ximo 2023\/24]\u201d, indicaron.<\/p>\n","protected":false},"excerpt":{"rendered":"<p>La medida se tom\u00f3 para evitar una especulaci\u00f3n ya que en el mercado se descuenta que habr\u00e1 una devaluaci\u00f3n del peso. Se busca que no se anote una venta al exterior con el pago de retenciones con precios m\u00e1s bajos de los granos. \u201cDe conformidad con los t\u00e9rminos del art\u00edculo 18 de la resoluci\u00f3n N\u00b0 [&hellip;]<\/p>\n","protected":false},"author":53,"featured_media":398204,"comment_status":"open","ping_status":"open","sticky":false,"template":"","format":"standard","meta":{"_stopmodifiedupdate":false,"_modified_date":"","inline_featured_image":false,"spay_email":"","jetpack_publicize_message":""},"categories":[2542],"tags":[573,696,3310,3308],"jetpack_featured_media_url":"https:\/\/notinor.com\/jujuy\/wp-content\/uploads\/2023\/12\/soja-brasil-granos-cosecha-john-deere.jpg","jetpack_publicize_connections":[],"_links":{"self":[{"href":"https:\/\/notinor.com\/jujuy\/wp-json\/wp\/v2\/posts\/398201"}],"collection":[{"href":"https:\/\/notinor.com\/jujuy\/wp-json\/wp\/v2\/posts"}],"about":[{"href":"https:\/\/notinor.com\/jujuy\/wp-json\/wp\/v2\/types\/post"}],"author":[{"embeddable":true,"href":"https:\/\/notinor.com\/jujuy\/wp-json\/wp\/v2\/users\/53"}],"replies":[{"embeddable":true,"href":"https:\/\/notinor.com\/jujuy\/wp-json\/wp\/v2\/comments?post=398201"}],"version-history":[{"count":1,"href":"https:\/\/notinor.com\/jujuy\/wp-json\/wp\/v2\/posts\/398201\/revisions"}],"predecessor-version":[{"id":398208,"href":"https:\/\/notinor.com\/jujuy\/wp-json\/wp\/v2\/posts\/398201\/revisions\/398208"}],"wp:featuredmedia":[{"embeddable":true,"href":"https:\/\/notinor.com\/jujuy\/wp-json\/wp\/v2\/media\/398204"}],"wp:attachment":[{"href":"https:\/\/notinor.com\/jujuy\/wp-json\/wp\/v2\/media?parent=398201"}],"wp:term":[{"taxonomy":"category","embeddable":true,"href":"https:\/\/notinor.com\/jujuy\/wp-json\/wp\/v2\/categories?post=398201"},{"taxonomy":"post_tag","embeddable":true,"href":"https:\/\/notinor.com\/jujuy\/wp-json\/wp\/v2\/tags?post=398201"}],"curies":[{"name":"wp","href":"https:\/\/api.w.org\/{rel}","templated":true}]}}