{"id":398157,"date":"2023-12-11T10:52:15","date_gmt":"2023-12-11T13:52:15","guid":{"rendered":"https:\/\/notinor.com\/jujuy\/?p=398157"},"modified":"2023-12-11T10:52:17","modified_gmt":"2023-12-11T13:52:17","slug":"se-celebra-el-dia-nacional-del-tango","status":"publish","type":"post","link":"https:\/\/notinor.com\/jujuy\/se-celebra-el-dia-nacional-del-tango\/","title":{"rendered":"Se celebra el D\u00eda Nacional del Tango"},"content":{"rendered":"\n<p class=\"has-medium-font-size\"><strong><em>La iniciativa, propuesta por el m\u00fasico y productor Ben Molar en 1965 y aprobada en 1977, conmemora el nacimiento, el mismo d\u00eda aunque en diferentes a\u00f1os, de Carlos Gardel y Julio de Caro, dos grandes referentes de ese g\u00e9nero.<\/em><\/strong><\/p>\n\n\n<div class=\"wp-block-image\">\n<figure class=\"aligncenter size-full\"><img decoding=\"async\" loading=\"lazy\" width=\"798\" height=\"398\" src=\"https:\/\/notinor.com\/jujuy\/wp-content\/uploads\/2023\/12\/tangotangot.jpg\" alt=\"\" class=\"wp-image-398158\" srcset=\"https:\/\/notinor.com\/jujuy\/wp-content\/uploads\/2023\/12\/tangotangot.jpg 798w, https:\/\/notinor.com\/jujuy\/wp-content\/uploads\/2023\/12\/tangotangot-660x329.jpg 660w, https:\/\/notinor.com\/jujuy\/wp-content\/uploads\/2023\/12\/tangotangot-768x383.jpg 768w, https:\/\/notinor.com\/jujuy\/wp-content\/uploads\/2023\/12\/tangotangot-360x180.jpg 360w, https:\/\/notinor.com\/jujuy\/wp-content\/uploads\/2023\/12\/tangotangot-750x374.jpg 750w\" sizes=\"(max-width: 798px) 100vw, 798px\" \/><figcaption class=\"wp-element-caption\">D\u00eda Nacional del Tango<\/figcaption><\/figure><\/div>\n\n\n<blockquote class=\"wp-block-quote\">\n<p class=\"has-small-font-size\"><strong>El D\u00eda Nacional del Tango se celebra este lunes en el pa\u00eds en conmemoraci\u00f3n del nacimiento, aunque de diferentes a\u00f1os, de Carlos Gardel y Julio de Caro, dos grandes referentes de ese g\u00e9nero.<\/strong><\/p>\n<\/blockquote>\n\n\n\n<blockquote class=\"wp-block-quote\">\n<p>Se trata de una iniciativa que el m\u00fasico y productor Ben Molar propuso en 1965 y que reci\u00e9n se aprob\u00f3 en 1977, a\u00f1o en que fue aprobado por decreto municipal el 29 de noviembre y por decreto nacional el 19 de diciembre.<\/p>\n<\/blockquote>\n\n\n\n<p>Acerca de su idea, <strong>Ben Molar afirm\u00f3 en su momento: \"El D\u00eda del Tango nace en mi mente de chico, quiz\u00e1s. Yo esperaba un medio de locomoci\u00f3n en la esquina de Corrientes y Esmeralda que me llevar\u00eda a la casa del Maestro Julio De Caro en Callao y Guido. Festej\u00e1bamos su cumplea\u00f1os<\/strong>. Milagrosa coincidencia que dos grandes vertientes del tango, como son la m\u00fasica y la letra, est\u00e9n representadas por estos dos famosos Carlos Gardel y Julio De Caro nacidos el mismo d\u00eda\".<\/p>\n\n\n\n<p>El d\u00eda tiene que ver, por un lado, con el nacimiento de Carlos Gardel, el 11 de diciembre de 1890, quien fue el cantor m\u00e1s grande del tango y de la m\u00fasica argentina, tambi\u00e9n fue compositor y m\u00fasico.<\/p>\n","protected":false},"excerpt":{"rendered":"<p>La iniciativa, propuesta por el m\u00fasico y productor Ben Molar en 1965 y aprobada en 1977, conmemora el nacimiento, el mismo d\u00eda aunque en diferentes a\u00f1os, de Carlos Gardel y Julio de Caro, dos grandes referentes de ese g\u00e9nero. El D\u00eda Nacional del Tango se celebra este lunes en el pa\u00eds en conmemoraci\u00f3n del nacimiento, [&hellip;]<\/p>\n","protected":false},"author":53,"featured_media":398158,"comment_status":"open","ping_status":"open","sticky":false,"template":"","format":"standard","meta":{"_stopmodifiedupdate":false,"_modified_date":"","inline_featured_image":false,"spay_email":"","jetpack_publicize_message":""},"categories":[17],"tags":[3303,573,3302],"jetpack_featured_media_url":"https:\/\/notinor.com\/jujuy\/wp-content\/uploads\/2023\/12\/tangotangot.jpg","jetpack_publicize_connections":[],"_links":{"self":[{"href":"https:\/\/notinor.com\/jujuy\/wp-json\/wp\/v2\/posts\/398157"}],"collection":[{"href":"https:\/\/notinor.com\/jujuy\/wp-json\/wp\/v2\/posts"}],"about":[{"href":"https:\/\/notinor.com\/jujuy\/wp-json\/wp\/v2\/types\/post"}],"author":[{"embeddable":true,"href":"https:\/\/notinor.com\/jujuy\/wp-json\/wp\/v2\/users\/53"}],"replies":[{"embeddable":true,"href":"https:\/\/notinor.com\/jujuy\/wp-json\/wp\/v2\/comments?post=398157"}],"version-history":[{"count":1,"href":"https:\/\/notinor.com\/jujuy\/wp-json\/wp\/v2\/posts\/398157\/revisions"}],"predecessor-version":[{"id":398159,"href":"https:\/\/notinor.com\/jujuy\/wp-json\/wp\/v2\/posts\/398157\/revisions\/398159"}],"wp:featuredmedia":[{"embeddable":true,"href":"https:\/\/notinor.com\/jujuy\/wp-json\/wp\/v2\/media\/398158"}],"wp:attachment":[{"href":"https:\/\/notinor.com\/jujuy\/wp-json\/wp\/v2\/media?parent=398157"}],"wp:term":[{"taxonomy":"category","embeddable":true,"href":"https:\/\/notinor.com\/jujuy\/wp-json\/wp\/v2\/categories?post=398157"},{"taxonomy":"post_tag","embeddable":true,"href":"https:\/\/notinor.com\/jujuy\/wp-json\/wp\/v2\/tags?post=398157"}],"curies":[{"name":"wp","href":"https:\/\/api.w.org\/{rel}","templated":true}]}}