{"id":397667,"date":"2023-12-05T19:26:19","date_gmt":"2023-12-05T22:26:19","guid":{"rendered":"https:\/\/notinor.com\/jujuy\/?p=397667"},"modified":"2023-12-05T19:26:20","modified_gmt":"2023-12-05T22:26:20","slug":"asi-sera-el-operativo-vial-en-ciudad-cultural-este-jueves-para-la-cena-blanca-2023","status":"publish","type":"post","link":"https:\/\/notinor.com\/jujuy\/asi-sera-el-operativo-vial-en-ciudad-cultural-este-jueves-para-la-cena-blanca-2023\/","title":{"rendered":"As\u00ed ser\u00e1 el operativo vial en Ciudad Cultural este jueves para la Cena Blanca 2023"},"content":{"rendered":"\n<p class=\"has-medium-font-size\"><strong><em>A partir de las 18 horas, la Direcci\u00f3n de Tr\u00e1nsito y Transporte dependiente de la Secretar\u00eda de Servicios P\u00fablicos de Municipalidad, llevar\u00e1 adelante un operativo de seguridad vial y de tr\u00e1nsito en Ciudad Cultural, con motivo de la realizaci\u00f3n de una nueva edici\u00f3n de la Cena Blanca.<\/em><\/strong><\/p>\n\n\n\n<p><\/p>\n\n\n<div class=\"wp-block-image\">\n<figure class=\"aligncenter size-full\"><img decoding=\"async\" loading=\"lazy\" width=\"800\" height=\"450\" src=\"https:\/\/notinor.com\/jujuy\/wp-content\/uploads\/2023\/12\/Cena-Blanca-Transito.jpg\" alt=\"\" class=\"wp-image-397668\" srcset=\"https:\/\/notinor.com\/jujuy\/wp-content\/uploads\/2023\/12\/Cena-Blanca-Transito.jpg 800w, https:\/\/notinor.com\/jujuy\/wp-content\/uploads\/2023\/12\/Cena-Blanca-Transito-649x365.jpg 649w, https:\/\/notinor.com\/jujuy\/wp-content\/uploads\/2023\/12\/Cena-Blanca-Transito-500x280.jpg 500w, https:\/\/notinor.com\/jujuy\/wp-content\/uploads\/2023\/12\/Cena-Blanca-Transito-768x432.jpg 768w, https:\/\/notinor.com\/jujuy\/wp-content\/uploads\/2023\/12\/Cena-Blanca-Transito-750x422.jpg 750w\" sizes=\"(max-width: 800px) 100vw, 800px\" \/><\/figure><\/div>\n\n\n<p><\/p>\n\n\n\n<p>En tal sentido, <strong>la Direcci\u00f3n de Transito dispuso que, desde las 18 horas, se proceda al corte del tr\u00e1nsito en: avenida de Los Estudiantes Juje\u00f1os y Colectora Ruta Nacional N\u00b0 9; Colectora Pila Sola y Rotonda de ingreso a Ciudad Cultural; Colectora Pila Sol\u00e1 y Suipacha; Dr. Vidal e Ituzaing\u00f3; Pedro del Portal y Calle Sin Nombre; Dr. Vidal y Calle Sin Nombre y acceso a Ciudad Cultural y Calle Interna (altura puente).<\/strong><\/p>\n\n\n\n<p>Tambi\u00e9n, <strong>informaron a partir de las 18 horas, el cambio de recorrido de las unidades del transporte urbano de pasajeros (colectivos), quienes realizar\u00e1n el siguiente itinerario por: Santib\u00e1\u00f1ez, Comandante P\u00e9rez, Airampo y Acceso a 23 de Agosto; Colectora Pila Sol\u00e1, avenida de las Carrozas, avenida Bolivia, avenida C\u00f3rdoba y recorrido habitual.<\/strong><\/p>\n\n\n\n<p>Por otra parte, el estacionamiento para veh\u00edculos particulares se dispondr\u00e1 en Curupait\u00ed , entre F\u00e9lix de Olaz\u00e1bal y Zorrilla de San Mart\u00edn (margen derecho). Asimismo, se estableci\u00f3 parada de taxis de radio-llamada en las calles Curupait\u00ed y Aconcagua.<\/p>\n\n\n\n<p><strong>Finalmente, las paradas para el transporte urbano de pasajeros, se verificar\u00e1n sobre avenida de las Carrozas en toda su extensi\u00f3n. Asimismo, se informa que este servicio se reestablecer\u00e1 a partir de las 5.30hs. horas del dia viernes 8 en toda la zona de la Ciudad Cultural.<\/strong> Se ruega prestar especial atenci\u00f3n a la carteler\u00eda y al personal apostado a tales fines.<\/p>\n","protected":false},"excerpt":{"rendered":"<p>A partir de las 18 horas, la Direcci\u00f3n de Tr\u00e1nsito y Transporte dependiente de la Secretar\u00eda de Servicios P\u00fablicos de Municipalidad, llevar\u00e1 adelante un operativo de seguridad vial y de tr\u00e1nsito en Ciudad Cultural, con motivo de la realizaci\u00f3n de una nueva edici\u00f3n de la Cena Blanca. En tal sentido, la Direcci\u00f3n de Transito dispuso [&hellip;]<\/p>\n","protected":false},"author":49,"featured_media":397668,"comment_status":"open","ping_status":"open","sticky":false,"template":"","format":"standard","meta":{"_stopmodifiedupdate":false,"_modified_date":"","inline_featured_image":false,"spay_email":"","jetpack_publicize_message":""},"categories":[2,514],"tags":[],"jetpack_featured_media_url":"https:\/\/notinor.com\/jujuy\/wp-content\/uploads\/2023\/12\/Cena-Blanca-Transito.jpg","jetpack_publicize_connections":[],"_links":{"self":[{"href":"https:\/\/notinor.com\/jujuy\/wp-json\/wp\/v2\/posts\/397667"}],"collection":[{"href":"https:\/\/notinor.com\/jujuy\/wp-json\/wp\/v2\/posts"}],"about":[{"href":"https:\/\/notinor.com\/jujuy\/wp-json\/wp\/v2\/types\/post"}],"author":[{"embeddable":true,"href":"https:\/\/notinor.com\/jujuy\/wp-json\/wp\/v2\/users\/49"}],"replies":[{"embeddable":true,"href":"https:\/\/notinor.com\/jujuy\/wp-json\/wp\/v2\/comments?post=397667"}],"version-history":[{"count":1,"href":"https:\/\/notinor.com\/jujuy\/wp-json\/wp\/v2\/posts\/397667\/revisions"}],"predecessor-version":[{"id":397669,"href":"https:\/\/notinor.com\/jujuy\/wp-json\/wp\/v2\/posts\/397667\/revisions\/397669"}],"wp:featuredmedia":[{"embeddable":true,"href":"https:\/\/notinor.com\/jujuy\/wp-json\/wp\/v2\/media\/397668"}],"wp:attachment":[{"href":"https:\/\/notinor.com\/jujuy\/wp-json\/wp\/v2\/media?parent=397667"}],"wp:term":[{"taxonomy":"category","embeddable":true,"href":"https:\/\/notinor.com\/jujuy\/wp-json\/wp\/v2\/categories?post=397667"},{"taxonomy":"post_tag","embeddable":true,"href":"https:\/\/notinor.com\/jujuy\/wp-json\/wp\/v2\/tags?post=397667"}],"curies":[{"name":"wp","href":"https:\/\/api.w.org\/{rel}","templated":true}]}}