{"id":397662,"date":"2023-12-05T18:05:00","date_gmt":"2023-12-05T21:05:00","guid":{"rendered":"https:\/\/notinor.com\/jujuy\/?p=397662"},"modified":"2023-12-05T18:42:28","modified_gmt":"2023-12-05T21:42:28","slug":"javier-milei-se-reunio-con-jose-luis-espert-en-el-hotel-libertador","status":"publish","type":"post","link":"https:\/\/notinor.com\/jujuy\/javier-milei-se-reunio-con-jose-luis-espert-en-el-hotel-libertador\/","title":{"rendered":"Javier Milei se reuni\u00f3 con Jos\u00e9 Luis Espert en el Hotel Libertador"},"content":{"rendered":"\n<p class=\"has-medium-font-size\"><strong><em>El diputado de Juntos por el Cambio y l\u00edder de Avanza Libertad, Jos\u00e9 Luis Espert, se reuni\u00f3 en el Hotel Libertador con el presidente electo, Javier Milei.<\/em><\/strong><\/p>\n\n\n\n<p><\/p>\n\n\n<div class=\"wp-block-image\">\n<figure class=\"aligncenter size-full\"><img decoding=\"async\" loading=\"lazy\" width=\"800\" height=\"450\" src=\"https:\/\/notinor.com\/jujuy\/wp-content\/uploads\/2023\/12\/milei-y-espert.jpg\" alt=\"\" class=\"wp-image-397663\" srcset=\"https:\/\/notinor.com\/jujuy\/wp-content\/uploads\/2023\/12\/milei-y-espert.jpg 800w, https:\/\/notinor.com\/jujuy\/wp-content\/uploads\/2023\/12\/milei-y-espert-649x365.jpg 649w, https:\/\/notinor.com\/jujuy\/wp-content\/uploads\/2023\/12\/milei-y-espert-500x280.jpg 500w, https:\/\/notinor.com\/jujuy\/wp-content\/uploads\/2023\/12\/milei-y-espert-768x432.jpg 768w, https:\/\/notinor.com\/jujuy\/wp-content\/uploads\/2023\/12\/milei-y-espert-750x422.jpg 750w\" sizes=\"(max-width: 800px) 100vw, 800px\" \/><\/figure><\/div>\n\n\n<p><\/p>\n\n\n\n<p><strong>Ambos fueron socios pol\u00edticos hasta que Milei decidi\u00f3 iniciar su aventura presidencial bajo el sello de La Libertad Avanza.<\/strong><\/p>\n\n\n\n<p>Sin embargo, ambos dirigentes y ex compa\u00f1eros de recinto en la C\u00e1mara de Diputados <strong>mantuvieron siempre una relaci\u00f3n cordial.<\/strong><\/p>\n\n\n\n<p>A la salida del encuentro, <strong>Espert cont\u00f3 que en la conversaci\u00f3n rememoraron vivencias profesionales y puntualiz\u00f3 en el rol que tendr\u00e1 en la C\u00e1mara alta.\u00a0<\/strong><\/p>\n\n\n\n<p>Horas despu\u00e9s de asumir el 10 de diciembre, <strong>Milei tiene planificado enviar un proyecto \"\u00f3mnibus\". All\u00ed deber\u00e1 alcanzar los consensos necesarios para su aprobaci\u00f3n y el rol de Espert cobra relevancia por integrar Juntos por el Cambio.\u00a0<\/strong><\/p>\n\n\n\n<p>La coalici\u00f3n opositora a\u00fan se mantiene en pie en el Congreso por necesidad de los gobernadores del PRO y la Uni\u00f3n C\u00edvica Radical.&nbsp;<\/p>\n\n\n\n<p><strong>En ese contexto, Espert podr\u00eda ser un puente con aquellos diputados que no se alinearon detr\u00e1s de la candidatura de Milei en el tramo final del balotaje.\u00a0<\/strong><\/p>\n\n\n\n<p><strong>La Libertad Avanza solo contar\u00e1 con 38 legisladores y deber\u00e1 llegar a 129 para alcanzar una mayor\u00eda y lograr que el paquete de medidas llegue al Senado.\u00a0<\/strong><\/p>\n\n\n\n<p><em>\"Gran reuni\u00f3n con el Presidente @JMilei y acuerdo total para defender en el Congreso las ideas de la libertad y el ajuste fiscal que tiene que hacer la pol\u00edtica\", tuite\u00f3 Espert.<\/em><\/p>\n\n\n\n<figure class=\"wp-block-embed is-type-rich is-provider-twitter wp-block-embed-twitter\"><div class=\"wp-block-embed__wrapper\">\n<blockquote class=\"twitter-tweet\" data-width=\"500\" data-dnt=\"true\"><p lang=\"es\" dir=\"ltr\">Gran reuni\u00f3n con el Presidente \u2066<a href=\"https:\/\/twitter.com\/JMilei?ref_src=twsrc%5Etfw\">@JMilei<\/a>\u2069 y acuerdo total para defender en el Congreso las ideas de la libertad y el ajuste fiscal que tiene que hacer la pol\u00edtica. <a href=\"https:\/\/t.co\/f50SC2MoBX\">pic.twitter.com\/f50SC2MoBX<\/a><\/p>&mdash; Jos\u00e9 Luis Espert (@jlespert) <a href=\"https:\/\/twitter.com\/jlespert\/status\/1732114600923922591?ref_src=twsrc%5Etfw\">December 5, 2023<\/a><\/blockquote><script async src=\"https:\/\/platform.twitter.com\/widgets.js\" charset=\"utf-8\"><\/script>\n<\/div><\/figure>\n","protected":false},"excerpt":{"rendered":"<p>El diputado de Juntos por el Cambio y l\u00edder de Avanza Libertad, Jos\u00e9 Luis Espert, se reuni\u00f3 en el Hotel Libertador con el presidente electo, Javier Milei. Ambos fueron socios pol\u00edticos hasta que Milei decidi\u00f3 iniciar su aventura presidencial bajo el sello de La Libertad Avanza. Sin embargo, ambos dirigentes y ex compa\u00f1eros de recinto [&hellip;]<\/p>\n","protected":false},"author":49,"featured_media":397663,"comment_status":"open","ping_status":"open","sticky":false,"template":"","format":"standard","meta":{"_stopmodifiedupdate":false,"_modified_date":"","inline_featured_image":false,"spay_email":"","jetpack_publicize_message":""},"categories":[2,501],"tags":[],"jetpack_featured_media_url":"https:\/\/notinor.com\/jujuy\/wp-content\/uploads\/2023\/12\/milei-y-espert.jpg","jetpack_publicize_connections":[],"_links":{"self":[{"href":"https:\/\/notinor.com\/jujuy\/wp-json\/wp\/v2\/posts\/397662"}],"collection":[{"href":"https:\/\/notinor.com\/jujuy\/wp-json\/wp\/v2\/posts"}],"about":[{"href":"https:\/\/notinor.com\/jujuy\/wp-json\/wp\/v2\/types\/post"}],"author":[{"embeddable":true,"href":"https:\/\/notinor.com\/jujuy\/wp-json\/wp\/v2\/users\/49"}],"replies":[{"embeddable":true,"href":"https:\/\/notinor.com\/jujuy\/wp-json\/wp\/v2\/comments?post=397662"}],"version-history":[{"count":2,"href":"https:\/\/notinor.com\/jujuy\/wp-json\/wp\/v2\/posts\/397662\/revisions"}],"predecessor-version":[{"id":397665,"href":"https:\/\/notinor.com\/jujuy\/wp-json\/wp\/v2\/posts\/397662\/revisions\/397665"}],"wp:featuredmedia":[{"embeddable":true,"href":"https:\/\/notinor.com\/jujuy\/wp-json\/wp\/v2\/media\/397663"}],"wp:attachment":[{"href":"https:\/\/notinor.com\/jujuy\/wp-json\/wp\/v2\/media?parent=397662"}],"wp:term":[{"taxonomy":"category","embeddable":true,"href":"https:\/\/notinor.com\/jujuy\/wp-json\/wp\/v2\/categories?post=397662"},{"taxonomy":"post_tag","embeddable":true,"href":"https:\/\/notinor.com\/jujuy\/wp-json\/wp\/v2\/tags?post=397662"}],"curies":[{"name":"wp","href":"https:\/\/api.w.org\/{rel}","templated":true}]}}