{"id":397655,"date":"2023-12-05T11:44:15","date_gmt":"2023-12-05T14:44:15","guid":{"rendered":"https:\/\/notinor.com\/jujuy\/?p=397655"},"modified":"2023-12-05T11:44:16","modified_gmt":"2023-12-05T14:44:16","slug":"gran-hermano-este-sera-el-sueldo-mensual-de-los-22-jugadores","status":"publish","type":"post","link":"https:\/\/notinor.com\/jujuy\/gran-hermano-este-sera-el-sueldo-mensual-de-los-22-jugadores\/","title":{"rendered":"\u201cGran Hermano\u201d: este ser\u00e1 el sueldo mensual de los 22 jugadores"},"content":{"rendered":"\n<p class=\"has-medium-font-size\"><strong><em>El reality comenzar\u00e1 el lunes 11 por Canal 9 Televida.<\/em><\/strong><\/p>\n\n\n\n<ul><\/ul>\n\n\n\n<figure class=\"wp-block-image\"><img decoding=\"async\" src=\"https:\/\/i0.wp.com\/newspack-elsol.s3.amazonaws.com\/wp-content\/uploads\/2023\/12\/santiago-del-moro.jpg?fit=1025%2C749&amp;ssl=1\" alt=\"\"\/><\/figure>\n\n\n\n<p>El 11 de diciembre llega a<em>&nbsp;Telefe<\/em>&nbsp;una nueva temporada de \u201c<strong>Gran Hermano<\/strong>\u201c, que en Mendoza podr\u00e1 verse por la pantalla de&nbsp;<em>Canal 9 Televida<\/em>.<\/p>\n\n\n\n<p>Con la conducci\u00f3n de&nbsp;<strong>Santiago del Moro<\/strong>, en esta edici\u00f3n se podr\u00e1 ver la casa en vivo las 24 horas con una cobertura exclusiva a trav\u00e9s de DGO, la plataforma de TV en vivo y streaming de DIRECTV.<\/p>\n\n\n\n<p>Lo que muchos televidentes se pregunta es cu\u00e1nto ganan los participantes por estar dentro de la casa. En esta ocasi\u00f3n, <strong>ser\u00e1n 22 participantes<\/strong> los que competir\u00e1n por el gran premio. Seg\u00fan\u00a0<em>Diario La Pavada<\/em>, <strong>los jugadores cobrar\u00e1n un monto de $300 mil por mes<\/strong>. Pero cambiar\u00e1 la cifra dependiendo la inflaci\u00f3n, tal y como el a\u00f1o pasado.<\/p>\n\n\n\n<p>Adem\u00e1s, se ha confirmado el equipo que liderar\u00e1 los debates del reality:&nbsp;<strong>Sol P\u00e9rez<\/strong>,&nbsp;<strong>Gast\u00f3n Trezeguet<\/strong>&nbsp;y&nbsp;<strong>Ceferino Reato<\/strong>, junto a panelistas rotativos, ser\u00e1n los encargados de animar los programas de los martes y jueves bajo la conducci\u00f3n de&nbsp;<strong>Santiago Del Moro.<\/strong><\/p>\n","protected":false},"excerpt":{"rendered":"<p>El reality comenzar\u00e1 el lunes 11 por Canal 9 Televida. El 11 de diciembre llega a&nbsp;Telefe&nbsp;una nueva temporada de \u201cGran Hermano\u201c, que en Mendoza podr\u00e1 verse por la pantalla de&nbsp;Canal 9 Televida. Con la conducci\u00f3n de&nbsp;Santiago del Moro, en esta edici\u00f3n se podr\u00e1 ver la casa en vivo las 24 horas con una cobertura exclusiva [&hellip;]<\/p>\n","protected":false},"author":5,"featured_media":397656,"comment_status":"open","ping_status":"open","sticky":false,"template":"","format":"standard","meta":{"_stopmodifiedupdate":false,"_modified_date":"","inline_featured_image":false,"spay_email":"","jetpack_publicize_message":""},"categories":[21],"tags":[],"jetpack_featured_media_url":"https:\/\/notinor.com\/jujuy\/wp-content\/uploads\/2023\/12\/GRAN.jpg","jetpack_publicize_connections":[],"_links":{"self":[{"href":"https:\/\/notinor.com\/jujuy\/wp-json\/wp\/v2\/posts\/397655"}],"collection":[{"href":"https:\/\/notinor.com\/jujuy\/wp-json\/wp\/v2\/posts"}],"about":[{"href":"https:\/\/notinor.com\/jujuy\/wp-json\/wp\/v2\/types\/post"}],"author":[{"embeddable":true,"href":"https:\/\/notinor.com\/jujuy\/wp-json\/wp\/v2\/users\/5"}],"replies":[{"embeddable":true,"href":"https:\/\/notinor.com\/jujuy\/wp-json\/wp\/v2\/comments?post=397655"}],"version-history":[{"count":1,"href":"https:\/\/notinor.com\/jujuy\/wp-json\/wp\/v2\/posts\/397655\/revisions"}],"predecessor-version":[{"id":397657,"href":"https:\/\/notinor.com\/jujuy\/wp-json\/wp\/v2\/posts\/397655\/revisions\/397657"}],"wp:featuredmedia":[{"embeddable":true,"href":"https:\/\/notinor.com\/jujuy\/wp-json\/wp\/v2\/media\/397656"}],"wp:attachment":[{"href":"https:\/\/notinor.com\/jujuy\/wp-json\/wp\/v2\/media?parent=397655"}],"wp:term":[{"taxonomy":"category","embeddable":true,"href":"https:\/\/notinor.com\/jujuy\/wp-json\/wp\/v2\/categories?post=397655"},{"taxonomy":"post_tag","embeddable":true,"href":"https:\/\/notinor.com\/jujuy\/wp-json\/wp\/v2\/tags?post=397655"}],"curies":[{"name":"wp","href":"https:\/\/api.w.org\/{rel}","templated":true}]}}