{"id":397647,"date":"2023-12-05T09:49:01","date_gmt":"2023-12-05T12:49:01","guid":{"rendered":"https:\/\/notinor.com\/jujuy\/?p=397647"},"modified":"2023-12-05T09:49:02","modified_gmt":"2023-12-05T12:49:02","slug":"el-pro-define-si-se-mantiene-unido-en-el-nuevo-congreso","status":"publish","type":"post","link":"https:\/\/notinor.com\/jujuy\/el-pro-define-si-se-mantiene-unido-en-el-nuevo-congreso\/","title":{"rendered":"El PRO define si se mantiene unido en el nuevo Congreso"},"content":{"rendered":"\n<p class=\"has-medium-font-size\"><strong><em>La bancada amarilla podr\u00eda conservar a la mayor\u00eda de sus diputados y senadores, aunque integrado por distintas tribus y a riesgo de futuras divisiones. Reuni\u00f3n clave el mi\u00e9rcoles en la C\u00e1mara Baja<\/em><\/strong><\/p>\n\n\n<div class=\"wp-block-image\">\n<figure class=\"aligncenter size-large\"><img decoding=\"async\" loading=\"lazy\" width=\"720\" height=\"480\" src=\"https:\/\/notinor.com\/jujuy\/wp-content\/uploads\/2023\/12\/Cristian-Ritondo-presidiendo-bloque-Pro-720x480.jpg\" alt=\"\" class=\"wp-image-397648\" srcset=\"https:\/\/notinor.com\/jujuy\/wp-content\/uploads\/2023\/12\/Cristian-Ritondo-presidiendo-bloque-Pro-720x480.jpg 720w, https:\/\/notinor.com\/jujuy\/wp-content\/uploads\/2023\/12\/Cristian-Ritondo-presidiendo-bloque-Pro-548x365.jpg 548w, https:\/\/notinor.com\/jujuy\/wp-content\/uploads\/2023\/12\/Cristian-Ritondo-presidiendo-bloque-Pro-768x512.jpg 768w, https:\/\/notinor.com\/jujuy\/wp-content\/uploads\/2023\/12\/Cristian-Ritondo-presidiendo-bloque-Pro-750x500.jpg 750w, https:\/\/notinor.com\/jujuy\/wp-content\/uploads\/2023\/12\/Cristian-Ritondo-presidiendo-bloque-Pro-1140x760.jpg 1140w, https:\/\/notinor.com\/jujuy\/wp-content\/uploads\/2023\/12\/Cristian-Ritondo-presidiendo-bloque-Pro.jpg 1200w\" sizes=\"(max-width: 720px) 100vw, 720px\" \/><figcaption class=\"wp-element-caption\">Bloque del PRO<\/figcaption><\/figure><\/div>\n\n\n<p>Sin \u201ccogobierno\u201d a la vista, el PRO podr\u00eda terminar mucho m\u00e1s unido en el Congreso de lo que se preve\u00eda hace tres semanas cuando Javier Milei gan\u00f3 el balotaje. Esto es, \u201cen los papeles\u201d.<\/p>\n\n\n\n<p><strong>Las pr\u00f3ximas horas ser\u00e1n clave, sobre todo en Diputados, para tener un primer boceto del mapa parlamentario.<\/strong> El partido amarillo mantendr\u00eda la integridad como bloque, aunque poblado por distintas tribus. En todos los sectores coinciden, sin embargo, que la configuraci\u00f3n de fuerzas que se ver\u00e1 desde el 10 de diciembre ser\u00eda provisoria.<\/p>\n\n\n\n<p>Este jueves, tanto<strong> el Senado como Diputados tienen previsto realizar sus sesiones preparatorias en las que jurar\u00e1n los legisladores electos el 22 de octubre<\/strong> y en las que se designar\u00e1n, se prev\u00e9, a las autoridades parlamentarias de cada C\u00e1mara, una disputa que estuvo y sigue a\u00fan marcada por tensiones y dudas. <\/p>\n\n\n\n<p>Pero tambi\u00e9n quedar\u00eda resuelta la conformaci\u00f3n de los bloques, que, aunque no est\u00e1 fijado por reglamento, es determinante tanto para discutir lugar entre las autoridades, como en las comisiones y, fuera del congreso, organismos gubernamentales y judiciales.<\/p>\n\n\n\n<p>El mi\u00e9rcoles por la tarde, <strong>el Frente PRO tiene previsto reunirse en Diputados. Participar\u00edan los diputados que contin\u00faan en sus bancas y aquellos que ingresan, entre los que est\u00e1n 41 amarillos puros<\/strong> (macristas, bullrichistas y larretistas) y 10 \u201caliados\u201d (entre los que se encuentran figuras como Ricardo L\u00f3pez Murphy o Miguel Pichetto). <\/p>\n\n\n\n<blockquote class=\"wp-block-quote\">\n<p>De mantener una bancada con 51 legisladores, el Frente PRO ser\u00eda la segunda minor\u00eda de la C\u00e1mara, detr\u00e1s del Frente de Todos\/Uni\u00f3n por la Patria, asumiendo que tambi\u00e9n se mantengan como tal.<\/p>\n<\/blockquote>\n\n\n\n<p><strong>El partido amarillo est\u00e1 al borde del quiebre desde la derrota nacional del 22 de octubre, pero por distintas razones. <\/strong>Hace una semana, cuando el jefe del bloque PRO en Diputados, Cristian Ritondo, todav\u00eda era candidato a convertirse en el presidente de la C\u00e1mara Baja elegido por Milei, la hip\u00f3tesis era que el grueso de la bancada se integrar\u00eda a un espacio con La Libertad Avanza.<\/p>\n","protected":false},"excerpt":{"rendered":"<p>La bancada amarilla podr\u00eda conservar a la mayor\u00eda de sus diputados y senadores, aunque integrado por distintas tribus y a riesgo de futuras divisiones. Reuni\u00f3n clave el mi\u00e9rcoles en la C\u00e1mara Baja Sin \u201ccogobierno\u201d a la vista, el PRO podr\u00eda terminar mucho m\u00e1s unido en el Congreso de lo que se preve\u00eda hace tres semanas [&hellip;]<\/p>\n","protected":false},"author":53,"featured_media":397648,"comment_status":"open","ping_status":"open","sticky":false,"template":"","format":"standard","meta":{"_stopmodifiedupdate":false,"_modified_date":"","inline_featured_image":false,"spay_email":"","jetpack_publicize_message":""},"categories":[501],"tags":[573,1302,976],"jetpack_featured_media_url":"https:\/\/notinor.com\/jujuy\/wp-content\/uploads\/2023\/12\/Cristian-Ritondo-presidiendo-bloque-Pro.jpg","jetpack_publicize_connections":[],"_links":{"self":[{"href":"https:\/\/notinor.com\/jujuy\/wp-json\/wp\/v2\/posts\/397647"}],"collection":[{"href":"https:\/\/notinor.com\/jujuy\/wp-json\/wp\/v2\/posts"}],"about":[{"href":"https:\/\/notinor.com\/jujuy\/wp-json\/wp\/v2\/types\/post"}],"author":[{"embeddable":true,"href":"https:\/\/notinor.com\/jujuy\/wp-json\/wp\/v2\/users\/53"}],"replies":[{"embeddable":true,"href":"https:\/\/notinor.com\/jujuy\/wp-json\/wp\/v2\/comments?post=397647"}],"version-history":[{"count":1,"href":"https:\/\/notinor.com\/jujuy\/wp-json\/wp\/v2\/posts\/397647\/revisions"}],"predecessor-version":[{"id":397649,"href":"https:\/\/notinor.com\/jujuy\/wp-json\/wp\/v2\/posts\/397647\/revisions\/397649"}],"wp:featuredmedia":[{"embeddable":true,"href":"https:\/\/notinor.com\/jujuy\/wp-json\/wp\/v2\/media\/397648"}],"wp:attachment":[{"href":"https:\/\/notinor.com\/jujuy\/wp-json\/wp\/v2\/media?parent=397647"}],"wp:term":[{"taxonomy":"category","embeddable":true,"href":"https:\/\/notinor.com\/jujuy\/wp-json\/wp\/v2\/categories?post=397647"},{"taxonomy":"post_tag","embeddable":true,"href":"https:\/\/notinor.com\/jujuy\/wp-json\/wp\/v2\/tags?post=397647"}],"curies":[{"name":"wp","href":"https:\/\/api.w.org\/{rel}","templated":true}]}}