{"id":397625,"date":"2023-12-05T09:06:25","date_gmt":"2023-12-05T12:06:25","guid":{"rendered":"https:\/\/notinor.com\/jujuy\/?p=397625"},"modified":"2023-12-05T09:06:32","modified_gmt":"2023-12-05T12:06:32","slug":"para-la-uca-la-pobreza-fue-del-447-en-el-tercer-trimestre-de-2023","status":"publish","type":"post","link":"https:\/\/notinor.com\/jujuy\/para-la-uca-la-pobreza-fue-del-447-en-el-tercer-trimestre-de-2023\/","title":{"rendered":"Para la UCA, la pobreza fue del 44,7% en el tercer trimestre de 2023"},"content":{"rendered":"\n<p class=\"has-medium-font-size\"><strong><em>Los datos surgen del \u00faltimo informe del Observatorio de la Deuda Social Argentina. En la poblaci\u00f3n de 0 a 17 a\u00f1os, la pobreza afect\u00f3 al 62,9% de los ni\u00f1os y ni\u00f1as.<\/em><\/strong><\/p>\n\n\n<div class=\"wp-block-image\">\n<figure class=\"aligncenter size-large\"><img decoding=\"async\" loading=\"lazy\" width=\"708\" height=\"480\" src=\"https:\/\/notinor.com\/jujuy\/wp-content\/uploads\/2023\/12\/pobreza-nina-generica-708x480.jpg\" alt=\"\" class=\"wp-image-397630\" srcset=\"https:\/\/notinor.com\/jujuy\/wp-content\/uploads\/2023\/12\/pobreza-nina-generica-708x480.jpg 708w, https:\/\/notinor.com\/jujuy\/wp-content\/uploads\/2023\/12\/pobreza-nina-generica-538x365.jpg 538w, https:\/\/notinor.com\/jujuy\/wp-content\/uploads\/2023\/12\/pobreza-nina-generica-768x521.jpg 768w, https:\/\/notinor.com\/jujuy\/wp-content\/uploads\/2023\/12\/pobreza-nina-generica-750x509.jpg 750w, https:\/\/notinor.com\/jujuy\/wp-content\/uploads\/2023\/12\/pobreza-nina-generica.jpg 995w\" sizes=\"(max-width: 708px) 100vw, 708px\" \/><figcaption class=\"wp-element-caption\">Pobreza en Argentina<\/figcaption><\/figure><\/div>\n\n\n<p>En un a\u00f1o marcado por la crisis econ\u00f3mica, el impacto sobre los datos de pobreza se volvi\u00f3 inevitable e incluso empeorar\u00e1n en los pr\u00f3ximos meses. <\/p>\n\n\n\n<p>Para el tercer trimestre de a\u00f1o, seg\u00fan la medici\u00f3n de la UCA, <strong>la pobreza ser\u00e1 del 44,7% y la indigencia llegar\u00e1 al 9,6%, mientras que si se eliminaran los planes sociales, los \u00edndices se acercar\u00edan el 50%. En tanto, la pobreza afect\u00f3 al 62,9% de los ni\u00f1os y ni\u00f1as.<\/strong><\/p>\n\n\n\n<p>El \u00faltimo informe del Observatorio de la Deuda Social Argentina de la UCA -que define a la pobreza como la privaci\u00f3n econ\u00f3mica que afecta al desarrollo de las capacidades humanas en diferentes dimensiones de la vida social- describi\u00f3 que el aumento de las cifras de pobreza e indigencia se explica por el freno al crecimiento econ\u00f3mico, la inflaci\u00f3n y la falta de creaci\u00f3n de empleo formal.<\/p>\n\n\n\n<p><strong>A modo de ejemplo, durante los \u00faltimos 23 a\u00f1os el crecimiento promedio per c\u00e1pita fue del 0,73% anual, <\/strong>\u201cclaramente deficitario para atender deudas sociales hist\u00f3ricas, o para dar un salto en ciencia y tecnolog\u00eda, o para responder a justas demandas sociales, y, sobre todo, permitir invertir en el capital humano de las nuevas generaciones\u201d, indic\u00f3 el documento, que traza una radiograf\u00eda social desde junio a septiembre de este a\u00f1o.<\/p>\n\n\n\n<p>\u201cLa causa de la pobreza ha sido y sigue siendo la falta de inversi\u00f3n y de un crecimiento equilibrado entre sectores din\u00e1micos y sectores tradicionales, con capacidad de generar m\u00e1s y mejores empleos, o, incluso, trabajos dignos en la econom\u00eda informal\u201d, sostuvo el escrito, que reforz\u00f3 que con cada nueva crisis aumentan las cifras de pobreza y pese a los per\u00edodos de recuperaci\u00f3n, no se vuelve al per\u00edodo inicial.<\/p>\n\n\n\n<p><strong>Qu\u00e9 pas\u00f3 con la pobreza en el tercer trimestre del a\u00f1o, seg\u00fan la UCA<\/strong><br><strong>En concreto, para la UCA, la pobreza en el tercer trimestre del a\u00f1o lleg\u00f3 al 44,7%, lo cual represent\u00f3 una suba de 1,6 puntos en relaci\u00f3n con la misma medici\u00f3n al cierre de 2022.<\/strong> En tanto, la indigencia se ubic\u00f3 en 9,6%, que signific\u00f3 una suba de 1,5 puntos comparado con los meses finales del a\u00f1o anterior.<\/p>\n\n\n\n<p>En el caso de las cifras de pobreza, la situaci\u00f3n se agrava si se observa la incidencia en los ni\u00f1os y ni\u00f1as, ya que en la poblaci\u00f3n de 0 a 17 a\u00f1os, la pobreza llega a 62,9%.<\/p>\n","protected":false},"excerpt":{"rendered":"<p>Los datos surgen del \u00faltimo informe del Observatorio de la Deuda Social Argentina. En la poblaci\u00f3n de 0 a 17 a\u00f1os, la pobreza afect\u00f3 al 62,9% de los ni\u00f1os y ni\u00f1as. En un a\u00f1o marcado por la crisis econ\u00f3mica, el impacto sobre los datos de pobreza se volvi\u00f3 inevitable e incluso empeorar\u00e1n en los pr\u00f3ximos [&hellip;]<\/p>\n","protected":false},"author":53,"featured_media":397630,"comment_status":"open","ping_status":"open","sticky":false,"template":"","format":"standard","meta":{"_stopmodifiedupdate":false,"_modified_date":"","inline_featured_image":false,"spay_email":"","jetpack_publicize_message":""},"categories":[676],"tags":[573,696,1782,3269],"jetpack_featured_media_url":"https:\/\/notinor.com\/jujuy\/wp-content\/uploads\/2023\/12\/pobreza-nina-generica.jpg","jetpack_publicize_connections":[],"_links":{"self":[{"href":"https:\/\/notinor.com\/jujuy\/wp-json\/wp\/v2\/posts\/397625"}],"collection":[{"href":"https:\/\/notinor.com\/jujuy\/wp-json\/wp\/v2\/posts"}],"about":[{"href":"https:\/\/notinor.com\/jujuy\/wp-json\/wp\/v2\/types\/post"}],"author":[{"embeddable":true,"href":"https:\/\/notinor.com\/jujuy\/wp-json\/wp\/v2\/users\/53"}],"replies":[{"embeddable":true,"href":"https:\/\/notinor.com\/jujuy\/wp-json\/wp\/v2\/comments?post=397625"}],"version-history":[{"count":1,"href":"https:\/\/notinor.com\/jujuy\/wp-json\/wp\/v2\/posts\/397625\/revisions"}],"predecessor-version":[{"id":397631,"href":"https:\/\/notinor.com\/jujuy\/wp-json\/wp\/v2\/posts\/397625\/revisions\/397631"}],"wp:featuredmedia":[{"embeddable":true,"href":"https:\/\/notinor.com\/jujuy\/wp-json\/wp\/v2\/media\/397630"}],"wp:attachment":[{"href":"https:\/\/notinor.com\/jujuy\/wp-json\/wp\/v2\/media?parent=397625"}],"wp:term":[{"taxonomy":"category","embeddable":true,"href":"https:\/\/notinor.com\/jujuy\/wp-json\/wp\/v2\/categories?post=397625"},{"taxonomy":"post_tag","embeddable":true,"href":"https:\/\/notinor.com\/jujuy\/wp-json\/wp\/v2\/tags?post=397625"}],"curies":[{"name":"wp","href":"https:\/\/api.w.org\/{rel}","templated":true}]}}