{"id":397265,"date":"2023-11-30T10:41:37","date_gmt":"2023-11-30T13:41:37","guid":{"rendered":"https:\/\/notinor.com\/jujuy\/?p=397265"},"modified":"2023-11-30T10:41:39","modified_gmt":"2023-11-30T13:41:39","slug":"sancor-anuncio-el-cierre-de-su-fabrica-de-quesos","status":"publish","type":"post","link":"https:\/\/notinor.com\/jujuy\/sancor-anuncio-el-cierre-de-su-fabrica-de-quesos\/","title":{"rendered":"Sancor anunci\u00f3 el cierre de su f\u00e1brica de quesos"},"content":{"rendered":"\n<p class=\"has-medium-font-size\"><strong><em>La firma denunci\u00f3 que el gremio, que paraliz\u00f3 la actividad productiva desde hace 40 d\u00edas, utiliza como \"excusa\" la \"regularizaci\u00f3n de cuestiones salariales\" para llevar a cabo sus acciones, pero que en realidad los motiva \"la no concreci\u00f3n del proyecto del Fideicomiso\".<\/em><\/strong><\/p>\n\n\n<div class=\"wp-block-image\">\n<figure class=\"aligncenter size-large\"><img decoding=\"async\" loading=\"lazy\" width=\"840\" height=\"473\" src=\"https:\/\/notinor.com\/jujuy\/wp-content\/uploads\/2023\/11\/sancor-planta-paro-840x473.jpg\" alt=\"\" class=\"wp-image-397271\" srcset=\"https:\/\/notinor.com\/jujuy\/wp-content\/uploads\/2023\/11\/sancor-planta-paro-840x473.jpg 840w, https:\/\/notinor.com\/jujuy\/wp-content\/uploads\/2023\/11\/sancor-planta-paro-649x365.jpg 649w, https:\/\/notinor.com\/jujuy\/wp-content\/uploads\/2023\/11\/sancor-planta-paro-768x432.jpg 768w, https:\/\/notinor.com\/jujuy\/wp-content\/uploads\/2023\/11\/sancor-planta-paro-750x422.jpg 750w, https:\/\/notinor.com\/jujuy\/wp-content\/uploads\/2023\/11\/sancor-planta-paro.jpg 1024w\" sizes=\"(max-width: 840px) 100vw, 840px\" \/><figcaption class=\"wp-element-caption\">Sancor<\/figcaption><\/figure><\/div>\n\n\n<p>La Cooperativa Sancor anunci\u00f3 el cierre de su f\u00e1brica de quesos blandos situada en la localidad santafesina de San Guillermo, y responsabiliz\u00f3 de la situaci\u00f3n a la Asociaci\u00f3n de Trabajadores de la Industria Lechera de la Rep\u00fablica Argentina (Atilra), a la que acus\u00f3 de estar \u00abparalizando la actividad productiva y comercial\u00bb desde hace 40 d\u00edas, denunciaron.<\/p>\n\n\n\n<p><strong>Mediante un comunicado difundido este martes, Sancor denunci\u00f3 que el gremio utiliza como \u00abexcusa\u00bb la \u00abregularizaci\u00f3n de cuestiones salariales\u00bb para llevar a cabo sus acciones<\/strong>, pero que en realidad las motiva \u00abla no concreci\u00f3n del proyecto del Fideicomiso de Administraci\u00f3n que el gremio impulsaba de la mano de empresarios, que no ten\u00eda ni la capacidad econ\u00f3mica, ni de gesti\u00f3n\u00bb.<\/p>\n\n\n\n<blockquote class=\"wp-block-quote\">\n<p>\u00abDe manera sistem\u00e1tica, durante todo el proceso de aprobaci\u00f3n del Fideicomiso, el sindicato ejerci\u00f3 presi\u00f3n desmedida sobre Sancor, para forzar decisiones y acciones\u00bb, a\u00f1ade el texto.<\/p>\n<\/blockquote>\n\n\n\n<p><strong>La empresa indic\u00f3 que entre 2021 y este a\u00f1o el gremio \u00abrealiz\u00f3 medidas de fuerza bajo la excusa salarial para avanzar sobre las leg\u00edtimas decisiones de los cooperativistas\u00bb.<\/strong><\/p>\n\n\n\n<p>Adem\u00e1s, denuncia que \u00ablo que el sindicato no puede explicar es por qu\u00e9 avalaba el plan de los empresarios interesados, que dejaba de lado a cerca de 1.000 empleados del total de la plantilla laboral de Sancor\u00bb.<\/p>\n\n\n\n<p><strong>Para la firma, \u00abel plan del sindicato atenta contra la libertad de la cooperativa y tambi\u00e9n de los mismos empleados que manifiestan su voluntad de trabajar\u00bb.<\/strong><\/p>\n\n\n\n<p>En ese sentido, menciona que la empresa \u00abse vio forzada a desechar 100 mil litros de leche, de derivar materia prima hacia otros destinos industriales, de desabastecer el mercado y, como hecho reciente destacado, de cerrar definitivamente la actividad en la planta ubicada en San Guillermo, Santa Fe, por las medidas de fuerza implementadas por Atilra\u00bb.<\/p>\n\n\n\n<p><strong>En tanto, la versi\u00f3n del gremio es opuesta, ya que en un reciente comunicado Atilra denunci\u00f3 que Sancor est\u00e1 \u201ccerca de la quiebra\u201d debido a que \u00abla deuda con los acreedores llega a 379.400.000 d\u00f3lares\u00bb, y sostuvo que \u00abla culpa ha sido de la administraci\u00f3n, no de los trabajadores como quieren hacer creer\u00bb.<\/strong><\/p>\n\n\n\n<p>\u201cSin respuesta para dar a sus acreedores, y con el Consejo de Administraci\u00f3n fracturado, los directivos de Sancor preparan su retirada con variado fuego cruzado entre sus integrantes, donde se achacan errores de conducci\u00f3n y responsabilidades no asumidas\u201d, indica el texto.<\/p>\n","protected":false},"excerpt":{"rendered":"<p>La firma denunci\u00f3 que el gremio, que paraliz\u00f3 la actividad productiva desde hace 40 d\u00edas, utiliza como \"excusa\" la \"regularizaci\u00f3n de cuestiones salariales\" para llevar a cabo sus acciones, pero que en realidad los motiva \"la no concreci\u00f3n del proyecto del Fideicomiso\". La Cooperativa Sancor anunci\u00f3 el cierre de su f\u00e1brica de quesos blandos situada [&hellip;]<\/p>\n","protected":false},"author":53,"featured_media":397271,"comment_status":"open","ping_status":"open","sticky":false,"template":"","format":"standard","meta":{"_stopmodifiedupdate":false,"_modified_date":"","inline_featured_image":false,"spay_email":"","jetpack_publicize_message":""},"categories":[2542],"tags":[2114,573,696,3249],"jetpack_featured_media_url":"https:\/\/notinor.com\/jujuy\/wp-content\/uploads\/2023\/11\/sancor-planta-paro.jpg","jetpack_publicize_connections":[],"_links":{"self":[{"href":"https:\/\/notinor.com\/jujuy\/wp-json\/wp\/v2\/posts\/397265"}],"collection":[{"href":"https:\/\/notinor.com\/jujuy\/wp-json\/wp\/v2\/posts"}],"about":[{"href":"https:\/\/notinor.com\/jujuy\/wp-json\/wp\/v2\/types\/post"}],"author":[{"embeddable":true,"href":"https:\/\/notinor.com\/jujuy\/wp-json\/wp\/v2\/users\/53"}],"replies":[{"embeddable":true,"href":"https:\/\/notinor.com\/jujuy\/wp-json\/wp\/v2\/comments?post=397265"}],"version-history":[{"count":1,"href":"https:\/\/notinor.com\/jujuy\/wp-json\/wp\/v2\/posts\/397265\/revisions"}],"predecessor-version":[{"id":397272,"href":"https:\/\/notinor.com\/jujuy\/wp-json\/wp\/v2\/posts\/397265\/revisions\/397272"}],"wp:featuredmedia":[{"embeddable":true,"href":"https:\/\/notinor.com\/jujuy\/wp-json\/wp\/v2\/media\/397271"}],"wp:attachment":[{"href":"https:\/\/notinor.com\/jujuy\/wp-json\/wp\/v2\/media?parent=397265"}],"wp:term":[{"taxonomy":"category","embeddable":true,"href":"https:\/\/notinor.com\/jujuy\/wp-json\/wp\/v2\/categories?post=397265"},{"taxonomy":"post_tag","embeddable":true,"href":"https:\/\/notinor.com\/jujuy\/wp-json\/wp\/v2\/tags?post=397265"}],"curies":[{"name":"wp","href":"https:\/\/api.w.org\/{rel}","templated":true}]}}