{"id":397111,"date":"2023-11-28T14:15:00","date_gmt":"2023-11-28T17:15:00","guid":{"rendered":"https:\/\/notinor.com\/jujuy\/?p=397111"},"modified":"2023-11-28T19:21:11","modified_gmt":"2023-11-28T22:21:11","slug":"el-cronograma-de-pagos-de-la-administracion-publica-iniciara-el-5-de-diciembre","status":"publish","type":"post","link":"https:\/\/notinor.com\/jujuy\/el-cronograma-de-pagos-de-la-administracion-publica-iniciara-el-5-de-diciembre\/","title":{"rendered":"El cronograma de pagos de la administraci\u00f3n p\u00fablica iniciar\u00e1 el 5 de diciembre"},"content":{"rendered":"\n<p class=\"has-medium-font-size\"><strong><em>Tesorer\u00eda de la Provincia dio a conocer el cronograma de pagos correspondiente al mes de noviembre de 2023 para el personal de la administraci\u00f3n p\u00fablica.<\/em><\/strong><\/p>\n\n\n\n<p><\/p>\n\n\n<div class=\"wp-block-image\">\n<figure class=\"aligncenter size-full\"><img decoding=\"async\" loading=\"lazy\" width=\"800\" height=\"450\" src=\"https:\/\/notinor.com\/jujuy\/wp-content\/uploads\/2023\/11\/cajero-automatico.jpg\" alt=\"\" class=\"wp-image-397112\" srcset=\"https:\/\/notinor.com\/jujuy\/wp-content\/uploads\/2023\/11\/cajero-automatico.jpg 800w, https:\/\/notinor.com\/jujuy\/wp-content\/uploads\/2023\/11\/cajero-automatico-649x365.jpg 649w, https:\/\/notinor.com\/jujuy\/wp-content\/uploads\/2023\/11\/cajero-automatico-500x280.jpg 500w, https:\/\/notinor.com\/jujuy\/wp-content\/uploads\/2023\/11\/cajero-automatico-768x432.jpg 768w, https:\/\/notinor.com\/jujuy\/wp-content\/uploads\/2023\/11\/cajero-automatico-750x422.jpg 750w\" sizes=\"(max-width: 800px) 100vw, 800px\" \/><\/figure><\/div>\n\n\n<p><\/p>\n\n\n\n<p><strong>El mismo se iniciar\u00e1 el martes 05 de diciembre<\/strong> con Polic\u00eda de la Provincia; Organismos Aut\u00e1rquicos; Servicio Penitenciario; Administraci\u00f3n Central; Ministerio de Salud y de Desarrollo Humano.<\/p>\n\n\n\n<p><strong>Continuar\u00e1 el mi\u00e9rcoles 06<\/strong> con Educaci\u00f3n Nivel Inicial y Primario; Educaci\u00f3n de Nivel Secundario y Superior.<\/p>\n\n\n\n<p><strong>Finalmente, el jueves 07<\/strong> percibir\u00e1n sus haberes el personal de Municipios; Organismos Descentralizados; Poder Judicial; Poder Legislativo, Tribunal de Cuentas y funcionarios.<\/p>\n\n\n\n<p><\/p>\n\n\n<div class=\"wp-block-image\">\n<figure class=\"aligncenter size-large\"><img decoding=\"async\" loading=\"lazy\" width=\"474\" height=\"480\" src=\"https:\/\/notinor.com\/jujuy\/wp-content\/uploads\/2023\/11\/cronograma-de-pagos-noviembre-2023-474x480.jpg\" alt=\"\" class=\"wp-image-397113\" srcset=\"https:\/\/notinor.com\/jujuy\/wp-content\/uploads\/2023\/11\/cronograma-de-pagos-noviembre-2023-474x480.jpg 474w, https:\/\/notinor.com\/jujuy\/wp-content\/uploads\/2023\/11\/cronograma-de-pagos-noviembre-2023-360x365.jpg 360w, https:\/\/notinor.com\/jujuy\/wp-content\/uploads\/2023\/11\/cronograma-de-pagos-noviembre-2023-75x75.jpg 75w, https:\/\/notinor.com\/jujuy\/wp-content\/uploads\/2023\/11\/cronograma-de-pagos-noviembre-2023.jpg 600w\" sizes=\"(max-width: 474px) 100vw, 474px\" \/><\/figure><\/div>","protected":false},"excerpt":{"rendered":"<p>Tesorer\u00eda de la Provincia dio a conocer el cronograma de pagos correspondiente al mes de noviembre de 2023 para el personal de la administraci\u00f3n p\u00fablica. El mismo se iniciar\u00e1 el martes 05 de diciembre con Polic\u00eda de la Provincia; Organismos Aut\u00e1rquicos; Servicio Penitenciario; Administraci\u00f3n Central; Ministerio de Salud y de Desarrollo Humano. Continuar\u00e1 el mi\u00e9rcoles [&hellip;]<\/p>\n","protected":false},"author":49,"featured_media":397112,"comment_status":"open","ping_status":"open","sticky":false,"template":"","format":"standard","meta":{"_stopmodifiedupdate":false,"_modified_date":"","inline_featured_image":false,"spay_email":"","jetpack_publicize_message":""},"categories":[2,514],"tags":[],"jetpack_featured_media_url":"https:\/\/notinor.com\/jujuy\/wp-content\/uploads\/2023\/11\/cajero-automatico.jpg","jetpack_publicize_connections":[],"_links":{"self":[{"href":"https:\/\/notinor.com\/jujuy\/wp-json\/wp\/v2\/posts\/397111"}],"collection":[{"href":"https:\/\/notinor.com\/jujuy\/wp-json\/wp\/v2\/posts"}],"about":[{"href":"https:\/\/notinor.com\/jujuy\/wp-json\/wp\/v2\/types\/post"}],"author":[{"embeddable":true,"href":"https:\/\/notinor.com\/jujuy\/wp-json\/wp\/v2\/users\/49"}],"replies":[{"embeddable":true,"href":"https:\/\/notinor.com\/jujuy\/wp-json\/wp\/v2\/comments?post=397111"}],"version-history":[{"count":1,"href":"https:\/\/notinor.com\/jujuy\/wp-json\/wp\/v2\/posts\/397111\/revisions"}],"predecessor-version":[{"id":397114,"href":"https:\/\/notinor.com\/jujuy\/wp-json\/wp\/v2\/posts\/397111\/revisions\/397114"}],"wp:featuredmedia":[{"embeddable":true,"href":"https:\/\/notinor.com\/jujuy\/wp-json\/wp\/v2\/media\/397112"}],"wp:attachment":[{"href":"https:\/\/notinor.com\/jujuy\/wp-json\/wp\/v2\/media?parent=397111"}],"wp:term":[{"taxonomy":"category","embeddable":true,"href":"https:\/\/notinor.com\/jujuy\/wp-json\/wp\/v2\/categories?post=397111"},{"taxonomy":"post_tag","embeddable":true,"href":"https:\/\/notinor.com\/jujuy\/wp-json\/wp\/v2\/tags?post=397111"}],"curies":[{"name":"wp","href":"https:\/\/api.w.org\/{rel}","templated":true}]}}