{"id":397033,"date":"2023-11-27T23:24:45","date_gmt":"2023-11-28T02:24:45","guid":{"rendered":"https:\/\/notinor.com\/jujuy\/?p=397033"},"modified":"2023-11-27T23:24:46","modified_gmt":"2023-11-28T02:24:46","slug":"aseguran-que-macri-intervino-en-la-liberacion-de-las-argentinas-secuestradas-por-hamas","status":"publish","type":"post","link":"https:\/\/notinor.com\/jujuy\/aseguran-que-macri-intervino-en-la-liberacion-de-las-argentinas-secuestradas-por-hamas\/","title":{"rendered":"Aseguran que Macri intervino en la liberaci\u00f3n de las argentinas secuestradas por Ham\u00e1s"},"content":{"rendered":"\n<p class=\"has-medium-font-size\"><strong><em>Una versi\u00f3n destaca que el ex presidente realiz\u00f3 gestiones con el emir de Qatar, pa\u00eds que oficia de mediador en el conflicto en Medio Oriente.<\/em><\/strong><\/p>\n\n\n\n<p><\/p>\n\n\n<div class=\"wp-block-image\">\n<figure class=\"aligncenter size-full\"><img decoding=\"async\" loading=\"lazy\" width=\"800\" height=\"450\" src=\"https:\/\/notinor.com\/jujuy\/wp-content\/uploads\/2023\/11\/Macri-Emir-Qatar.jpg\" alt=\"\" class=\"wp-image-397034\" srcset=\"https:\/\/notinor.com\/jujuy\/wp-content\/uploads\/2023\/11\/Macri-Emir-Qatar.jpg 800w, https:\/\/notinor.com\/jujuy\/wp-content\/uploads\/2023\/11\/Macri-Emir-Qatar-649x365.jpg 649w, https:\/\/notinor.com\/jujuy\/wp-content\/uploads\/2023\/11\/Macri-Emir-Qatar-500x280.jpg 500w, https:\/\/notinor.com\/jujuy\/wp-content\/uploads\/2023\/11\/Macri-Emir-Qatar-768x432.jpg 768w, https:\/\/notinor.com\/jujuy\/wp-content\/uploads\/2023\/11\/Macri-Emir-Qatar-750x422.jpg 750w\" sizes=\"(max-width: 800px) 100vw, 800px\" \/><\/figure><\/div>\n\n\n<p><\/p>\n\n\n\n<p><strong>El movimiento terrorista Ham\u00e1s liber\u00f3 este lunes en la Franja de Gaza a otros 11 rehenes secuestrados en su ataque a Israel del 7 de octubre, entre los que se encuentran seis mujeres y ni\u00f1as con nacionalidad argentina, <\/strong>mientras el pa\u00eds hebreo excarcel\u00f3 a 33 presos palestinos, en el \u00faltimo d\u00eda de la tregua que podr\u00eda extenderse por otras dos jornadas.<\/p>\n\n\n\n<p>Tras la confirmaci\u00f3n de la noticia, <strong>r\u00e1pidamente comenz\u00f3 a circular un rumor que destacaba la presunta intervenci\u00f3n del ex presidente Mauricio Macri con las autoridades de Qatar para conseguir la liberaci\u00f3n de las ciudadanas argentinas.<\/strong><\/p>\n\n\n\n<p><strong>\u201cMauricio Macri gestion\u00f3 con el Emir de Qatar la liberaci\u00f3n de los rehenes de Ham\u00e1s. Esto se mantuvo en secreto por pedido de \u00e9l hasta que se obtuvieran los resultados deseados\u201d,<\/strong> inform\u00f3 el periodista Gabriel Levinas en el programa \u201cUna vuelta m\u00e1s\u201d (TN).<\/p>\n\n\n\n<p>Hay que recordar que Qatar oficia de mediador en el conflicto en Medio Oriente y que Macri tiene un aceitado v\u00ednculo con Tamim bin Hamad Al Thani, poderoso emir de ese estado \u00e1rabe.<\/p>\n\n\n\n<p class=\"has-medium-font-size\"><strong>Qui\u00e9nes son los liberados<\/strong><\/p>\n\n\n\n<p><strong>\u201cLos liberados de las c\u00e1rceles israel\u00edes incluyen 30 menores y tres mujeres, mientras los israel\u00edes liberados de Gaza incluyen tres ciudadanos franceses, dos ciudadanos alemanes y seis ciudadanos argentinos\u201d,<\/strong> todos con doble nacionalidad, dijo el vocero de la canciller\u00eda de Qatar, Majed Al Ansari, en la red social X.<\/p>\n\n\n\n<p>En tanto, la Canciller\u00eda argentina inform\u00f3 que los ciudadanos argentinos liberados son:<\/p>\n\n\n\n<ul>\n<li>Karina Engelbert (51 a\u00f1os) y sus hijas Mika (18) y Yuval (11)<\/li>\n\n\n\n<li>Sharon Aloni Cunio (34), y sus mellizas de tres a\u00f1os, Ema y Yuly.<\/li>\n<\/ul>\n\n\n\n<p>Las liberaciones se produjeron en virtud del acuerdo alcanzado la semana pasada entre el grupo islamista palestino y el gobierno israel\u00ed, con la mediaci\u00f3n de Qatar, Estados Unidos y Egipto.<\/p>\n\n\n\n<p class=\"has-medium-font-size\"><strong>La celebraci\u00f3n del Gobierno nacional<\/strong><\/p>\n\n\n\n<p><strong>El presidente Alberto Fern\u00e1ndez celebr\u00f3 la liberaci\u00f3n de seis personas que hab\u00edan sido identificadas por el Gobierno argentino como rehenes en manos de Ham\u00e1s,<\/strong> luego de que el mandatario se comunicara con su par israel\u00ed, Isaac Herzog.<\/p>\n\n\n\n<p><strong>\u201cEste mediod\u00eda me comuniqu\u00e9 con el presidente de Israel, Isaac Herzog, previo a la liberaci\u00f3n de 6 personas que hab\u00edan sido identificadas por la Argentina como rehenes secuestrados por Ham\u00e1s\u201d,<\/strong> inform\u00f3 Fern\u00e1ndez en su cuenta de la red social X.<\/p>\n\n\n\n<p>\u201cCelebramos profundamente esta noticia\u201d, indic\u00f3 el jefe de Estado, y prosigui\u00f3 en un hilo de posteos: \u201cLa Canciller\u00eda Argentina y la AFI trabajan sin descanso para lograr la liberaci\u00f3n de todos los rehenes y siguen monitoreando la situaci\u00f3n para alcanzar dicho objetivo\u201d.<\/p>\n\n\n\n<p><strong>\u201cLos esfuerzos se suman a las conversaciones que mantengo permanentemente con mandatarios de Europa y Medio Oriente, y con familiares de las v\u00edctimas\u201d, <\/strong>aport\u00f3 Fern\u00e1ndez.<\/p>\n\n\n\n<p><strong>\u201cArgentina aboga por la incondicional e inmediata liberaci\u00f3n de todos los rehenes que todav\u00eda se encuentran en la Franja de Gaza\u201d, <\/strong>concluy\u00f3.<\/p>\n\n\n\n<p>En tal sentido, fuentes del Palacio San Mart\u00edn indicaron que las seis personas liberadas forman parte de la lista de ciudadanos que el canciller Santiago Cafiero entreg\u00f3 oportunamente a las autoridades de Qatar.<\/p>\n","protected":false},"excerpt":{"rendered":"<p>Una versi\u00f3n destaca que el ex presidente realiz\u00f3 gestiones con el emir de Qatar, pa\u00eds que oficia de mediador en el conflicto en Medio Oriente. El movimiento terrorista Ham\u00e1s liber\u00f3 este lunes en la Franja de Gaza a otros 11 rehenes secuestrados en su ataque a Israel del 7 de octubre, entre los que se [&hellip;]<\/p>\n","protected":false},"author":49,"featured_media":397034,"comment_status":"open","ping_status":"open","sticky":false,"template":"","format":"standard","meta":{"_stopmodifiedupdate":false,"_modified_date":"","inline_featured_image":false,"spay_email":"","jetpack_publicize_message":""},"categories":[2,501],"tags":[],"jetpack_featured_media_url":"https:\/\/notinor.com\/jujuy\/wp-content\/uploads\/2023\/11\/Macri-Emir-Qatar.jpg","jetpack_publicize_connections":[],"_links":{"self":[{"href":"https:\/\/notinor.com\/jujuy\/wp-json\/wp\/v2\/posts\/397033"}],"collection":[{"href":"https:\/\/notinor.com\/jujuy\/wp-json\/wp\/v2\/posts"}],"about":[{"href":"https:\/\/notinor.com\/jujuy\/wp-json\/wp\/v2\/types\/post"}],"author":[{"embeddable":true,"href":"https:\/\/notinor.com\/jujuy\/wp-json\/wp\/v2\/users\/49"}],"replies":[{"embeddable":true,"href":"https:\/\/notinor.com\/jujuy\/wp-json\/wp\/v2\/comments?post=397033"}],"version-history":[{"count":1,"href":"https:\/\/notinor.com\/jujuy\/wp-json\/wp\/v2\/posts\/397033\/revisions"}],"predecessor-version":[{"id":397035,"href":"https:\/\/notinor.com\/jujuy\/wp-json\/wp\/v2\/posts\/397033\/revisions\/397035"}],"wp:featuredmedia":[{"embeddable":true,"href":"https:\/\/notinor.com\/jujuy\/wp-json\/wp\/v2\/media\/397034"}],"wp:attachment":[{"href":"https:\/\/notinor.com\/jujuy\/wp-json\/wp\/v2\/media?parent=397033"}],"wp:term":[{"taxonomy":"category","embeddable":true,"href":"https:\/\/notinor.com\/jujuy\/wp-json\/wp\/v2\/categories?post=397033"},{"taxonomy":"post_tag","embeddable":true,"href":"https:\/\/notinor.com\/jujuy\/wp-json\/wp\/v2\/tags?post=397033"}],"curies":[{"name":"wp","href":"https:\/\/api.w.org\/{rel}","templated":true}]}}