{"id":397007,"date":"2023-11-28T05:55:00","date_gmt":"2023-11-28T08:55:00","guid":{"rendered":"https:\/\/notinor.com\/jujuy\/?p=397007"},"modified":"2023-11-27T18:12:12","modified_gmt":"2023-11-27T21:12:12","slug":"el-reino-unido-aseguro-que-no-tiene-intencion-de-devolver-los-marmoles-del-partenon","status":"publish","type":"post","link":"https:\/\/notinor.com\/jujuy\/el-reino-unido-aseguro-que-no-tiene-intencion-de-devolver-los-marmoles-del-partenon\/","title":{"rendered":"El Reino Unido asegur\u00f3 que no tiene intenci\u00f3n de devolver los m\u00e1rmoles del Parten\u00f3n"},"content":{"rendered":"\n<p class=\"has-medium-font-size\"><strong><em>As\u00ed lo adelant\u00f3 el primer ministro brit\u00e1nico Rishi Sunak, quien se reunir\u00e1 este martes con su par griego, Kyriakos Mitsotakis.<\/em><\/strong><\/p>\n\n\n<div class=\"wp-block-image\">\n<figure class=\"aligncenter size-large\"><img decoding=\"async\" loading=\"lazy\" width=\"840\" height=\"473\" src=\"https:\/\/notinor.com\/jujuy\/wp-content\/uploads\/2023\/11\/grecia-840x473.jpg\" alt=\"\" class=\"wp-image-397008\" srcset=\"https:\/\/notinor.com\/jujuy\/wp-content\/uploads\/2023\/11\/grecia-840x473.jpg 840w, https:\/\/notinor.com\/jujuy\/wp-content\/uploads\/2023\/11\/grecia-649x365.jpg 649w, https:\/\/notinor.com\/jujuy\/wp-content\/uploads\/2023\/11\/grecia-768x432.jpg 768w, https:\/\/notinor.com\/jujuy\/wp-content\/uploads\/2023\/11\/grecia-750x422.jpg 750w, https:\/\/notinor.com\/jujuy\/wp-content\/uploads\/2023\/11\/grecia-1140x641.jpg 1140w, https:\/\/notinor.com\/jujuy\/wp-content\/uploads\/2023\/11\/grecia.jpg 1200w\" sizes=\"(max-width: 840px) 100vw, 840px\" \/><figcaption class=\"wp-element-caption\">M\u00e1rmoles del parten\u00f3n<\/figcaption><\/figure><\/div>\n\n\n<p><strong>Aunque Grecia lleva d\u00e9cadas exigiendo la devoluci\u00f3n de los m\u00e1rmoles del Parten\u00f3n, el primer ministro brit\u00e1nico Rishi Sunak, que se reunir\u00e1 este martes con su hom\u00f3logo griego, Kyriakos Mitsotakis, sostuvo que el estado brit\u00e1nico \"no tiene intenci\u00f3n\" de facilitar la devoluci\u00f3n de estas piezas hist\u00f3ricas<\/strong>\", seg\u00fan afirm\u00f3 hoy un portavoz del l\u00edder conservador.<\/p>\n\n\n\n<p>La ciudad de Atenas, caracterizada por poseer sitios geogr\u00e1ficos del siglo V a. C., incluida la Acr\u00f3polis, una ciudadela sobre un monte con antiguos edificios y el templo del Parten\u00f3n con sus columnas, lleva a\u00f1os reclamando la devoluci\u00f3n de los frisos del Parten\u00f3n con el argumento de que fueron \"saqueados\" del pa\u00eds mientras estaba bajo ocupaci\u00f3n otomana.<\/p>\n\n\n\n<blockquote class=\"wp-block-quote\">\n<p>Londres sostiene que las esculturas fueron adquiridas legalmente en 1802 por el diplom\u00e1tico Lord Elgin, quien las vendi\u00f3 al Museo Brit\u00e1nico. <\/p>\n<\/blockquote>\n\n\n\n<p><strong>En ese sentido, el portavoz de Sunak afirm\u00f3 que el primer ministro ha sido \"consecuente\" en su posici\u00f3n, considerando que los m\u00e1rmoles del Parten\u00f3n son \"un activo importante\" para el Reino Unido, que ha \"salvaguardado\" este patrimonio \"durante generaciones\".<\/strong><\/p>\n\n\n\n<p>Pese a la negativa, el primer ministro heleno, Kyriakos Mitsotakis, afirm\u00f3 que el martes durante su reuni\u00f3n con Rishi Sunak en el marco de su visita de tres d\u00edas al Reino Unido presionar\u00eda para que los m\u00e1rmoles fueran devueltos.<\/p>\n","protected":false},"excerpt":{"rendered":"<p>As\u00ed lo adelant\u00f3 el primer ministro brit\u00e1nico Rishi Sunak, quien se reunir\u00e1 este martes con su par griego, Kyriakos Mitsotakis. Aunque Grecia lleva d\u00e9cadas exigiendo la devoluci\u00f3n de los m\u00e1rmoles del Parten\u00f3n, el primer ministro brit\u00e1nico Rishi Sunak, que se reunir\u00e1 este martes con su hom\u00f3logo griego, Kyriakos Mitsotakis, sostuvo que el estado brit\u00e1nico \"no [&hellip;]<\/p>\n","protected":false},"author":53,"featured_media":397008,"comment_status":"open","ping_status":"open","sticky":false,"template":"","format":"standard","meta":{"_stopmodifiedupdate":false,"_modified_date":"","inline_featured_image":false,"spay_email":"","jetpack_publicize_message":""},"categories":[17],"tags":[],"jetpack_featured_media_url":"https:\/\/notinor.com\/jujuy\/wp-content\/uploads\/2023\/11\/grecia.jpg","jetpack_publicize_connections":[],"_links":{"self":[{"href":"https:\/\/notinor.com\/jujuy\/wp-json\/wp\/v2\/posts\/397007"}],"collection":[{"href":"https:\/\/notinor.com\/jujuy\/wp-json\/wp\/v2\/posts"}],"about":[{"href":"https:\/\/notinor.com\/jujuy\/wp-json\/wp\/v2\/types\/post"}],"author":[{"embeddable":true,"href":"https:\/\/notinor.com\/jujuy\/wp-json\/wp\/v2\/users\/53"}],"replies":[{"embeddable":true,"href":"https:\/\/notinor.com\/jujuy\/wp-json\/wp\/v2\/comments?post=397007"}],"version-history":[{"count":1,"href":"https:\/\/notinor.com\/jujuy\/wp-json\/wp\/v2\/posts\/397007\/revisions"}],"predecessor-version":[{"id":397010,"href":"https:\/\/notinor.com\/jujuy\/wp-json\/wp\/v2\/posts\/397007\/revisions\/397010"}],"wp:featuredmedia":[{"embeddable":true,"href":"https:\/\/notinor.com\/jujuy\/wp-json\/wp\/v2\/media\/397008"}],"wp:attachment":[{"href":"https:\/\/notinor.com\/jujuy\/wp-json\/wp\/v2\/media?parent=397007"}],"wp:term":[{"taxonomy":"category","embeddable":true,"href":"https:\/\/notinor.com\/jujuy\/wp-json\/wp\/v2\/categories?post=397007"},{"taxonomy":"post_tag","embeddable":true,"href":"https:\/\/notinor.com\/jujuy\/wp-json\/wp\/v2\/tags?post=397007"}],"curies":[{"name":"wp","href":"https:\/\/api.w.org\/{rel}","templated":true}]}}