{"id":396777,"date":"2023-11-25T17:00:00","date_gmt":"2023-11-25T20:00:00","guid":{"rendered":"https:\/\/notinor.com\/jujuy\/?p=396777"},"modified":"2023-11-25T17:32:36","modified_gmt":"2023-11-25T20:32:36","slug":"el-tren-buenos-aires-a-cordoba-acorta-su-tiempo-de-viaje","status":"publish","type":"post","link":"https:\/\/notinor.com\/jujuy\/el-tren-buenos-aires-a-cordoba-acorta-su-tiempo-de-viaje\/","title":{"rendered":"El tren Buenos Aires a C\u00f3rdoba acorta su tiempo de viaje"},"content":{"rendered":"\n<p class=\"has-medium-font-size\"><strong><em>El recorrido actual demanda 21 horas debido a diversas precauciones de v\u00eda, pero a partir de diciembre el tiempo de viaje ser\u00e1 de 19:50 horas.<\/em><\/strong><\/p>\n\n\n<div class=\"wp-block-image\">\n<figure class=\"aligncenter size-large\"><img decoding=\"async\" loading=\"lazy\" width=\"840\" height=\"473\" src=\"https:\/\/notinor.com\/jujuy\/wp-content\/uploads\/2023\/11\/tren-840x473.jpg\" alt=\"\" class=\"wp-image-396778\" srcset=\"https:\/\/notinor.com\/jujuy\/wp-content\/uploads\/2023\/11\/tren-840x473.jpg 840w, https:\/\/notinor.com\/jujuy\/wp-content\/uploads\/2023\/11\/tren-649x365.jpg 649w, https:\/\/notinor.com\/jujuy\/wp-content\/uploads\/2023\/11\/tren-768x432.jpg 768w, https:\/\/notinor.com\/jujuy\/wp-content\/uploads\/2023\/11\/tren-750x422.jpg 750w, https:\/\/notinor.com\/jujuy\/wp-content\/uploads\/2023\/11\/tren-1140x641.jpg 1140w, https:\/\/notinor.com\/jujuy\/wp-content\/uploads\/2023\/11\/tren.jpg 1200w\" sizes=\"(max-width: 840px) 100vw, 840px\" \/><figcaption class=\"wp-element-caption\">Estaci\u00f3n Retiro<\/figcaption><\/figure><\/div>\n\n\n<p><strong>El servicio del Tren Cordob\u00e9s, que une Buenos Aires con la ciudad de C\u00f3rdoba, reducir\u00e1 a partir de diciembre m\u00e1s de una hora su tiempo de viaje, informaron fuentes de Trenes Argentinos.<\/strong><\/p>\n\n\n\n<p>Actualmente, el recorrido demanda 21 horas debido a diversas precauciones de v\u00eda, pero, a partir de algunos ajustes, el tiempo de viaje ser\u00e1 de 19:50 horas desde el 1 de diciembre.<\/p>\n\n\n\n<p><strong>Las formaciones seguir\u00e1n partiendo los mi\u00e9rcoles y domingos a las 11.30 desde la terminal porte\u00f1a de la l\u00ednea San Mart\u00edn y arribar\u00e1n a C\u00f3rdoba Mitre a las 7.20 del d\u00eda posterior.<\/strong> En cambio, de la ciudad mediterr\u00e1nea saldr\u00e1n 21.13 los lunes y viernes, llegando a Buenos Aires a las 16:40 del d\u00eda siguiente.<\/p>\n\n\n\n<blockquote class=\"wp-block-quote\">\n<p>Los pasajes cuestan 3.155 pesos en primera, 3.770 pesos en Pullman y 10.725 en camarote para dos personas.<\/p>\n<\/blockquote>\n\n\n\n<p><strong>El viernes 24, desde las 6, se comenzar\u00e1n a expender los tickets de los servicios que unen Buenos Aires con Rosario, C\u00f3rdoba y Tucum\u00e1n para diciembre, enero y febrero.<\/strong><\/p>\n\n\n\n<p>El servicio se detiene en las 15 estaciones del recorrido: Campana, Z\u00e1rate, Baradero, San Pedro, Ramallo, San Nicol\u00e1s, Rosario Sur, Rosario Norte, Correa, Ca\u00f1ada de G\u00f3mez, Armstrong (nueva parada), Marcos Ju\u00e1rez, Leones, Bell Ville y Villa Mar\u00eda.<\/p>\n\n\n\n<p>Por otro lado, <strong>la empresa que preside Mart\u00edn Marinucci, inform\u00f3 que ya est\u00e1 habilitada la venta de tickets en forma online para viajar en los servicios que unen C\u00f3rdoba capital con Capilla del Monte y con Villa Mar\u00eda hasta el 29 de febrero inclusive.<\/strong><\/p>\n","protected":false},"excerpt":{"rendered":"<p>El recorrido actual demanda 21 horas debido a diversas precauciones de v\u00eda, pero a partir de diciembre el tiempo de viaje ser\u00e1 de 19:50 horas. El servicio del Tren Cordob\u00e9s, que une Buenos Aires con la ciudad de C\u00f3rdoba, reducir\u00e1 a partir de diciembre m\u00e1s de una hora su tiempo de viaje, informaron fuentes de [&hellip;]<\/p>\n","protected":false},"author":53,"featured_media":396778,"comment_status":"open","ping_status":"open","sticky":false,"template":"","format":"standard","meta":{"_stopmodifiedupdate":false,"_modified_date":"","inline_featured_image":false,"spay_email":"","jetpack_publicize_message":""},"categories":[5],"tags":[573,3199],"jetpack_featured_media_url":"https:\/\/notinor.com\/jujuy\/wp-content\/uploads\/2023\/11\/tren.jpg","jetpack_publicize_connections":[],"_links":{"self":[{"href":"https:\/\/notinor.com\/jujuy\/wp-json\/wp\/v2\/posts\/396777"}],"collection":[{"href":"https:\/\/notinor.com\/jujuy\/wp-json\/wp\/v2\/posts"}],"about":[{"href":"https:\/\/notinor.com\/jujuy\/wp-json\/wp\/v2\/types\/post"}],"author":[{"embeddable":true,"href":"https:\/\/notinor.com\/jujuy\/wp-json\/wp\/v2\/users\/53"}],"replies":[{"embeddable":true,"href":"https:\/\/notinor.com\/jujuy\/wp-json\/wp\/v2\/comments?post=396777"}],"version-history":[{"count":1,"href":"https:\/\/notinor.com\/jujuy\/wp-json\/wp\/v2\/posts\/396777\/revisions"}],"predecessor-version":[{"id":396779,"href":"https:\/\/notinor.com\/jujuy\/wp-json\/wp\/v2\/posts\/396777\/revisions\/396779"}],"wp:featuredmedia":[{"embeddable":true,"href":"https:\/\/notinor.com\/jujuy\/wp-json\/wp\/v2\/media\/396778"}],"wp:attachment":[{"href":"https:\/\/notinor.com\/jujuy\/wp-json\/wp\/v2\/media?parent=396777"}],"wp:term":[{"taxonomy":"category","embeddable":true,"href":"https:\/\/notinor.com\/jujuy\/wp-json\/wp\/v2\/categories?post=396777"},{"taxonomy":"post_tag","embeddable":true,"href":"https:\/\/notinor.com\/jujuy\/wp-json\/wp\/v2\/tags?post=396777"}],"curies":[{"name":"wp","href":"https:\/\/api.w.org\/{rel}","templated":true}]}}