{"id":395949,"date":"2023-11-14T10:09:15","date_gmt":"2023-11-14T13:09:15","guid":{"rendered":"https:\/\/notinor.com\/jujuy\/?p=395949"},"modified":"2023-11-14T10:09:16","modified_gmt":"2023-11-14T13:09:16","slug":"el-apoyo-a-sergio-massa-agrando-la-grieta-en-el-conicet","status":"publish","type":"post","link":"https:\/\/notinor.com\/jujuy\/el-apoyo-a-sergio-massa-agrando-la-grieta-en-el-conicet\/","title":{"rendered":"El apoyo a Sergio Massa agrand\u00f3 la grieta en el Conicet"},"content":{"rendered":"\n<p class=\"has-medium-font-size\"><strong><em>Los directores del organismo cient\u00edtico publicaron una solicitada avalando la candidatura presidencial del ministro de Econom\u00eda. Pero otros 150 investigadores repudiaron ese documento.<\/em><\/strong><\/p>\n\n\n<div class=\"wp-block-image\">\n<figure class=\"aligncenter size-full\"><img decoding=\"async\" loading=\"lazy\" width=\"771\" height=\"453\" src=\"https:\/\/notinor.com\/jujuy\/wp-content\/uploads\/2023\/11\/CONICET.jpg\" alt=\"\" class=\"wp-image-395951\" srcset=\"https:\/\/notinor.com\/jujuy\/wp-content\/uploads\/2023\/11\/CONICET.jpg 771w, https:\/\/notinor.com\/jujuy\/wp-content\/uploads\/2023\/11\/CONICET-621x365.jpg 621w, https:\/\/notinor.com\/jujuy\/wp-content\/uploads\/2023\/11\/CONICET-768x451.jpg 768w, https:\/\/notinor.com\/jujuy\/wp-content\/uploads\/2023\/11\/CONICET-750x441.jpg 750w\" sizes=\"(max-width: 771px) 100vw, 771px\" \/><\/figure><\/div>\n\n\n<p class=\"has-medium-font-size\">Los directores de los 16 centros cient\u00edfico-tecnol\u00f3gicos del Conicet emitieron el fin de semana una declaraci\u00f3n conjunta con fuertes cr\u00edticas a <strong>Javier Milei<\/strong>, en la cual expresaron su \u201c<strong>preocupaci\u00f3n por el futuro<\/strong>\u201d, advirtieron que \u201c<strong>no es anulando el Estado que se lograr\u00e1 un mejor pa\u00eds<\/strong>\u201d y se pronunciaron en favor de \u201c<strong>Sergio Tom\u00e1s Massa como presidente de la Naci\u00f3n<\/strong>\u201d.<\/p>\n\n\n\n<p>El documento publicado en el sitio oficial del Conicet gener\u00f3 un <strong>gran ruido interno<\/strong> en el organismo y llev\u00f3 a que m\u00e1s de<strong> 150 cient\u00edficos<\/strong> firmaron otra solicitada.<\/p>\n\n\n\n<p>\u201c<strong>La progresiva politizaci\u00f3n del Conicet lleva d\u00e9cadas<\/strong>. Pero la decisi\u00f3n de un reducido grupo de \u2018autoridades\u2019 de fijar una posici\u00f3n oficial a favor de un candidato<strong> es un acto sin precedentes que revela una mentalidad autoritaria y profundamente antipluralista<\/strong>\u201d, afirma el texto rubricado por un grupo de cient\u00edficos disidentes, integrado por investigadores de carrera, becarios y acad\u00e9micos de todo el pa\u00eds y del exterior.<\/p>\n\n\n\n<p>Y agrega que \u201cel Conicet es una instituci\u00f3n diversa, cuyos investigadores suscriben posiciones ideol\u00f3gicas, pol\u00edticas y partidarias muy variadas y ninguna autoridad tiene derecho a cancelarlas ni invisibilizarlas pretendiendo instalar un falso clima de unanimidad\u201d.<\/p>\n\n\n\n<p>\u201cNos vemos en la necesidad de aclarar a la sociedad que <strong>este comunicado -el publicado en el sitio oficial- no nos representa<\/strong>. Insistimos tambi\u00e9n en que son precisamente estas actitudes las que m\u00e1s da\u00f1an el prestigio del Conicet, abonando la tesis que los investigadores no trabajamos para desarrollar la ciencia sino para defender intereses corporativos, ideol\u00f3gicos o partidarios\u201d, insisten.<\/p>\n","protected":false},"excerpt":{"rendered":"<p>Los directores del organismo cient\u00edtico publicaron una solicitada avalando la candidatura presidencial del ministro de Econom\u00eda. Pero otros 150 investigadores repudiaron ese documento. Los directores de los 16 centros cient\u00edfico-tecnol\u00f3gicos del Conicet emitieron el fin de semana una declaraci\u00f3n conjunta con fuertes cr\u00edticas a Javier Milei, en la cual expresaron su \u201cpreocupaci\u00f3n por el futuro\u201d, [&hellip;]<\/p>\n","protected":false},"author":5,"featured_media":395951,"comment_status":"open","ping_status":"open","sticky":false,"template":"","format":"standard","meta":{"_stopmodifiedupdate":false,"_modified_date":"","inline_featured_image":false,"spay_email":"","jetpack_publicize_message":""},"categories":[5],"tags":[],"jetpack_featured_media_url":"https:\/\/notinor.com\/jujuy\/wp-content\/uploads\/2023\/11\/CONICET.jpg","jetpack_publicize_connections":[],"_links":{"self":[{"href":"https:\/\/notinor.com\/jujuy\/wp-json\/wp\/v2\/posts\/395949"}],"collection":[{"href":"https:\/\/notinor.com\/jujuy\/wp-json\/wp\/v2\/posts"}],"about":[{"href":"https:\/\/notinor.com\/jujuy\/wp-json\/wp\/v2\/types\/post"}],"author":[{"embeddable":true,"href":"https:\/\/notinor.com\/jujuy\/wp-json\/wp\/v2\/users\/5"}],"replies":[{"embeddable":true,"href":"https:\/\/notinor.com\/jujuy\/wp-json\/wp\/v2\/comments?post=395949"}],"version-history":[{"count":1,"href":"https:\/\/notinor.com\/jujuy\/wp-json\/wp\/v2\/posts\/395949\/revisions"}],"predecessor-version":[{"id":395952,"href":"https:\/\/notinor.com\/jujuy\/wp-json\/wp\/v2\/posts\/395949\/revisions\/395952"}],"wp:featuredmedia":[{"embeddable":true,"href":"https:\/\/notinor.com\/jujuy\/wp-json\/wp\/v2\/media\/395951"}],"wp:attachment":[{"href":"https:\/\/notinor.com\/jujuy\/wp-json\/wp\/v2\/media?parent=395949"}],"wp:term":[{"taxonomy":"category","embeddable":true,"href":"https:\/\/notinor.com\/jujuy\/wp-json\/wp\/v2\/categories?post=395949"},{"taxonomy":"post_tag","embeddable":true,"href":"https:\/\/notinor.com\/jujuy\/wp-json\/wp\/v2\/tags?post=395949"}],"curies":[{"name":"wp","href":"https:\/\/api.w.org\/{rel}","templated":true}]}}