{"id":395407,"date":"2023-11-09T09:20:00","date_gmt":"2023-11-09T12:20:00","guid":{"rendered":"https:\/\/notinor.com\/jujuy\/?p=395407"},"modified":"2023-11-08T20:10:48","modified_gmt":"2023-11-08T23:10:48","slug":"tras-pelea-a-la-salida-de-un-boliche-joven-queda-con-muerte-cerebral","status":"publish","type":"post","link":"https:\/\/notinor.com\/jujuy\/tras-pelea-a-la-salida-de-un-boliche-joven-queda-con-muerte-cerebral\/","title":{"rendered":"Tras pelea a la salida de un boliche joven queda con muerte cerebral"},"content":{"rendered":"\n<p class=\"has-medium-font-size\"><strong><em>El enfrentamiento entre dos grupos comenz\u00f3 por un incidente dentro del local bailable Cyrux y la intervenci\u00f3n de se traslad\u00f3 hacia la plaza Ej\u00e9rcito de Los Andes de la localidad, donde Lautaro Alvarado, de 19 a\u00f1os, recibi\u00f3 reiterados golpes en la cabeza. Hay un agresor que ya fue identificado y se encuentra pr\u00f3fugo.<\/em><\/strong><\/p>\n\n\n<div class=\"wp-block-image\">\n<figure class=\"aligncenter size-large\"><img decoding=\"async\" loading=\"lazy\" width=\"840\" height=\"473\" src=\"https:\/\/notinor.com\/jujuy\/wp-content\/uploads\/2023\/11\/654bf3b3da2e9_1200-840x473.jpg\" alt=\"\" class=\"wp-image-395408\" srcset=\"https:\/\/notinor.com\/jujuy\/wp-content\/uploads\/2023\/11\/654bf3b3da2e9_1200-840x473.jpg 840w, https:\/\/notinor.com\/jujuy\/wp-content\/uploads\/2023\/11\/654bf3b3da2e9_1200-649x365.jpg 649w, https:\/\/notinor.com\/jujuy\/wp-content\/uploads\/2023\/11\/654bf3b3da2e9_1200-768x432.jpg 768w, https:\/\/notinor.com\/jujuy\/wp-content\/uploads\/2023\/11\/654bf3b3da2e9_1200-750x422.jpg 750w, https:\/\/notinor.com\/jujuy\/wp-content\/uploads\/2023\/11\/654bf3b3da2e9_1200-1140x641.jpg 1140w, https:\/\/notinor.com\/jujuy\/wp-content\/uploads\/2023\/11\/654bf3b3da2e9_1200.jpg 1200w\" sizes=\"(max-width: 840px) 100vw, 840px\" \/><figcaption class=\"wp-element-caption\">Lautaro Alvarado<\/figcaption><\/figure><\/div>\n\n\n<p>Un joven de 19 a\u00f1os fue atacado a golpes y qued\u00f3 con muerte cerebral luego de una pelea que comenz\u00f3 dentro de un boliche de la localidad bonaerense de Gregorio de Laferrere, en La Matanza, y continu\u00f3 en una plaza situada a una cuadra, informaron este mi\u00e9rcoles fuentes policiales y judiciales.<\/p>\n\n\n\n<p><strong>\"Me lo mataron, creo que es la tercera o cuarta vez que sal\u00eda a bailar, no m\u00e1s que eso. Me lo mataron igual, la ambulancia no ven\u00eda, un patrullero no lo quer\u00eda llevar\", dijo Diego, padre de la v\u00edctima, en declaraciones formuladas esta ma\u00f1ana. <\/strong><\/p>\n\n\n\n<p>Mientras que los investigadores lograron identificar a uno de los agresores tras analizar las c\u00e1maras de seguridad del ingreso al boliche y de comercios cercanos y ya se emiti\u00f3 una orden de captura y se intenta establecer la identidad de un segundo sospechoso.<\/p>\n\n\n\n<blockquote class=\"wp-block-quote\">\n<p>El hecho comenz\u00f3 la madrugada del pasado domingo en el interior del boliche \"Cyrux\", situado en avenida Luro y Pedro Obligado, de Laferrere, adonde Lautaro Diego Emanuel Alvarado hab\u00eda concurrido con amigos.<\/p>\n<\/blockquote>\n\n\n\n<p><strong>De acuerdo a lo establecido hasta el momento, en el local bailable se gener\u00f3 una pelea entre el grupo en el que estaba Lautaro y otros j\u00f3venes, que se traslad\u00f3 a una plaza ubicada a cien metros. <\/strong>En un momento de la pelea que involucraba a varios j\u00f3venes, Lautaro cay\u00f3 al piso, donde recibi\u00f3 fuertes golpes en la cabeza hasta quedar inconsciente.<\/p>\n","protected":false},"excerpt":{"rendered":"<p>El enfrentamiento entre dos grupos comenz\u00f3 por un incidente dentro del local bailable Cyrux y la intervenci\u00f3n de se traslad\u00f3 hacia la plaza Ej\u00e9rcito de Los Andes de la localidad, donde Lautaro Alvarado, de 19 a\u00f1os, recibi\u00f3 reiterados golpes en la cabeza. Hay un agresor que ya fue identificado y se encuentra pr\u00f3fugo. Un joven [&hellip;]<\/p>\n","protected":false},"author":53,"featured_media":395408,"comment_status":"open","ping_status":"open","sticky":false,"template":"","format":"standard","meta":{"_stopmodifiedupdate":false,"_modified_date":"","inline_featured_image":false,"spay_email":"","jetpack_publicize_message":""},"categories":[3],"tags":[3117,3119,3116,1514,3118],"jetpack_featured_media_url":"https:\/\/notinor.com\/jujuy\/wp-content\/uploads\/2023\/11\/654bf3b3da2e9_1200.jpg","jetpack_publicize_connections":[],"_links":{"self":[{"href":"https:\/\/notinor.com\/jujuy\/wp-json\/wp\/v2\/posts\/395407"}],"collection":[{"href":"https:\/\/notinor.com\/jujuy\/wp-json\/wp\/v2\/posts"}],"about":[{"href":"https:\/\/notinor.com\/jujuy\/wp-json\/wp\/v2\/types\/post"}],"author":[{"embeddable":true,"href":"https:\/\/notinor.com\/jujuy\/wp-json\/wp\/v2\/users\/53"}],"replies":[{"embeddable":true,"href":"https:\/\/notinor.com\/jujuy\/wp-json\/wp\/v2\/comments?post=395407"}],"version-history":[{"count":1,"href":"https:\/\/notinor.com\/jujuy\/wp-json\/wp\/v2\/posts\/395407\/revisions"}],"predecessor-version":[{"id":395409,"href":"https:\/\/notinor.com\/jujuy\/wp-json\/wp\/v2\/posts\/395407\/revisions\/395409"}],"wp:featuredmedia":[{"embeddable":true,"href":"https:\/\/notinor.com\/jujuy\/wp-json\/wp\/v2\/media\/395408"}],"wp:attachment":[{"href":"https:\/\/notinor.com\/jujuy\/wp-json\/wp\/v2\/media?parent=395407"}],"wp:term":[{"taxonomy":"category","embeddable":true,"href":"https:\/\/notinor.com\/jujuy\/wp-json\/wp\/v2\/categories?post=395407"},{"taxonomy":"post_tag","embeddable":true,"href":"https:\/\/notinor.com\/jujuy\/wp-json\/wp\/v2\/tags?post=395407"}],"curies":[{"name":"wp","href":"https:\/\/api.w.org\/{rel}","templated":true}]}}